{"id":10459,"date":"2025-03-18T18:47:09","date_gmt":"2025-03-18T17:47:09","guid":{"rendered":"https:\/\/www.kommunikationsraum.at\/?p=10459"},"modified":"2025-03-21T12:37:14","modified_gmt":"2025-03-21T11:37:14","slug":"der-gesang-der-sirenen","status":"publish","type":"post","link":"https:\/\/www.kommunikationsraum.at\/en\/blog\/2025\/03\/der-gesang-der-sirenen\/","title":{"rendered":"Der Gesang der Sirenen"},"content":{"rendered":"\t\t<div data-elementor-type=\"wp-post\" data-elementor-id=\"10459\" class=\"elementor elementor-10459\">\n\t\t\t\t\t\t<div class=\"elementor-inner\">\n\t\t\t\t<div class=\"elementor-section-wrap\">\n\t\t\t\t\t\t\t\t\t<section class=\"elementor-section elementor-top-section elementor-element elementor-element-3ceae1c elementor-section-full_width elementor-section-height-default elementor-section-height-default\" data-id=\"3ceae1c\" data-element_type=\"section\">\n\t\t\t\t\t\t<div class=\"elementor-container elementor-column-gap-no\">\n\t\t\t\t\t\t\t<div class=\"elementor-row\">\n\t\t\t\t\t<aside class=\"elementor-column elementor-col-33 elementor-top-column elementor-element elementor-element-43cb067\" data-id=\"43cb067\" data-element_type=\"column\">\n\t\t\t<div class=\"elementor-column-wrap elementor-element-populated\">\n\t\t\t\t\t\t\t<div class=\"elementor-widget-wrap\">\n\t\t\t\t\t\t<div class=\"elementor-element elementor-element-72a3c21 elementor-hidden-desktop elementor-hidden-tablet elementor-widget elementor-widget-image\" data-id=\"72a3c21\" data-element_type=\"widget\" data-widget_type=\"image.default\">\n\t\t\t\t<div class=\"elementor-widget-container\">\n\t\t\t\t\t\t\t\t<div class=\"elementor-image\">\n\t\t\t\t\t\t\t\t\t\t\t\t\t<a href=\"https:\/\/www.kommunikationsraum.at\/blog\/\">\n\t\t\t\t\t\t\t<img loading=\"lazy\" decoding=\"async\" width=\"800\" height=\"600\" src=\"https:\/\/www.kommunikationsraum.at\/wp-content\/uploads\/2021\/03\/journal-800x600-1.png\" class=\"attachment-full size-full wp-image-2843\" alt=\"\" srcset=\"https:\/\/www.kommunikationsraum.at\/wp-content\/uploads\/2021\/03\/journal-800x600-1.png 800w, https:\/\/www.kommunikationsraum.at\/wp-content\/uploads\/2021\/03\/journal-800x600-1-300x225.png 300w, https:\/\/www.kommunikationsraum.at\/wp-content\/uploads\/2021\/03\/journal-800x600-1-768x576.png 768w\" sizes=\"auto, (max-width: 800px) 100vw, 800px\" \/>\t\t\t\t\t\t\t\t<\/a>\n\t\t\t\t\t\t\t\t\t\t\t\t\t\t<\/div>\n\t\t\t\t\t\t<\/div>\n\t\t\t\t<\/div>\n\t\t\t\t<div class=\"elementor-element elementor-element-acf63b3 elementor-widget elementor-widget-image\" data-id=\"acf63b3\" data-element_type=\"widget\" data-widget_type=\"image.default\">\n\t\t\t\t<div class=\"elementor-widget-container\">\n\t\t\t\t\t\t\t\t<div class=\"elementor-image\">\n\t\t\t\t\t\t\t\t\t\t\t\t<img loading=\"lazy\" decoding=\"async\" width=\"800\" height=\"600\" src=\"https:\/\/www.kommunikationsraum.at\/wp-content\/uploads\/2025\/03\/Sirenen_800x600.jpg\" class=\"attachment-full size-full wp-image-10464\" alt=\"\" srcset=\"https:\/\/www.kommunikationsraum.at\/wp-content\/uploads\/2025\/03\/Sirenen_800x600.jpg 800w, https:\/\/www.kommunikationsraum.at\/wp-content\/uploads\/2025\/03\/Sirenen_800x600-300x225.jpg 300w, https:\/\/www.kommunikationsraum.at\/wp-content\/uploads\/2025\/03\/Sirenen_800x600-768x576.jpg 768w\" sizes=\"auto, (max-width: 800px) 100vw, 800px\" \/>\t\t\t\t\t\t\t\t\t\t\t\t\t\t<\/div>\n\t\t\t\t\t\t<\/div>\n\t\t\t\t<\/div>\n\t\t\t\t\t\t<\/div>\n\t\t\t\t\t<\/div>\n\t\t<\/aside>\n\t\t\t\t<article class=\"elementor-column elementor-col-33 elementor-top-column elementor-element elementor-element-aa3524e\" data-id=\"aa3524e\" data-element_type=\"column\">\n\t\t\t<div class=\"elementor-column-wrap elementor-element-populated\">\n\t\t\t\t\t\t\t<div class=\"elementor-widget-wrap\">\n\t\t\t\t\t\t<div class=\"elementor-element elementor-element-84368b0 subpage elementor-widget elementor-widget-text-editor\" data-id=\"84368b0\" data-element_type=\"widget\" data-widget_type=\"text-editor.default\">\n\t\t\t\t<div class=\"elementor-widget-container\">\n\t\t\t\t\t\t\t\t<div class=\"elementor-text-editor elementor-clearfix\">\n\t\t\t\t<h3><strong>Der Gesang der Sirenen<\/strong><\/h3>\t\t\t\t\t<\/div>\n\t\t\t\t\t\t<\/div>\n\t\t\t\t<\/div>\n\t\t\t\t<div class=\"elementor-element elementor-element-3e6df52 subpage elementor-widget elementor-widget-text-editor\" data-id=\"3e6df52\" data-element_type=\"widget\" data-widget_type=\"text-editor.default\">\n\t\t\t\t<div class=\"elementor-widget-container\">\n\t\t\t\t\t\t\t\t<div class=\"elementor-text-editor elementor-clearfix\">\n\t\t\t\t<h4>Wegh\u00f6ren ist keine L\u00f6sung. Zuh\u00f6ren stellt Bedingungen!<\/h4>\t\t\t\t\t<\/div>\n\t\t\t\t\t\t<\/div>\n\t\t\t\t<\/div>\n\t\t\t\t<div class=\"elementor-element elementor-element-eddc7f8 elementor-widget elementor-widget-text-editor\" data-id=\"eddc7f8\" data-element_type=\"widget\" data-widget_type=\"text-editor.default\">\n\t\t\t\t<div class=\"elementor-widget-container\">\n\t\t\t\t\t\t\t\t<div class=\"elementor-text-editor elementor-clearfix\">\n\t\t\t\t<p><a href=\"https:\/\/www.kommunikationsraum.at\/real-world\/team\/\" target=\"_blank\" rel=\"noreferrer noopener\">Bettina Pepek<\/a><\/p>\t\t\t\t\t<\/div>\n\t\t\t\t\t\t<\/div>\n\t\t\t\t<\/div>\n\t\t\t\t<div class=\"elementor-element elementor-element-6f9b9de elementor-widget elementor-widget-text-editor\" data-id=\"6f9b9de\" data-element_type=\"widget\" data-widget_type=\"text-editor.default\">\n\t\t\t\t<div class=\"elementor-widget-container\">\n\t\t\t\t\t\t\t\t<div class=\"elementor-text-editor elementor-clearfix\">\n\t\t\t\t<p><strong>Ich mag es gleich zu Beginn eines Workshops oder Trainings die Teilnehmer*innen nach aus ihrer Sicht wirksamen Kommunikator*innen zu fragen: Wer \u00fcberzeugt Sie? Was erregt deine Aufmerksamkeit? Wem h\u00f6ren Sie zu? Dieser Einstieg erm\u00f6glicht einen guten Blick auf Vorbilder, Wahrnehmungen und individuelle \u201eWirklichkeiten\u201c von anschlussf\u00e4higer Kommunikation.<\/strong><\/p>\t\t\t\t\t<\/div>\n\t\t\t\t\t\t<\/div>\n\t\t\t\t<\/div>\n\t\t\t\t<div class=\"elementor-element elementor-element-b25c450 elementor-widget elementor-widget-text-editor\" data-id=\"b25c450\" data-element_type=\"widget\" data-widget_type=\"text-editor.default\">\n\t\t\t\t<div class=\"elementor-widget-container\">\n\t\t\t\t\t\t\t\t<div class=\"elementor-text-editor elementor-clearfix\">\n\t\t\t\t<p>Die Namen, die hier fallen, wiederholen sich regelm\u00e4\u00dfig \u2013 vorwiegend m\u00e4nnlich, vorwiegend aus Medien und Politik. Sehr selten nur werden Frauen genannt \u2013 unabh\u00e4ngig von der Geschlechterverteilung im Raum. Sehr oft wird (nicht erst in den vergangenen Monaten) vor allem ein Name genannt: Donald Trump.<\/p>\t\t\t\t\t<\/div>\n\t\t\t\t\t\t<\/div>\n\t\t\t\t<\/div>\n\t\t\t\t<div class=\"elementor-element elementor-element-8551acb elementor-widget elementor-widget-text-editor\" data-id=\"8551acb\" data-element_type=\"widget\" data-widget_type=\"text-editor.default\">\n\t\t\t\t<div class=\"elementor-widget-container\">\n\t\t\t\t\t\t\t\t<div class=\"elementor-text-editor elementor-clearfix\">\n\t\t\t\t<p>Der amerikanische Pr\u00e4sident als Synonym f\u00fcr \u201e<em>Redet wie ihm der Schnabel gewachsen ist<\/em>\u201c, \u201e<em>Greift auf, was die Leute bewegt<\/em>\u201c, \u201e<em>Kann jedem Sch\u2026 sagen, wird trotzdem wiedergegeben<\/em>\u201c (\u2026). Wie geht das? Wie kommt\u2019s, dass jemand sich in diesem Ausma\u00df Geh\u00f6r und Aufmerksamkeit verschaffen kann? Auch und gerade mit Themen, die vor allem Europa nicht gerne h\u00f6rt und solchen, die nachweislich oft schlichtweg falsch sind?<\/p>\t\t\t\t\t<\/div>\n\t\t\t\t\t\t<\/div>\n\t\t\t\t<\/div>\n\t\t\t\t<div class=\"elementor-element elementor-element-8d701e2 elementor-widget elementor-widget-text-editor\" data-id=\"8d701e2\" data-element_type=\"widget\" data-widget_type=\"text-editor.default\">\n\t\t\t\t<div class=\"elementor-widget-container\">\n\t\t\t\t\t\t\t\t<div class=\"elementor-text-editor elementor-clearfix\">\n\t\t\t\t<p>Auftritt <a href=\"https:\/\/doriskearnsgoodwin.com\/\" target=\"_blank\" rel=\"noopener\">Doris Kearns Goodwin<\/a>, Pulitzerpreis-Tr\u00e4gerin und die wohl profundeste Kennerin amerikanischer Pr\u00e4sidenten-Biografien. In einem <a href=\"https:\/\/www.ft.com\/content\/2003b748-e76a-486c-bdbb-2c9a4c212db0\" target=\"_blank\" rel=\"noopener\">Interview mit der Financial Times<\/a> unterstreicht sie, dass \u201ethe leader who masters his day\u2019s medium wins\u201c. Derjenige also, der das Medium seiner Zeit beherrscht, gewinnt. Abraham Lincoln\u2019s Reden wurden in den Tageszeitungen gedruckt, Roosevelt nutzte das Radio zur Verbreitung seiner Botschaften und Kennedy, wie auch Reagan waren die Meister der Television. Dann kamen die Sozialen Medien und Donald Trump beherrscht sie \u2013 mittlerweile auch mit Hilfe der Big Tech Guys &#8211; meisterlich.<\/p>\t\t\t\t\t<\/div>\n\t\t\t\t\t\t<\/div>\n\t\t\t\t<\/div>\n\t\t\t\t<div class=\"elementor-element elementor-element-9b4afe6 elementor-widget elementor-widget-text-editor\" data-id=\"9b4afe6\" data-element_type=\"widget\" data-widget_type=\"text-editor.default\">\n\t\t\t\t<div class=\"elementor-widget-container\">\n\t\t\t\t\t\t\t\t<div class=\"elementor-text-editor elementor-clearfix\">\n\t\t\t\t<p>Es ist das Zeitalter der Attention-Economy, der Aufmerksamkeits\u00f6konomie. Kein Tag, an dem wir hier in Europa nicht aufwachen, und uns denken: Welches Dekret wird heute unterschrieben? Welches Telefonat heute gef\u00fchrt? Oder wie es der deutsche Bundespr\u00e4sident <a href=\"https:\/\/www.3sat.de\/kultur\/kulturzeit\/die-muenchner-sicherheitskonferenz-und-die-usa-sendung-vom-14-02-2025-100.html\" target=\"_blank\" rel=\"noopener\">Frank Walter Steinmeier auf der M\u00fcnchner Sicherheitskonferenz<\/a> vor wenigen Tagen sagte: \u201eSeit dem 20. Januar starren alle gespannt aufs Wei\u00dfe Haus und jeder fragt sich schon zu den Fr\u00fchnachrichten: Was kommt als N\u00e4chstes oder wer ist als N\u00e4chster dran?\u201c<\/p>\t\t\t\t\t<\/div>\n\t\t\t\t\t\t<\/div>\n\t\t\t\t<\/div>\n\t\t\t\t<div class=\"elementor-element elementor-element-ed3518a elementor-widget elementor-widget-text-editor\" data-id=\"ed3518a\" data-element_type=\"widget\" data-widget_type=\"text-editor.default\">\n\t\t\t\t<div class=\"elementor-widget-container\">\n\t\t\t\t\t\t\t\t<div class=\"elementor-text-editor elementor-clearfix\">\n\t\t\t\t<p><strong>Mehr wegh\u00f6ren als zuh\u00f6ren?<\/strong><\/p>\t\t\t\t\t<\/div>\n\t\t\t\t\t\t<\/div>\n\t\t\t\t<\/div>\n\t\t\t\t<div class=\"elementor-element elementor-element-1ee1033 elementor-widget elementor-widget-text-editor\" data-id=\"1ee1033\" data-element_type=\"widget\" data-widget_type=\"text-editor.default\">\n\t\t\t\t<div class=\"elementor-widget-container\">\n\t\t\t\t\t\t\t\t<div class=\"elementor-text-editor elementor-clearfix\">\n\t\t\t\t<p>Die modernen Sirenen heulen also nicht im Mittelmeer, sie versuchen uns u.a. aus Washington zu erreichen. Odysseus band sich an den Schiffsmasten und entging so dem sicheren Abgrund. Wie aber gelingt es uns dem \u201egro\u00dfen Rauschen\u201c und der \u201eSpektakelpolarisierung\u201c wirksam etwas entgegenzusetzen?<\/p>\t\t\t\t\t<\/div>\n\t\t\t\t\t\t<\/div>\n\t\t\t\t<\/div>\n\t\t\t\t<div class=\"elementor-element elementor-element-a10dacc elementor-widget elementor-widget-text-editor\" data-id=\"a10dacc\" data-element_type=\"widget\" data-widget_type=\"text-editor.default\">\n\t\t\t\t<div class=\"elementor-widget-container\">\n\t\t\t\t\t\t\t\t<div class=\"elementor-text-editor elementor-clearfix\">\n\t\t\t\t<p>Der deutsche Wissenschaftler <a href=\"https:\/\/www.handelsblatt.com\/politik\/deutschland\/wahlkampf-das-ist-die-wirklichkeitswerdung-eines-merkwuerdigen-horrors-01\/100103056.html\" target=\"_blank\" rel=\"noopener\">Bernhard P\u00f6rksen<\/a> bedient diese beiden Begriffe in seiner Analyse des laufenden deutschen Wahlkampfes. Es ginge nicht mehr um eine sinnvolle Debatte, um damit zu \u00fcberzeugen, sondern um Debatten-Demontage, Verwirrung und \u201ecensorship trough noise\u201c, Zensur durch allgegenw\u00e4rtiges Rauschen.<\/p>\t\t\t\t\t<\/div>\n\t\t\t\t\t\t<\/div>\n\t\t\t\t<\/div>\n\t\t\t\t<div class=\"elementor-element elementor-element-6fe3e2c elementor-widget elementor-widget-text-editor\" data-id=\"6fe3e2c\" data-element_type=\"widget\" data-widget_type=\"text-editor.default\">\n\t\t\t\t<div class=\"elementor-widget-container\">\n\t\t\t\t\t\t\t\t<div class=\"elementor-text-editor elementor-clearfix\">\n\t\t\t\t<p>Er pl\u00e4diert in seinem <a href=\"https:\/\/www.amazon.de\/Zuh%C3%B6ren-Kunst-sich-Welt-%C3%B6ffnen\/dp\/344628138X\/ref=sw_img_d_crh_rh_sbs?_encoding=UTF8&amp;pd_rd_i=344628138X&amp;pd_rd_w=TYBFf&amp;content-id=amzn1.sym.2f8bf1d9-a96f-44f8-81c2-a89de64360c0&amp;pf_rd_p=2f8bf1d9-a96f-44f8-81c2-a89de64360c0&amp;pf_rd_r=EB093Q0SQQ4BWC3QJJVZ&amp;pd_rd_wg=1h0A4&amp;pd_rd_r=db1beb5c-9a36-4f5b-bd7b-925fa9d5a55e\" target=\"_blank\" rel=\"noopener\">aktuellen Buch<\/a> einander (wirklich) zuzuh\u00f6ren, den Kontext von Gespr\u00e4chspartner*innen wahrzunehmen, die Komplexit\u00e4t von Kommunikation zu akzeptieren. Wie gelingt geistige Offenheit? Wie erreicht man diejenigen, die man nicht mehr erreicht?<\/p>\t\t\t\t\t<\/div>\n\t\t\t\t\t\t<\/div>\n\t\t\t\t<\/div>\n\t\t\t\t<div class=\"elementor-element elementor-element-fd0804a elementor-widget elementor-widget-text-editor\" data-id=\"fd0804a\" data-element_type=\"widget\" data-widget_type=\"text-editor.default\">\n\t\t\t\t<div class=\"elementor-widget-container\">\n\t\t\t\t\t\t\t\t<div class=\"elementor-text-editor elementor-clearfix\">\n\t\t\t\t<p><strong>Die blinden Flecken klassischer Medien<\/strong><\/p>\t\t\t\t\t<\/div>\n\t\t\t\t\t\t<\/div>\n\t\t\t\t<\/div>\n\t\t\t\t<div class=\"elementor-element elementor-element-e84d2f1 elementor-widget elementor-widget-text-editor\" data-id=\"e84d2f1\" data-element_type=\"widget\" data-widget_type=\"text-editor.default\">\n\t\t\t\t<div class=\"elementor-widget-container\">\n\t\t\t\t\t\t\t\t<div class=\"elementor-text-editor elementor-clearfix\">\n\t\t\t\t<p>Eine Frage, auf die vor allem auch die klassischen Medien eine Antwort finden m\u00fcssen. Welche Rolle spielt Journalismus in einer Realit\u00e4t, die immer mehr von wenigen Menschen mit sehr viel Macht, sehr viel Geld und gro\u00dfer Verachtung f\u00fcr klassischen Journalismus bestimmt ist? Es sind Muster und Routinen wie beispielsweise die stete Orientierung am Konflikt und Drama, die Fetischierung eines rein zeitlichen Aktualit\u00e4tsprinzips, die seri\u00f6se Medienmacher unbedingt \u00fcberdenken m\u00fcssen, so Bernhard P\u00f6rksen. Ich stimme ihm zu und schlie\u00dfe mich auch seiner Leitfrage an: \u201eWelche blinden Flecken sind hier angelegt?\u201c Ein Mehr vom Narrativ der (wirtschaftlichen) Opfer reicht nicht, um der Zusammenballung aus digitaler, \u00f6konomischer und politischer Macht wirksam Kontra zu geben. Remember: The leader who masters his day\u2019s medium wins!<\/p>\t\t\t\t\t<\/div>\n\t\t\t\t\t\t<\/div>\n\t\t\t\t<\/div>\n\t\t\t\t<div class=\"elementor-element elementor-element-b8428d4 elementor-widget elementor-widget-text-editor\" data-id=\"b8428d4\" data-element_type=\"widget\" data-widget_type=\"text-editor.default\">\n\t\t\t\t<div class=\"elementor-widget-container\">\n\t\t\t\t\t\t\t\t<div class=\"elementor-text-editor elementor-clearfix\">\n\t\t\t\t<p>Wirksame Kommunikation stellt genau diese Bedingung: Sie in ihrer Komplexit\u00e4t zu begreifen und damit umzugehen. Das ist bzw. wird die entscheidende Kernkompetenz \u2013 in Politik, Wirtschaft und Gesellschaft. \u00a0Die Besinnung auf eben diese (humanen) Kernkompetenzen ist es, die uns in sichere Gew\u00e4sser steuern lassen, denn anstatt sich wie Odysseus Wachs in die Ohren zu schmieren und an den Mast fesseln zu lassen, \u00fcbert\u00f6nte der Dichter und S\u00e4nger Orpheus mit seiner Leier den Sirenengesang und rettete damit sich und seiner Mannschaft das Leben.<\/p>\t\t\t\t\t<\/div>\n\t\t\t\t\t\t<\/div>\n\t\t\t\t<\/div>\n\t\t\t\t<div class=\"elementor-element elementor-element-4ab0458 elementor-widget elementor-widget-text-editor\" data-id=\"4ab0458\" data-element_type=\"widget\" data-widget_type=\"text-editor.default\">\n\t\t\t\t<div class=\"elementor-widget-container\">\n\t\t\t\t\t\t\t\t<div class=\"elementor-text-editor elementor-clearfix\">\n\t\t\t\t<p>Aber das ist wieder eine andere Geschichte \u2026<\/p>\t\t\t\t\t<\/div>\n\t\t\t\t\t\t<\/div>\n\t\t\t\t<\/div>\n\t\t\t\t<div class=\"elementor-element elementor-element-b4e3813 elementor-widget elementor-widget-text-editor\" data-id=\"b4e3813\" data-element_type=\"widget\" data-widget_type=\"text-editor.default\">\n\t\t\t\t<div class=\"elementor-widget-container\">\n\t\t\t\t\t\t\t\t<div class=\"elementor-text-editor elementor-clearfix\">\n\t\t\t\t<p><strong>Bettina Pepek f\u00fcr kommunikationsraum GmbH | Februar 2025<\/strong><\/p>\t\t\t\t\t<\/div>\n\t\t\t\t\t\t<\/div>\n\t\t\t\t<\/div>\n\t\t\t\t\t\t<\/div>\n\t\t\t\t\t<\/div>\n\t\t<\/article>\n\t\t\t\t<aside class=\"elementor-column elementor-col-33 elementor-top-column elementor-element elementor-element-726fae6\" data-id=\"726fae6\" data-element_type=\"column\">\n\t\t\t<div class=\"elementor-column-wrap elementor-element-populated\">\n\t\t\t\t\t\t\t<div class=\"elementor-widget-wrap\">\n\t\t\t\t\t\t<div class=\"elementor-element elementor-element-8b2aefd elementor-hidden-phone elementor-widget elementor-widget-image\" data-id=\"8b2aefd\" data-element_type=\"widget\" data-widget_type=\"image.default\">\n\t\t\t\t<div class=\"elementor-widget-container\">\n\t\t\t\t\t\t\t\t<div class=\"elementor-image\">\n\t\t\t\t\t\t\t\t\t\t\t\t\t<a href=\"https:\/\/www.kommunikationsraum.at\/blog\/\">\n\t\t\t\t\t\t\t<img loading=\"lazy\" decoding=\"async\" width=\"800\" height=\"600\" src=\"https:\/\/www.kommunikationsraum.at\/wp-content\/uploads\/2021\/03\/journal-800x600-1.png\" class=\"attachment-full size-full wp-image-2843\" alt=\"\" srcset=\"https:\/\/www.kommunikationsraum.at\/wp-content\/uploads\/2021\/03\/journal-800x600-1.png 800w, https:\/\/www.kommunikationsraum.at\/wp-content\/uploads\/2021\/03\/journal-800x600-1-300x225.png 300w, https:\/\/www.kommunikationsraum.at\/wp-content\/uploads\/2021\/03\/journal-800x600-1-768x576.png 768w\" sizes=\"auto, (max-width: 800px) 100vw, 800px\" \/>\t\t\t\t\t\t\t\t<\/a>\n\t\t\t\t\t\t\t\t\t\t\t\t\t\t<\/div>\n\t\t\t\t\t\t<\/div>\n\t\t\t\t<\/div>\n\t\t\t\t<div class=\"elementor-element elementor-element-44bd265 elementor-hidden-phone elementor-widget elementor-widget-spacer\" data-id=\"44bd265\" data-element_type=\"widget\" data-widget_type=\"spacer.default\">\n\t\t\t\t<div class=\"elementor-widget-container\">\n\t\t\t\t\t<div class=\"elementor-spacer\">\n\t\t\t<div class=\"elementor-spacer-inner\"><\/div>\n\t\t<\/div>\n\t\t\t\t<\/div>\n\t\t\t\t<\/div>\n\t\t\t\t<div class=\"elementor-element elementor-element-d3e0bbf elementor-widget elementor-widget-text-editor\" data-id=\"d3e0bbf\" data-element_type=\"widget\" data-widget_type=\"text-editor.default\">\n\t\t\t\t<div class=\"elementor-widget-container\">\n\t\t\t\t\t\t\t\t<div class=\"elementor-text-editor elementor-clearfix\">\n\t\t\t\t\t\t\t\t\t<\/div>\n\t\t\t\t\t\t<\/div>\n\t\t\t\t<\/div>\n\t\t\t\t\t\t<\/div>\n\t\t\t\t\t<\/div>\n\t\t<\/aside>\n\t\t\t\t\t\t\t\t<\/div>\n\t\t\t\t\t<\/div>\n\t\t<\/section>\n\t\t\t\t\t\t\t\t\t<\/div>\n\t\t\t<\/div>\n\t\t\t\t\t<\/div>\n\t\t","protected":false},"excerpt":{"rendered":"<p>Wegh\u00f6ren ist keine L\u00f6sung. Zuh\u00f6ren stellt Bedingungen! Ich mag es gleich zu Beginn eines Workshops oder Trainings die Teilnehmer*innen nach aus ihrer Sicht wirksamen Kommunikator*innen zu fragen: Wer \u00fcberzeugt Sie? Was erregt deine Aufmerksamkeit? Wem h\u00f6ren Sie zu? Dieser Einstieg erm\u00f6glicht einen guten Blick auf Vorbilder, Wahrnehmungen und individuelle \u201eWirklichkeiten\u201c von anschlussf\u00e4higer Kommunikation. <\/p>\n","protected":false},"author":2,"featured_media":10460,"comment_status":"open","ping_status":"open","sticky":false,"template":"elementor_header_footer","format":"standard","meta":{"footnotes":""},"categories":[1],"tags":[],"class_list":["post-10459","post","type-post","status-publish","format-standard","has-post-thumbnail","hentry","category-allgemein"],"yoast_head":"<!-- This site is optimized with the Yoast SEO plugin v27.2 - https:\/\/yoast.com\/product\/yoast-seo-wordpress\/ -->\n<title>Der Gesang der Sirenen - Kommunikationsraum<\/title>\n<meta name=\"robots\" content=\"index, follow, max-snippet:-1, max-image-preview:large, max-video-preview:-1\" \/>\n<link rel=\"canonical\" href=\"https:\/\/www.kommunikationsraum.at\/en\/blog\/2025\/03\/der-gesang-der-sirenen\/\" \/>\n<meta property=\"og:locale\" content=\"en_US\" \/>\n<meta property=\"og:type\" content=\"article\" \/>\n<meta property=\"og:title\" content=\"Der Gesang der Sirenen - Kommunikationsraum\" \/>\n<meta property=\"og:description\" content=\"Wegh\u00f6ren ist keine L\u00f6sung. Zuh\u00f6ren stellt Bedingungen! Ich mag es gleich zu Beginn eines Workshops oder Trainings die Teilnehmer*innen nach aus ihrer Sicht wirksamen Kommunikator*innen zu fragen: Wer \u00fcberzeugt Sie? Was erregt deine Aufmerksamkeit? Wem h\u00f6ren Sie zu? Dieser Einstieg erm\u00f6glicht einen guten Blick auf Vorbilder, Wahrnehmungen und individuelle \u201eWirklichkeiten\u201c von anschlussf\u00e4higer Kommunikation.\" \/>\n<meta property=\"og:url\" content=\"https:\/\/www.kommunikationsraum.at\/en\/blog\/2025\/03\/der-gesang-der-sirenen\/\" \/>\n<meta property=\"og:site_name\" content=\"Kommunikationsraum\" \/>\n<meta property=\"article:publisher\" content=\"https:\/\/www.facebook.com\/kommunikationsraumwien\/\" \/>\n<meta property=\"article:published_time\" content=\"2025-03-18T17:47:09+00:00\" \/>\n<meta property=\"article:modified_time\" content=\"2025-03-21T11:37:14+00:00\" \/>\n<meta property=\"og:image\" content=\"https:\/\/www.kommunikationsraum.at\/wp-content\/uploads\/2025\/03\/Sirenen_800x450.jpg\" \/>\n\t<meta property=\"og:image:width\" content=\"800\" \/>\n\t<meta property=\"og:image:height\" content=\"450\" \/>\n\t<meta property=\"og:image:type\" content=\"image\/jpeg\" \/>\n<meta name=\"author\" content=\"Sabine Traxler\" \/>\n<meta name=\"twitter:card\" content=\"summary_large_image\" \/>\n<meta name=\"twitter:creator\" content=\"@kr_hinterland\" \/>\n<meta name=\"twitter:site\" content=\"@kr_hinterland\" \/>\n<script type=\"application\/ld+json\" class=\"yoast-schema-graph\">{\"@context\":\"https:\/\/schema.org\",\"@graph\":[{\"@type\":\"Article\",\"@id\":\"https:\/\/www.kommunikationsraum.at\/en\/blog\/2025\/03\/der-gesang-der-sirenen\/#article\",\"isPartOf\":{\"@id\":\"https:\/\/www.kommunikationsraum.at\/en\/blog\/2025\/03\/der-gesang-der-sirenen\/\"},\"author\":{\"name\":\"Sabine Traxler\",\"@id\":\"https:\/\/www.kommunikationsraum.at\/en\/#\/schema\/person\/040edcad1adf04fa994f04d86ea2aaaf\"},\"headline\":\"Der Gesang der Sirenen\",\"datePublished\":\"2025-03-18T17:47:09+00:00\",\"dateModified\":\"2025-03-21T11:37:14+00:00\",\"mainEntityOfPage\":{\"@id\":\"https:\/\/www.kommunikationsraum.at\/en\/blog\/2025\/03\/der-gesang-der-sirenen\/\"},\"wordCount\":718,\"commentCount\":0,\"image\":{\"@id\":\"https:\/\/www.kommunikationsraum.at\/en\/blog\/2025\/03\/der-gesang-der-sirenen\/#primaryimage\"},\"thumbnailUrl\":\"https:\/\/www.kommunikationsraum.at\/wp-content\/uploads\/2025\/03\/Sirenen_800x450.jpg\",\"articleSection\":[\"Allgemein\"],\"inLanguage\":\"en-US\",\"potentialAction\":[{\"@type\":\"CommentAction\",\"name\":\"Comment\",\"target\":[\"https:\/\/www.kommunikationsraum.at\/en\/blog\/2025\/03\/der-gesang-der-sirenen\/#respond\"]}]},{\"@type\":\"WebPage\",\"@id\":\"https:\/\/www.kommunikationsraum.at\/en\/blog\/2025\/03\/der-gesang-der-sirenen\/\",\"url\":\"https:\/\/www.kommunikationsraum.at\/en\/blog\/2025\/03\/der-gesang-der-sirenen\/\",\"name\":\"Der Gesang der Sirenen - Kommunikationsraum\",\"isPartOf\":{\"@id\":\"https:\/\/www.kommunikationsraum.at\/en\/#website\"},\"primaryImageOfPage\":{\"@id\":\"https:\/\/www.kommunikationsraum.at\/en\/blog\/2025\/03\/der-gesang-der-sirenen\/#primaryimage\"},\"image\":{\"@id\":\"https:\/\/www.kommunikationsraum.at\/en\/blog\/2025\/03\/der-gesang-der-sirenen\/#primaryimage\"},\"thumbnailUrl\":\"https:\/\/www.kommunikationsraum.at\/wp-content\/uploads\/2025\/03\/Sirenen_800x450.jpg\",\"datePublished\":\"2025-03-18T17:47:09+00:00\",\"dateModified\":\"2025-03-21T11:37:14+00:00\",\"author\":{\"@id\":\"https:\/\/www.kommunikationsraum.at\/en\/#\/schema\/person\/040edcad1adf04fa994f04d86ea2aaaf\"},\"breadcrumb\":{\"@id\":\"https:\/\/www.kommunikationsraum.at\/en\/blog\/2025\/03\/der-gesang-der-sirenen\/#breadcrumb\"},\"inLanguage\":\"en-US\",\"potentialAction\":[{\"@type\":\"ReadAction\",\"target\":[\"https:\/\/www.kommunikationsraum.at\/en\/blog\/2025\/03\/der-gesang-der-sirenen\/\"]}]},{\"@type\":\"ImageObject\",\"inLanguage\":\"en-US\",\"@id\":\"https:\/\/www.kommunikationsraum.at\/en\/blog\/2025\/03\/der-gesang-der-sirenen\/#primaryimage\",\"url\":\"https:\/\/www.kommunikationsraum.at\/wp-content\/uploads\/2025\/03\/Sirenen_800x450.jpg\",\"contentUrl\":\"https:\/\/www.kommunikationsraum.at\/wp-content\/uploads\/2025\/03\/Sirenen_800x450.jpg\",\"width\":800,\"height\":450},{\"@type\":\"BreadcrumbList\",\"@id\":\"https:\/\/www.kommunikationsraum.at\/en\/blog\/2025\/03\/der-gesang-der-sirenen\/#breadcrumb\",\"itemListElement\":[{\"@type\":\"ListItem\",\"position\":1,\"name\":\"Start\",\"item\":\"https:\/\/www.kommunikationsraum.at\/en\/\"},{\"@type\":\"ListItem\",\"position\":2,\"name\":\"Der Gesang der Sirenen\"}]},{\"@type\":\"WebSite\",\"@id\":\"https:\/\/www.kommunikationsraum.at\/en\/#website\",\"url\":\"https:\/\/www.kommunikationsraum.at\/en\/\",\"name\":\"Kommunikationsraum\",\"description\":\"Kommunikation neu denken\",\"potentialAction\":[{\"@type\":\"SearchAction\",\"target\":{\"@type\":\"EntryPoint\",\"urlTemplate\":\"https:\/\/www.kommunikationsraum.at\/en\/?s={search_term_string}\"},\"query-input\":{\"@type\":\"PropertyValueSpecification\",\"valueRequired\":true,\"valueName\":\"search_term_string\"}}],\"inLanguage\":\"en-US\"},{\"@type\":\"Person\",\"@id\":\"https:\/\/www.kommunikationsraum.at\/en\/#\/schema\/person\/040edcad1adf04fa994f04d86ea2aaaf\",\"name\":\"Sabine Traxler\",\"url\":\"https:\/\/www.kommunikationsraum.at\/en\/blog\/author\/straxler\/\"}]}<\/script>\n<!-- \/ Yoast SEO plugin. -->","yoast_head_json":{"title":"Der Gesang der Sirenen - Kommunikationsraum","robots":{"index":"index","follow":"follow","max-snippet":"max-snippet:-1","max-image-preview":"max-image-preview:large","max-video-preview":"max-video-preview:-1"},"canonical":"https:\/\/www.kommunikationsraum.at\/en\/blog\/2025\/03\/der-gesang-der-sirenen\/","og_locale":"en_US","og_type":"article","og_title":"Der Gesang der Sirenen - Kommunikationsraum","og_description":"Wegh\u00f6ren ist keine L\u00f6sung. Zuh\u00f6ren stellt Bedingungen! Ich mag es gleich zu Beginn eines Workshops oder Trainings die Teilnehmer*innen nach aus ihrer Sicht wirksamen Kommunikator*innen zu fragen: Wer \u00fcberzeugt Sie? Was erregt deine Aufmerksamkeit? Wem h\u00f6ren Sie zu? Dieser Einstieg erm\u00f6glicht einen guten Blick auf Vorbilder, Wahrnehmungen und individuelle \u201eWirklichkeiten\u201c von anschlussf\u00e4higer Kommunikation.","og_url":"https:\/\/www.kommunikationsraum.at\/en\/blog\/2025\/03\/der-gesang-der-sirenen\/","og_site_name":"Kommunikationsraum","article_publisher":"https:\/\/www.facebook.com\/kommunikationsraumwien\/","article_published_time":"2025-03-18T17:47:09+00:00","article_modified_time":"2025-03-21T11:37:14+00:00","og_image":[{"width":800,"height":450,"url":"https:\/\/www.kommunikationsraum.at\/wp-content\/uploads\/2025\/03\/Sirenen_800x450.jpg","type":"image\/jpeg"}],"author":"Sabine Traxler","twitter_card":"summary_large_image","twitter_creator":"@kr_hinterland","twitter_site":"@kr_hinterland","schema":{"@context":"https:\/\/schema.org","@graph":[{"@type":"Article","@id":"https:\/\/www.kommunikationsraum.at\/en\/blog\/2025\/03\/der-gesang-der-sirenen\/#article","isPartOf":{"@id":"https:\/\/www.kommunikationsraum.at\/en\/blog\/2025\/03\/der-gesang-der-sirenen\/"},"author":{"name":"Sabine Traxler","@id":"https:\/\/www.kommunikationsraum.at\/en\/#\/schema\/person\/040edcad1adf04fa994f04d86ea2aaaf"},"headline":"Der Gesang der Sirenen","datePublished":"2025-03-18T17:47:09+00:00","dateModified":"2025-03-21T11:37:14+00:00","mainEntityOfPage":{"@id":"https:\/\/www.kommunikationsraum.at\/en\/blog\/2025\/03\/der-gesang-der-sirenen\/"},"wordCount":718,"commentCount":0,"image":{"@id":"https:\/\/www.kommunikationsraum.at\/en\/blog\/2025\/03\/der-gesang-der-sirenen\/#primaryimage"},"thumbnailUrl":"https:\/\/www.kommunikationsraum.at\/wp-content\/uploads\/2025\/03\/Sirenen_800x450.jpg","articleSection":["Allgemein"],"inLanguage":"en-US","potentialAction":[{"@type":"CommentAction","name":"Comment","target":["https:\/\/www.kommunikationsraum.at\/en\/blog\/2025\/03\/der-gesang-der-sirenen\/#respond"]}]},{"@type":"WebPage","@id":"https:\/\/www.kommunikationsraum.at\/en\/blog\/2025\/03\/der-gesang-der-sirenen\/","url":"https:\/\/www.kommunikationsraum.at\/en\/blog\/2025\/03\/der-gesang-der-sirenen\/","name":"Der Gesang der Sirenen - Kommunikationsraum","isPartOf":{"@id":"https:\/\/www.kommunikationsraum.at\/en\/#website"},"primaryImageOfPage":{"@id":"https:\/\/www.kommunikationsraum.at\/en\/blog\/2025\/03\/der-gesang-der-sirenen\/#primaryimage"},"image":{"@id":"https:\/\/www.kommunikationsraum.at\/en\/blog\/2025\/03\/der-gesang-der-sirenen\/#primaryimage"},"thumbnailUrl":"https:\/\/www.kommunikationsraum.at\/wp-content\/uploads\/2025\/03\/Sirenen_800x450.jpg","datePublished":"2025-03-18T17:47:09+00:00","dateModified":"2025-03-21T11:37:14+00:00","author":{"@id":"https:\/\/www.kommunikationsraum.at\/en\/#\/schema\/person\/040edcad1adf04fa994f04d86ea2aaaf"},"breadcrumb":{"@id":"https:\/\/www.kommunikationsraum.at\/en\/blog\/2025\/03\/der-gesang-der-sirenen\/#breadcrumb"},"inLanguage":"en-US","potentialAction":[{"@type":"ReadAction","target":["https:\/\/www.kommunikationsraum.at\/en\/blog\/2025\/03\/der-gesang-der-sirenen\/"]}]},{"@type":"ImageObject","inLanguage":"en-US","@id":"https:\/\/www.kommunikationsraum.at\/en\/blog\/2025\/03\/der-gesang-der-sirenen\/#primaryimage","url":"https:\/\/www.kommunikationsraum.at\/wp-content\/uploads\/2025\/03\/Sirenen_800x450.jpg","contentUrl":"https:\/\/www.kommunikationsraum.at\/wp-content\/uploads\/2025\/03\/Sirenen_800x450.jpg","width":800,"height":450},{"@type":"BreadcrumbList","@id":"https:\/\/www.kommunikationsraum.at\/en\/blog\/2025\/03\/der-gesang-der-sirenen\/#breadcrumb","itemListElement":[{"@type":"ListItem","position":1,"name":"Start","item":"https:\/\/www.kommunikationsraum.at\/en\/"},{"@type":"ListItem","position":2,"name":"Der Gesang der Sirenen"}]},{"@type":"WebSite","@id":"https:\/\/www.kommunikationsraum.at\/en\/#website","url":"https:\/\/www.kommunikationsraum.at\/en\/","name":"Kommunikationsraum","description":"Kommunikation neu denken","potentialAction":[{"@type":"SearchAction","target":{"@type":"EntryPoint","urlTemplate":"https:\/\/www.kommunikationsraum.at\/en\/?s={search_term_string}"},"query-input":{"@type":"PropertyValueSpecification","valueRequired":true,"valueName":"search_term_string"}}],"inLanguage":"en-US"},{"@type":"Person","@id":"https:\/\/www.kommunikationsraum.at\/en\/#\/schema\/person\/040edcad1adf04fa994f04d86ea2aaaf","name":"Sabine Traxler","url":"https:\/\/www.kommunikationsraum.at\/en\/blog\/author\/straxler\/"}]}},"_links":{"self":[{"href":"https:\/\/www.kommunikationsraum.at\/en\/wp-json\/wp\/v2\/posts\/10459","targetHints":{"allow":["GET"]}}],"collection":[{"href":"https:\/\/www.kommunikationsraum.at\/en\/wp-json\/wp\/v2\/posts"}],"about":[{"href":"https:\/\/www.kommunikationsraum.at\/en\/wp-json\/wp\/v2\/types\/post"}],"author":[{"embeddable":true,"href":"https:\/\/www.kommunikationsraum.at\/en\/wp-json\/wp\/v2\/users\/2"}],"replies":[{"embeddable":true,"href":"https:\/\/www.kommunikationsraum.at\/en\/wp-json\/wp\/v2\/comments?post=10459"}],"version-history":[{"count":25,"href":"https:\/\/www.kommunikationsraum.at\/en\/wp-json\/wp\/v2\/posts\/10459\/revisions"}],"predecessor-version":[{"id":10542,"href":"https:\/\/www.kommunikationsraum.at\/en\/wp-json\/wp\/v2\/posts\/10459\/revisions\/10542"}],"wp:featuredmedia":[{"embeddable":true,"href":"https:\/\/www.kommunikationsraum.at\/en\/wp-json\/wp\/v2\/media\/10460"}],"wp:attachment":[{"href":"https:\/\/www.kommunikationsraum.at\/en\/wp-json\/wp\/v2\/media?parent=10459"}],"wp:term":[{"taxonomy":"category","embeddable":true,"href":"https:\/\/www.kommunikationsraum.at\/en\/wp-json\/wp\/v2\/categories?post=10459"},{"taxonomy":"post_tag","embeddable":true,"href":"https:\/\/www.kommunikationsraum.at\/en\/wp-json\/wp\/v2\/tags?post=10459"}],"curies":[{"name":"wp","href":"https:\/\/api.w.org\/{rel}","templated":true}]}}