{"id":10545,"date":"2025-04-08T22:35:59","date_gmt":"2025-04-08T20:35:59","guid":{"rendered":"https:\/\/www.kommunikationsraum.at\/?p=10545"},"modified":"2025-04-08T23:04:47","modified_gmt":"2025-04-08T21:04:47","slug":"vierzehn-jahre-welch-ein-fest-ein-unternehmen-das-sich-sehen-laesst","status":"publish","type":"post","link":"https:\/\/www.kommunikationsraum.at\/en\/blog\/2025\/04\/vierzehn-jahre-welch-ein-fest-ein-unternehmen-das-sich-sehen-laesst\/","title":{"rendered":"Vierzehn Jahre \u2013 welch ein Fest, ein Unternehmen, das sich sehen l\u00e4sst!"},"content":{"rendered":"\t\t<div data-elementor-type=\"wp-post\" data-elementor-id=\"10545\" class=\"elementor elementor-10545\">\n\t\t\t\t\t\t<div class=\"elementor-inner\">\n\t\t\t\t<div class=\"elementor-section-wrap\">\n\t\t\t\t\t\t\t\t\t<section class=\"elementor-section elementor-top-section elementor-element elementor-element-3ceae1c elementor-section-full_width elementor-section-height-default elementor-section-height-default\" data-id=\"3ceae1c\" data-element_type=\"section\">\n\t\t\t\t\t\t<div class=\"elementor-container elementor-column-gap-no\">\n\t\t\t\t\t\t\t<div class=\"elementor-row\">\n\t\t\t\t\t<aside class=\"elementor-column elementor-col-33 elementor-top-column elementor-element elementor-element-43cb067\" data-id=\"43cb067\" data-element_type=\"column\">\n\t\t\t<div class=\"elementor-column-wrap elementor-element-populated\">\n\t\t\t\t\t\t\t<div class=\"elementor-widget-wrap\">\n\t\t\t\t\t\t<div class=\"elementor-element elementor-element-72a3c21 elementor-hidden-desktop elementor-hidden-tablet elementor-widget elementor-widget-image\" data-id=\"72a3c21\" data-element_type=\"widget\" data-widget_type=\"image.default\">\n\t\t\t\t<div class=\"elementor-widget-container\">\n\t\t\t\t\t\t\t\t<div class=\"elementor-image\">\n\t\t\t\t\t\t\t\t\t\t\t\t\t<a href=\"https:\/\/www.kommunikationsraum.at\/blog\/\">\n\t\t\t\t\t\t\t<img loading=\"lazy\" decoding=\"async\" width=\"800\" height=\"600\" src=\"https:\/\/www.kommunikationsraum.at\/wp-content\/uploads\/2021\/03\/journal-800x600-1.png\" class=\"attachment-full size-full wp-image-2843\" alt=\"\" srcset=\"https:\/\/www.kommunikationsraum.at\/wp-content\/uploads\/2021\/03\/journal-800x600-1.png 800w, https:\/\/www.kommunikationsraum.at\/wp-content\/uploads\/2021\/03\/journal-800x600-1-300x225.png 300w, https:\/\/www.kommunikationsraum.at\/wp-content\/uploads\/2021\/03\/journal-800x600-1-768x576.png 768w\" sizes=\"auto, (max-width: 800px) 100vw, 800px\" \/>\t\t\t\t\t\t\t\t<\/a>\n\t\t\t\t\t\t\t\t\t\t\t\t\t\t<\/div>\n\t\t\t\t\t\t<\/div>\n\t\t\t\t<\/div>\n\t\t\t\t<div class=\"elementor-element elementor-element-acf63b3 elementor-widget elementor-widget-image\" data-id=\"acf63b3\" data-element_type=\"widget\" data-widget_type=\"image.default\">\n\t\t\t\t<div class=\"elementor-widget-container\">\n\t\t\t\t\t\t\t\t<div class=\"elementor-image\">\n\t\t\t\t\t\t\t\t\t\t\t\t<img loading=\"lazy\" decoding=\"async\" width=\"800\" height=\"600\" src=\"https:\/\/www.kommunikationsraum.at\/wp-content\/uploads\/2025\/04\/25_04_02_JOURNAL-800x600-1.jpg\" class=\"attachment-full size-full wp-image-10550\" alt=\"\" srcset=\"https:\/\/www.kommunikationsraum.at\/wp-content\/uploads\/2025\/04\/25_04_02_JOURNAL-800x600-1.jpg 800w, https:\/\/www.kommunikationsraum.at\/wp-content\/uploads\/2025\/04\/25_04_02_JOURNAL-800x600-1-300x225.jpg 300w, https:\/\/www.kommunikationsraum.at\/wp-content\/uploads\/2025\/04\/25_04_02_JOURNAL-800x600-1-768x576.jpg 768w\" sizes=\"auto, (max-width: 800px) 100vw, 800px\" \/>\t\t\t\t\t\t\t\t\t\t\t\t\t\t<\/div>\n\t\t\t\t\t\t<\/div>\n\t\t\t\t<\/div>\n\t\t\t\t\t\t<\/div>\n\t\t\t\t\t<\/div>\n\t\t<\/aside>\n\t\t\t\t<article class=\"elementor-column elementor-col-33 elementor-top-column elementor-element elementor-element-aa3524e\" data-id=\"aa3524e\" data-element_type=\"column\">\n\t\t\t<div class=\"elementor-column-wrap elementor-element-populated\">\n\t\t\t\t\t\t\t<div class=\"elementor-widget-wrap\">\n\t\t\t\t\t\t<div class=\"elementor-element elementor-element-84368b0 subpage elementor-widget elementor-widget-text-editor\" data-id=\"84368b0\" data-element_type=\"widget\" data-widget_type=\"text-editor.default\">\n\t\t\t\t<div class=\"elementor-widget-container\">\n\t\t\t\t\t\t\t\t<div class=\"elementor-text-editor elementor-clearfix\">\n\t\t\t\t<h3><strong>Vierzehn Jahre \u2013 welch ein Fest, ein Unternehmen, das sich sehen l\u00e4sst!<\/strong><\/h3>\t\t\t\t\t<\/div>\n\t\t\t\t\t\t<\/div>\n\t\t\t\t<\/div>\n\t\t\t\t<div class=\"elementor-element elementor-element-eddc7f8 elementor-widget elementor-widget-text-editor\" data-id=\"eddc7f8\" data-element_type=\"widget\" data-widget_type=\"text-editor.default\">\n\t\t\t\t<div class=\"elementor-widget-container\">\n\t\t\t\t\t\t\t\t<div class=\"elementor-text-editor elementor-clearfix\">\n\t\t\t\t<p><a href=\"https:\/\/www.kommunikationsraum.at\/real-world\/team\/\" target=\"_blank\" rel=\"noreferrer noopener\">Bettina Pepek<\/a><\/p>\t\t\t\t\t<\/div>\n\t\t\t\t\t\t<\/div>\n\t\t\t\t<\/div>\n\t\t\t\t<div class=\"elementor-element elementor-element-6f9b9de elementor-widget elementor-widget-text-editor\" data-id=\"6f9b9de\" data-element_type=\"widget\" data-widget_type=\"text-editor.default\">\n\t\t\t\t<div class=\"elementor-widget-container\">\n\t\t\t\t\t\t\t\t<div class=\"elementor-text-editor elementor-clearfix\">\n\t\t\t\t<p><strong>Ehrlich \u2013 wer will schon Pianissimo, wenn Fortissimo so viel mehr bewegt? Und wer will nachspielen, wenn er selbst komponieren kann?<\/strong><\/p>\t\t\t\t\t<\/div>\n\t\t\t\t\t\t<\/div>\n\t\t\t\t<\/div>\n\t\t\t\t<div class=\"elementor-element elementor-element-b25c450 elementor-widget elementor-widget-text-editor\" data-id=\"b25c450\" data-element_type=\"widget\" data-widget_type=\"text-editor.default\">\n\t\t\t\t<div class=\"elementor-widget-container\">\n\t\t\t\t\t\t\t\t<div class=\"elementor-text-editor elementor-clearfix\">\n\t\t\t\t<p>Liebes Unternehmerin-Ich<\/p>\t\t\t\t\t<\/div>\n\t\t\t\t\t\t<\/div>\n\t\t\t\t<\/div>\n\t\t\t\t<div class=\"elementor-element elementor-element-8551acb elementor-widget elementor-widget-text-editor\" data-id=\"8551acb\" data-element_type=\"widget\" data-widget_type=\"text-editor.default\">\n\t\t\t\t<div class=\"elementor-widget-container\">\n\t\t\t\t\t\t\t\t<div class=\"elementor-text-editor elementor-clearfix\">\n\t\t\t\t<p>so strahlst du also hier \u2013 nach 14 Jahren auf der unternehmerischen B\u00fchne, mit einer mutigen Vision gestartet, einer Vierteljahrhundert Berufs-Erfahrung und einem starken Netzwerk. Kommunikation war dein Leitmotiv \u2013 und ist es noch. Eine Superkraft, die Menschen verbindet und Wandel befl\u00fcgelt.<\/p>\t\t\t\t\t<\/div>\n\t\t\t\t\t\t<\/div>\n\t\t\t\t<\/div>\n\t\t\t\t<div class=\"elementor-element elementor-element-8d701e2 elementor-widget elementor-widget-text-editor\" data-id=\"8d701e2\" data-element_type=\"widget\" data-widget_type=\"text-editor.default\">\n\t\t\t\t<div class=\"elementor-widget-container\">\n\t\t\t\t\t\t\t\t<div class=\"elementor-text-editor elementor-clearfix\">\n\t\t\t\t<p>W\u00e4hrend andere Noten ablesen, hast du versucht neue Kompositionen zu schreiben &#8211; mutig, laut, anders. Denn was ist Kommunikation ohne Kreativit\u00e4t?<\/p>\t\t\t\t\t<\/div>\n\t\t\t\t\t\t<\/div>\n\t\t\t\t<\/div>\n\t\t\t\t<div class=\"elementor-element elementor-element-1e73447 elementor-widget elementor-widget-text-editor\" data-id=\"1e73447\" data-element_type=\"widget\" data-widget_type=\"text-editor.default\">\n\t\t\t\t<div class=\"elementor-widget-container\">\n\t\t\t\t\t\t\t\t<div class=\"elementor-text-editor elementor-clearfix\">\n\t\t\t\t<p>Ja, du hast gejubelt. Ja, du hast geflucht. Und ja, du hast in der Pandemie die wohl h\u00e4rteste Unternehmerpr\u00fcfung deines Lebens bestanden. W\u00e4hrend andere den Vorhang fallen sahen, hast du aus Krisen Chancen geformt und bewiesen: Wer die richtigen Worte findet, kann selbst in der Kakophonie des Wandels eine Melodie erschaffen, die tr\u00e4gt.<\/p>\t\t\t\t\t<\/div>\n\t\t\t\t\t\t<\/div>\n\t\t\t\t<\/div>\n\t\t\t\t<div class=\"elementor-element elementor-element-f985c42 elementor-widget elementor-widget-text-editor\" data-id=\"f985c42\" data-element_type=\"widget\" data-widget_type=\"text-editor.default\">\n\t\t\t\t<div class=\"elementor-widget-container\">\n\t\t\t\t\t\t\t\t<div class=\"elementor-text-editor elementor-clearfix\">\n\t\t\t\t<p>Du hast F\u00fchrungskr\u00e4fte gest\u00e4rkt, Kulturen orchestriert und Unternehmen dabei geholfen, ihren eigenen Rhythmus zu finden. Du hast verstanden, dass Kommunikation nicht nur Br\u00fccken baut, sondern manchmal auch Mauern einrei\u00dfen muss. Und du hast erlebt, dass Menschen, wenn sie geh\u00f6rt und verstanden werden, \u00fcber sich hinauswachsen k\u00f6nnen.<\/p>\t\t\t\t\t<\/div>\n\t\t\t\t\t\t<\/div>\n\t\t\t\t<\/div>\n\t\t\t\t<div class=\"elementor-element elementor-element-6ed8e39 elementor-widget elementor-widget-text-editor\" data-id=\"6ed8e39\" data-element_type=\"widget\" data-widget_type=\"text-editor.default\">\n\t\t\t\t<div class=\"elementor-widget-container\">\n\t\t\t\t\t\t\t\t<div class=\"elementor-text-editor elementor-clearfix\">\n\t\t\t\t<p>Ach, mein liebes Unternehmerin-Ich, du wirst es wohl nie lernen, Erfolge einfach nur zu genie\u00dfe, leiser zu treten. Aber ehrlich \u2013 wer will schon Pianissimo, wenn Fortissimo so viel mehr bewegt? Und wer will nachspielen, wenn er selbst komponieren kann? Also heben wir das Glas auf 14 Jahre voller H\u00f6henfl\u00fcge und Dissonanzen, voller Ideen, die gez\u00fcndet haben, und solcher, die zu Recht nie die Generalprobe \u00fcberstanden haben.<\/p>\t\t\t\t\t<\/div>\n\t\t\t\t\t\t<\/div>\n\t\t\t\t<\/div>\n\t\t\t\t<div class=\"elementor-element elementor-element-14cf889 elementor-widget elementor-widget-text-editor\" data-id=\"14cf889\" data-element_type=\"widget\" data-widget_type=\"text-editor.default\">\n\t\t\t\t<div class=\"elementor-widget-container\">\n\t\t\t\t\t\t\t\t<div class=\"elementor-text-editor elementor-clearfix\">\n\t\t\t\t<p>Auf die Kommunikation als Superkraft! Auf den Wandel als Partitur unseres Handelns! Und auf das n\u00e4chste Kapitel \u2013 denn die besten St\u00fccke sind die, die erst geschrieben werden.<\/p><p>Lass mir alle Kunden und Auftraggeber*innen herzlich gr\u00fc\u00dfen. Ohne Ihr Vertrauen ist alles nix!<\/p>\t\t\t\t\t<\/div>\n\t\t\t\t\t\t<\/div>\n\t\t\t\t<\/div>\n\t\t\t\t<div class=\"elementor-element elementor-element-9b4afe6 elementor-widget elementor-widget-text-editor\" data-id=\"9b4afe6\" data-element_type=\"widget\" data-widget_type=\"text-editor.default\">\n\t\t\t\t<div class=\"elementor-widget-container\">\n\t\t\t\t\t\t\t\t<div class=\"elementor-text-editor elementor-clearfix\">\n\t\t\t\t<p>Mit lieben Gr\u00fc\u00dfen aus dem kommunikationsraum,<\/p>\t\t\t\t\t<\/div>\n\t\t\t\t\t\t<\/div>\n\t\t\t\t<\/div>\n\t\t\t\t<div class=\"elementor-element elementor-element-b4e3813 elementor-widget elementor-widget-text-editor\" data-id=\"b4e3813\" data-element_type=\"widget\" data-widget_type=\"text-editor.default\">\n\t\t\t\t<div class=\"elementor-widget-container\">\n\t\t\t\t\t\t\t\t<div class=\"elementor-text-editor elementor-clearfix\">\n\t\t\t\t<p><strong>Bettina Pepek f\u00fcr kommunikationsraum GmbH | April 2025<\/strong><\/p>\t\t\t\t\t<\/div>\n\t\t\t\t\t\t<\/div>\n\t\t\t\t<\/div>\n\t\t\t\t\t\t<\/div>\n\t\t\t\t\t<\/div>\n\t\t<\/article>\n\t\t\t\t<aside class=\"elementor-column elementor-col-33 elementor-top-column elementor-element elementor-element-726fae6\" data-id=\"726fae6\" data-element_type=\"column\">\n\t\t\t<div class=\"elementor-column-wrap elementor-element-populated\">\n\t\t\t\t\t\t\t<div class=\"elementor-widget-wrap\">\n\t\t\t\t\t\t<div class=\"elementor-element elementor-element-8b2aefd elementor-hidden-phone elementor-widget elementor-widget-image\" data-id=\"8b2aefd\" data-element_type=\"widget\" data-widget_type=\"image.default\">\n\t\t\t\t<div class=\"elementor-widget-container\">\n\t\t\t\t\t\t\t\t<div class=\"elementor-image\">\n\t\t\t\t\t\t\t\t\t\t\t\t\t<a href=\"https:\/\/www.kommunikationsraum.at\/blog\/\">\n\t\t\t\t\t\t\t<img loading=\"lazy\" decoding=\"async\" width=\"800\" height=\"600\" src=\"https:\/\/www.kommunikationsraum.at\/wp-content\/uploads\/2021\/03\/journal-800x600-1.png\" class=\"attachment-full size-full wp-image-2843\" alt=\"\" srcset=\"https:\/\/www.kommunikationsraum.at\/wp-content\/uploads\/2021\/03\/journal-800x600-1.png 800w, https:\/\/www.kommunikationsraum.at\/wp-content\/uploads\/2021\/03\/journal-800x600-1-300x225.png 300w, https:\/\/www.kommunikationsraum.at\/wp-content\/uploads\/2021\/03\/journal-800x600-1-768x576.png 768w\" sizes=\"auto, (max-width: 800px) 100vw, 800px\" \/>\t\t\t\t\t\t\t\t<\/a>\n\t\t\t\t\t\t\t\t\t\t\t\t\t\t<\/div>\n\t\t\t\t\t\t<\/div>\n\t\t\t\t<\/div>\n\t\t\t\t<div class=\"elementor-element elementor-element-44bd265 elementor-hidden-phone elementor-widget elementor-widget-spacer\" data-id=\"44bd265\" data-element_type=\"widget\" data-widget_type=\"spacer.default\">\n\t\t\t\t<div class=\"elementor-widget-container\">\n\t\t\t\t\t<div class=\"elementor-spacer\">\n\t\t\t<div class=\"elementor-spacer-inner\"><\/div>\n\t\t<\/div>\n\t\t\t\t<\/div>\n\t\t\t\t<\/div>\n\t\t\t\t<div class=\"elementor-element elementor-element-d3e0bbf elementor-widget elementor-widget-text-editor\" data-id=\"d3e0bbf\" data-element_type=\"widget\" data-widget_type=\"text-editor.default\">\n\t\t\t\t<div class=\"elementor-widget-container\">\n\t\t\t\t\t\t\t\t<div class=\"elementor-text-editor elementor-clearfix\">\n\t\t\t\t\t\t\t\t\t<\/div>\n\t\t\t\t\t\t<\/div>\n\t\t\t\t<\/div>\n\t\t\t\t\t\t<\/div>\n\t\t\t\t\t<\/div>\n\t\t<\/aside>\n\t\t\t\t\t\t\t\t<\/div>\n\t\t\t\t\t<\/div>\n\t\t<\/section>\n\t\t\t\t\t\t\t\t\t<\/div>\n\t\t\t<\/div>\n\t\t\t\t\t<\/div>\n\t\t","protected":false},"excerpt":{"rendered":"<p>Ehrlich \u2013 wer will schon Pianissimo, wenn Fortissimo so viel mehr bewegt? Und wer will nachspielen, wenn er selbst komponieren kann? Liebes Unternehmerin-Ich, so strahlst du also hier \u2013 nach 14 Jahren auf der unternehmerischen B\u00fchne, mit einer mutigen Vision gestartet, einer Vierteljahrhundert Berufs-Erfahrung und einem starken Netzwerk. Kommunikation war dein Leitmotiv &#8230;<\/p>\n","protected":false},"author":2,"featured_media":10547,"comment_status":"open","ping_status":"open","sticky":false,"template":"elementor_header_footer","format":"standard","meta":{"footnotes":""},"categories":[1],"tags":[],"class_list":["post-10545","post","type-post","status-publish","format-standard","has-post-thumbnail","hentry","category-allgemein"],"yoast_head":"<!-- This site is optimized with the Yoast SEO plugin v27.2 - https:\/\/yoast.com\/product\/yoast-seo-wordpress\/ -->\n<title>Vierzehn Jahre \u2013 welch ein Fest, ein Unternehmen, das sich sehen l\u00e4sst! - Kommunikationsraum<\/title>\n<meta name=\"robots\" content=\"index, follow, max-snippet:-1, max-image-preview:large, max-video-preview:-1\" \/>\n<link rel=\"canonical\" href=\"https:\/\/www.kommunikationsraum.at\/en\/blog\/2025\/04\/vierzehn-jahre-welch-ein-fest-ein-unternehmen-das-sich-sehen-laesst\/\" \/>\n<meta property=\"og:locale\" content=\"en_US\" \/>\n<meta property=\"og:type\" content=\"article\" \/>\n<meta property=\"og:title\" content=\"Vierzehn Jahre \u2013 welch ein Fest, ein Unternehmen, das sich sehen l\u00e4sst! - Kommunikationsraum\" \/>\n<meta property=\"og:description\" content=\"Ehrlich \u2013 wer will schon Pianissimo, wenn Fortissimo so viel mehr bewegt? Und wer will nachspielen, wenn er selbst komponieren kann? Liebes Unternehmerin-Ich, so strahlst du also hier \u2013 nach 14 Jahren auf der unternehmerischen B\u00fchne, mit einer mutigen Vision gestartet, einer Vierteljahrhundert Berufs-Erfahrung und einem starken Netzwerk. Kommunikation war dein Leitmotiv ...\" \/>\n<meta property=\"og:url\" content=\"https:\/\/www.kommunikationsraum.at\/en\/blog\/2025\/04\/vierzehn-jahre-welch-ein-fest-ein-unternehmen-das-sich-sehen-laesst\/\" \/>\n<meta property=\"og:site_name\" content=\"Kommunikationsraum\" \/>\n<meta property=\"article:publisher\" content=\"https:\/\/www.facebook.com\/kommunikationsraumwien\/\" \/>\n<meta property=\"article:published_time\" content=\"2025-04-08T20:35:59+00:00\" \/>\n<meta property=\"article:modified_time\" content=\"2025-04-08T21:04:47+00:00\" \/>\n<meta property=\"og:image\" content=\"https:\/\/www.kommunikationsraum.at\/wp-content\/uploads\/2025\/04\/25_04_02_JOURNAL-800x450-1.jpg\" \/>\n\t<meta property=\"og:image:width\" content=\"800\" \/>\n\t<meta property=\"og:image:height\" content=\"450\" \/>\n\t<meta property=\"og:image:type\" content=\"image\/jpeg\" \/>\n<meta name=\"author\" content=\"Sabine Traxler\" \/>\n<meta name=\"twitter:card\" content=\"summary_large_image\" \/>\n<meta name=\"twitter:creator\" content=\"@kr_hinterland\" \/>\n<meta name=\"twitter:site\" content=\"@kr_hinterland\" \/>\n<script type=\"application\/ld+json\" class=\"yoast-schema-graph\">{\"@context\":\"https:\/\/schema.org\",\"@graph\":[{\"@type\":\"Article\",\"@id\":\"https:\/\/www.kommunikationsraum.at\/en\/blog\/2025\/04\/vierzehn-jahre-welch-ein-fest-ein-unternehmen-das-sich-sehen-laesst\/#article\",\"isPartOf\":{\"@id\":\"https:\/\/www.kommunikationsraum.at\/en\/blog\/2025\/04\/vierzehn-jahre-welch-ein-fest-ein-unternehmen-das-sich-sehen-laesst\/\"},\"author\":{\"name\":\"Sabine Traxler\",\"@id\":\"https:\/\/www.kommunikationsraum.at\/en\/#\/schema\/person\/040edcad1adf04fa994f04d86ea2aaaf\"},\"headline\":\"Vierzehn Jahre \u2013 welch ein Fest, ein Unternehmen, das sich sehen l\u00e4sst!\",\"datePublished\":\"2025-04-08T20:35:59+00:00\",\"dateModified\":\"2025-04-08T21:04:47+00:00\",\"mainEntityOfPage\":{\"@id\":\"https:\/\/www.kommunikationsraum.at\/en\/blog\/2025\/04\/vierzehn-jahre-welch-ein-fest-ein-unternehmen-das-sich-sehen-laesst\/\"},\"wordCount\":350,\"commentCount\":0,\"image\":{\"@id\":\"https:\/\/www.kommunikationsraum.at\/en\/blog\/2025\/04\/vierzehn-jahre-welch-ein-fest-ein-unternehmen-das-sich-sehen-laesst\/#primaryimage\"},\"thumbnailUrl\":\"https:\/\/www.kommunikationsraum.at\/wp-content\/uploads\/2025\/04\/25_04_02_JOURNAL-800x450-1.jpg\",\"articleSection\":[\"Allgemein\"],\"inLanguage\":\"en-US\",\"potentialAction\":[{\"@type\":\"CommentAction\",\"name\":\"Comment\",\"target\":[\"https:\/\/www.kommunikationsraum.at\/en\/blog\/2025\/04\/vierzehn-jahre-welch-ein-fest-ein-unternehmen-das-sich-sehen-laesst\/#respond\"]}]},{\"@type\":\"WebPage\",\"@id\":\"https:\/\/www.kommunikationsraum.at\/en\/blog\/2025\/04\/vierzehn-jahre-welch-ein-fest-ein-unternehmen-das-sich-sehen-laesst\/\",\"url\":\"https:\/\/www.kommunikationsraum.at\/en\/blog\/2025\/04\/vierzehn-jahre-welch-ein-fest-ein-unternehmen-das-sich-sehen-laesst\/\",\"name\":\"Vierzehn Jahre \u2013 welch ein Fest, ein Unternehmen, das sich sehen l\u00e4sst! - Kommunikationsraum\",\"isPartOf\":{\"@id\":\"https:\/\/www.kommunikationsraum.at\/en\/#website\"},\"primaryImageOfPage\":{\"@id\":\"https:\/\/www.kommunikationsraum.at\/en\/blog\/2025\/04\/vierzehn-jahre-welch-ein-fest-ein-unternehmen-das-sich-sehen-laesst\/#primaryimage\"},\"image\":{\"@id\":\"https:\/\/www.kommunikationsraum.at\/en\/blog\/2025\/04\/vierzehn-jahre-welch-ein-fest-ein-unternehmen-das-sich-sehen-laesst\/#primaryimage\"},\"thumbnailUrl\":\"https:\/\/www.kommunikationsraum.at\/wp-content\/uploads\/2025\/04\/25_04_02_JOURNAL-800x450-1.jpg\",\"datePublished\":\"2025-04-08T20:35:59+00:00\",\"dateModified\":\"2025-04-08T21:04:47+00:00\",\"author\":{\"@id\":\"https:\/\/www.kommunikationsraum.at\/en\/#\/schema\/person\/040edcad1adf04fa994f04d86ea2aaaf\"},\"breadcrumb\":{\"@id\":\"https:\/\/www.kommunikationsraum.at\/en\/blog\/2025\/04\/vierzehn-jahre-welch-ein-fest-ein-unternehmen-das-sich-sehen-laesst\/#breadcrumb\"},\"inLanguage\":\"en-US\",\"potentialAction\":[{\"@type\":\"ReadAction\",\"target\":[\"https:\/\/www.kommunikationsraum.at\/en\/blog\/2025\/04\/vierzehn-jahre-welch-ein-fest-ein-unternehmen-das-sich-sehen-laesst\/\"]}]},{\"@type\":\"ImageObject\",\"inLanguage\":\"en-US\",\"@id\":\"https:\/\/www.kommunikationsraum.at\/en\/blog\/2025\/04\/vierzehn-jahre-welch-ein-fest-ein-unternehmen-das-sich-sehen-laesst\/#primaryimage\",\"url\":\"https:\/\/www.kommunikationsraum.at\/wp-content\/uploads\/2025\/04\/25_04_02_JOURNAL-800x450-1.jpg\",\"contentUrl\":\"https:\/\/www.kommunikationsraum.at\/wp-content\/uploads\/2025\/04\/25_04_02_JOURNAL-800x450-1.jpg\",\"width\":800,\"height\":450},{\"@type\":\"BreadcrumbList\",\"@id\":\"https:\/\/www.kommunikationsraum.at\/en\/blog\/2025\/04\/vierzehn-jahre-welch-ein-fest-ein-unternehmen-das-sich-sehen-laesst\/#breadcrumb\",\"itemListElement\":[{\"@type\":\"ListItem\",\"position\":1,\"name\":\"Start\",\"item\":\"https:\/\/www.kommunikationsraum.at\/en\/\"},{\"@type\":\"ListItem\",\"position\":2,\"name\":\"Vierzehn Jahre \u2013 welch ein Fest, ein Unternehmen, das sich sehen l\u00e4sst!\"}]},{\"@type\":\"WebSite\",\"@id\":\"https:\/\/www.kommunikationsraum.at\/en\/#website\",\"url\":\"https:\/\/www.kommunikationsraum.at\/en\/\",\"name\":\"Kommunikationsraum\",\"description\":\"Kommunikation neu denken\",\"potentialAction\":[{\"@type\":\"SearchAction\",\"target\":{\"@type\":\"EntryPoint\",\"urlTemplate\":\"https:\/\/www.kommunikationsraum.at\/en\/?s={search_term_string}\"},\"query-input\":{\"@type\":\"PropertyValueSpecification\",\"valueRequired\":true,\"valueName\":\"search_term_string\"}}],\"inLanguage\":\"en-US\"},{\"@type\":\"Person\",\"@id\":\"https:\/\/www.kommunikationsraum.at\/en\/#\/schema\/person\/040edcad1adf04fa994f04d86ea2aaaf\",\"name\":\"Sabine Traxler\",\"url\":\"https:\/\/www.kommunikationsraum.at\/en\/blog\/author\/straxler\/\"}]}<\/script>\n<!-- \/ Yoast SEO plugin. -->","yoast_head_json":{"title":"Vierzehn Jahre \u2013 welch ein Fest, ein Unternehmen, das sich sehen l\u00e4sst! - Kommunikationsraum","robots":{"index":"index","follow":"follow","max-snippet":"max-snippet:-1","max-image-preview":"max-image-preview:large","max-video-preview":"max-video-preview:-1"},"canonical":"https:\/\/www.kommunikationsraum.at\/en\/blog\/2025\/04\/vierzehn-jahre-welch-ein-fest-ein-unternehmen-das-sich-sehen-laesst\/","og_locale":"en_US","og_type":"article","og_title":"Vierzehn Jahre \u2013 welch ein Fest, ein Unternehmen, das sich sehen l\u00e4sst! - Kommunikationsraum","og_description":"Ehrlich \u2013 wer will schon Pianissimo, wenn Fortissimo so viel mehr bewegt? Und wer will nachspielen, wenn er selbst komponieren kann? Liebes Unternehmerin-Ich, so strahlst du also hier \u2013 nach 14 Jahren auf der unternehmerischen B\u00fchne, mit einer mutigen Vision gestartet, einer Vierteljahrhundert Berufs-Erfahrung und einem starken Netzwerk. Kommunikation war dein Leitmotiv ...","og_url":"https:\/\/www.kommunikationsraum.at\/en\/blog\/2025\/04\/vierzehn-jahre-welch-ein-fest-ein-unternehmen-das-sich-sehen-laesst\/","og_site_name":"Kommunikationsraum","article_publisher":"https:\/\/www.facebook.com\/kommunikationsraumwien\/","article_published_time":"2025-04-08T20:35:59+00:00","article_modified_time":"2025-04-08T21:04:47+00:00","og_image":[{"width":800,"height":450,"url":"https:\/\/www.kommunikationsraum.at\/wp-content\/uploads\/2025\/04\/25_04_02_JOURNAL-800x450-1.jpg","type":"image\/jpeg"}],"author":"Sabine Traxler","twitter_card":"summary_large_image","twitter_creator":"@kr_hinterland","twitter_site":"@kr_hinterland","schema":{"@context":"https:\/\/schema.org","@graph":[{"@type":"Article","@id":"https:\/\/www.kommunikationsraum.at\/en\/blog\/2025\/04\/vierzehn-jahre-welch-ein-fest-ein-unternehmen-das-sich-sehen-laesst\/#article","isPartOf":{"@id":"https:\/\/www.kommunikationsraum.at\/en\/blog\/2025\/04\/vierzehn-jahre-welch-ein-fest-ein-unternehmen-das-sich-sehen-laesst\/"},"author":{"name":"Sabine Traxler","@id":"https:\/\/www.kommunikationsraum.at\/en\/#\/schema\/person\/040edcad1adf04fa994f04d86ea2aaaf"},"headline":"Vierzehn Jahre \u2013 welch ein Fest, ein Unternehmen, das sich sehen l\u00e4sst!","datePublished":"2025-04-08T20:35:59+00:00","dateModified":"2025-04-08T21:04:47+00:00","mainEntityOfPage":{"@id":"https:\/\/www.kommunikationsraum.at\/en\/blog\/2025\/04\/vierzehn-jahre-welch-ein-fest-ein-unternehmen-das-sich-sehen-laesst\/"},"wordCount":350,"commentCount":0,"image":{"@id":"https:\/\/www.kommunikationsraum.at\/en\/blog\/2025\/04\/vierzehn-jahre-welch-ein-fest-ein-unternehmen-das-sich-sehen-laesst\/#primaryimage"},"thumbnailUrl":"https:\/\/www.kommunikationsraum.at\/wp-content\/uploads\/2025\/04\/25_04_02_JOURNAL-800x450-1.jpg","articleSection":["Allgemein"],"inLanguage":"en-US","potentialAction":[{"@type":"CommentAction","name":"Comment","target":["https:\/\/www.kommunikationsraum.at\/en\/blog\/2025\/04\/vierzehn-jahre-welch-ein-fest-ein-unternehmen-das-sich-sehen-laesst\/#respond"]}]},{"@type":"WebPage","@id":"https:\/\/www.kommunikationsraum.at\/en\/blog\/2025\/04\/vierzehn-jahre-welch-ein-fest-ein-unternehmen-das-sich-sehen-laesst\/","url":"https:\/\/www.kommunikationsraum.at\/en\/blog\/2025\/04\/vierzehn-jahre-welch-ein-fest-ein-unternehmen-das-sich-sehen-laesst\/","name":"Vierzehn Jahre \u2013 welch ein Fest, ein Unternehmen, das sich sehen l\u00e4sst! - Kommunikationsraum","isPartOf":{"@id":"https:\/\/www.kommunikationsraum.at\/en\/#website"},"primaryImageOfPage":{"@id":"https:\/\/www.kommunikationsraum.at\/en\/blog\/2025\/04\/vierzehn-jahre-welch-ein-fest-ein-unternehmen-das-sich-sehen-laesst\/#primaryimage"},"image":{"@id":"https:\/\/www.kommunikationsraum.at\/en\/blog\/2025\/04\/vierzehn-jahre-welch-ein-fest-ein-unternehmen-das-sich-sehen-laesst\/#primaryimage"},"thumbnailUrl":"https:\/\/www.kommunikationsraum.at\/wp-content\/uploads\/2025\/04\/25_04_02_JOURNAL-800x450-1.jpg","datePublished":"2025-04-08T20:35:59+00:00","dateModified":"2025-04-08T21:04:47+00:00","author":{"@id":"https:\/\/www.kommunikationsraum.at\/en\/#\/schema\/person\/040edcad1adf04fa994f04d86ea2aaaf"},"breadcrumb":{"@id":"https:\/\/www.kommunikationsraum.at\/en\/blog\/2025\/04\/vierzehn-jahre-welch-ein-fest-ein-unternehmen-das-sich-sehen-laesst\/#breadcrumb"},"inLanguage":"en-US","potentialAction":[{"@type":"ReadAction","target":["https:\/\/www.kommunikationsraum.at\/en\/blog\/2025\/04\/vierzehn-jahre-welch-ein-fest-ein-unternehmen-das-sich-sehen-laesst\/"]}]},{"@type":"ImageObject","inLanguage":"en-US","@id":"https:\/\/www.kommunikationsraum.at\/en\/blog\/2025\/04\/vierzehn-jahre-welch-ein-fest-ein-unternehmen-das-sich-sehen-laesst\/#primaryimage","url":"https:\/\/www.kommunikationsraum.at\/wp-content\/uploads\/2025\/04\/25_04_02_JOURNAL-800x450-1.jpg","contentUrl":"https:\/\/www.kommunikationsraum.at\/wp-content\/uploads\/2025\/04\/25_04_02_JOURNAL-800x450-1.jpg","width":800,"height":450},{"@type":"BreadcrumbList","@id":"https:\/\/www.kommunikationsraum.at\/en\/blog\/2025\/04\/vierzehn-jahre-welch-ein-fest-ein-unternehmen-das-sich-sehen-laesst\/#breadcrumb","itemListElement":[{"@type":"ListItem","position":1,"name":"Start","item":"https:\/\/www.kommunikationsraum.at\/en\/"},{"@type":"ListItem","position":2,"name":"Vierzehn Jahre \u2013 welch ein Fest, ein Unternehmen, das sich sehen l\u00e4sst!"}]},{"@type":"WebSite","@id":"https:\/\/www.kommunikationsraum.at\/en\/#website","url":"https:\/\/www.kommunikationsraum.at\/en\/","name":"Kommunikationsraum","description":"Kommunikation neu denken","potentialAction":[{"@type":"SearchAction","target":{"@type":"EntryPoint","urlTemplate":"https:\/\/www.kommunikationsraum.at\/en\/?s={search_term_string}"},"query-input":{"@type":"PropertyValueSpecification","valueRequired":true,"valueName":"search_term_string"}}],"inLanguage":"en-US"},{"@type":"Person","@id":"https:\/\/www.kommunikationsraum.at\/en\/#\/schema\/person\/040edcad1adf04fa994f04d86ea2aaaf","name":"Sabine Traxler","url":"https:\/\/www.kommunikationsraum.at\/en\/blog\/author\/straxler\/"}]}},"_links":{"self":[{"href":"https:\/\/www.kommunikationsraum.at\/en\/wp-json\/wp\/v2\/posts\/10545","targetHints":{"allow":["GET"]}}],"collection":[{"href":"https:\/\/www.kommunikationsraum.at\/en\/wp-json\/wp\/v2\/posts"}],"about":[{"href":"https:\/\/www.kommunikationsraum.at\/en\/wp-json\/wp\/v2\/types\/post"}],"author":[{"embeddable":true,"href":"https:\/\/www.kommunikationsraum.at\/en\/wp-json\/wp\/v2\/users\/2"}],"replies":[{"embeddable":true,"href":"https:\/\/www.kommunikationsraum.at\/en\/wp-json\/wp\/v2\/comments?post=10545"}],"version-history":[{"count":9,"href":"https:\/\/www.kommunikationsraum.at\/en\/wp-json\/wp\/v2\/posts\/10545\/revisions"}],"predecessor-version":[{"id":10560,"href":"https:\/\/www.kommunikationsraum.at\/en\/wp-json\/wp\/v2\/posts\/10545\/revisions\/10560"}],"wp:featuredmedia":[{"embeddable":true,"href":"https:\/\/www.kommunikationsraum.at\/en\/wp-json\/wp\/v2\/media\/10547"}],"wp:attachment":[{"href":"https:\/\/www.kommunikationsraum.at\/en\/wp-json\/wp\/v2\/media?parent=10545"}],"wp:term":[{"taxonomy":"category","embeddable":true,"href":"https:\/\/www.kommunikationsraum.at\/en\/wp-json\/wp\/v2\/categories?post=10545"},{"taxonomy":"post_tag","embeddable":true,"href":"https:\/\/www.kommunikationsraum.at\/en\/wp-json\/wp\/v2\/tags?post=10545"}],"curies":[{"name":"wp","href":"https:\/\/api.w.org\/{rel}","templated":true}]}}