{"id":5264,"date":"2021-09-16T19:58:23","date_gmt":"2021-09-16T17:58:23","guid":{"rendered":"https:\/\/www.kommunikationsraum.at\/?p=5264"},"modified":"2022-04-26T11:29:18","modified_gmt":"2022-04-26T09:29:18","slug":"die-sache-mit-den-superhuehnern","status":"publish","type":"post","link":"https:\/\/www.kommunikationsraum.at\/en\/blog\/2021\/09\/die-sache-mit-den-superhuehnern\/","title":{"rendered":"Die Sache mit den Superh\u00fchnern"},"content":{"rendered":"\t\t<div data-elementor-type=\"wp-post\" data-elementor-id=\"5264\" class=\"elementor elementor-5264\">\n\t\t\t\t\t\t<div class=\"elementor-inner\">\n\t\t\t\t<div class=\"elementor-section-wrap\">\n\t\t\t\t\t\t\t\t\t<section class=\"elementor-section elementor-top-section elementor-element elementor-element-3ceae1c elementor-section-full_width elementor-section-height-default elementor-section-height-default\" data-id=\"3ceae1c\" data-element_type=\"section\">\n\t\t\t\t\t\t<div class=\"elementor-container elementor-column-gap-no\">\n\t\t\t\t\t\t\t<div class=\"elementor-row\">\n\t\t\t\t\t<aside class=\"elementor-column elementor-col-33 elementor-top-column elementor-element elementor-element-43cb067\" data-id=\"43cb067\" data-element_type=\"column\">\n\t\t\t<div class=\"elementor-column-wrap elementor-element-populated\">\n\t\t\t\t\t\t\t<div class=\"elementor-widget-wrap\">\n\t\t\t\t\t\t<div class=\"elementor-element elementor-element-72a3c21 elementor-hidden-desktop elementor-hidden-tablet elementor-widget elementor-widget-image\" data-id=\"72a3c21\" data-element_type=\"widget\" data-widget_type=\"image.default\">\n\t\t\t\t<div class=\"elementor-widget-container\">\n\t\t\t\t\t\t\t\t<div class=\"elementor-image\">\n\t\t\t\t\t\t\t\t\t\t\t\t\t<a href=\"https:\/\/www.kommunikationsraum.at\/blog\/\">\n\t\t\t\t\t\t\t<img loading=\"lazy\" decoding=\"async\" width=\"800\" height=\"600\" src=\"https:\/\/www.kommunikationsraum.at\/wp-content\/uploads\/2021\/03\/journal-800x600-1.png\" class=\"attachment-full size-full wp-image-2843\" alt=\"\" srcset=\"https:\/\/www.kommunikationsraum.at\/wp-content\/uploads\/2021\/03\/journal-800x600-1.png 800w, https:\/\/www.kommunikationsraum.at\/wp-content\/uploads\/2021\/03\/journal-800x600-1-300x225.png 300w, https:\/\/www.kommunikationsraum.at\/wp-content\/uploads\/2021\/03\/journal-800x600-1-768x576.png 768w\" sizes=\"auto, (max-width: 800px) 100vw, 800px\" \/>\t\t\t\t\t\t\t\t<\/a>\n\t\t\t\t\t\t\t\t\t\t\t\t\t\t<\/div>\n\t\t\t\t\t\t<\/div>\n\t\t\t\t<\/div>\n\t\t\t\t<div class=\"elementor-element elementor-element-acf63b3 elementor-widget elementor-widget-image\" data-id=\"acf63b3\" data-element_type=\"widget\" data-widget_type=\"image.default\">\n\t\t\t\t<div class=\"elementor-widget-container\">\n\t\t\t\t\t\t\t\t<div class=\"elementor-image\">\n\t\t\t\t\t\t\t\t\t\t\t\t<img loading=\"lazy\" decoding=\"async\" width=\"800\" height=\"600\" src=\"https:\/\/www.kommunikationsraum.at\/wp-content\/uploads\/2021\/09\/JOURNAL-huehner-800x600-1.jpg\" class=\"attachment-full size-full wp-image-5266\" alt=\"\" srcset=\"https:\/\/www.kommunikationsraum.at\/wp-content\/uploads\/2021\/09\/JOURNAL-huehner-800x600-1.jpg 800w, https:\/\/www.kommunikationsraum.at\/wp-content\/uploads\/2021\/09\/JOURNAL-huehner-800x600-1-300x225.jpg 300w, https:\/\/www.kommunikationsraum.at\/wp-content\/uploads\/2021\/09\/JOURNAL-huehner-800x600-1-768x576.jpg 768w\" sizes=\"auto, (max-width: 800px) 100vw, 800px\" \/>\t\t\t\t\t\t\t\t\t\t\t\t\t\t<\/div>\n\t\t\t\t\t\t<\/div>\n\t\t\t\t<\/div>\n\t\t\t\t\t\t<\/div>\n\t\t\t\t\t<\/div>\n\t\t<\/aside>\n\t\t\t\t<article class=\"elementor-column elementor-col-33 elementor-top-column elementor-element elementor-element-aa3524e\" data-id=\"aa3524e\" data-element_type=\"column\">\n\t\t\t<div class=\"elementor-column-wrap elementor-element-populated\">\n\t\t\t\t\t\t\t<div class=\"elementor-widget-wrap\">\n\t\t\t\t\t\t<div class=\"elementor-element elementor-element-84368b0 subpage elementor-widget elementor-widget-text-editor\" data-id=\"84368b0\" data-element_type=\"widget\" data-widget_type=\"text-editor.default\">\n\t\t\t\t<div class=\"elementor-widget-container\">\n\t\t\t\t\t\t\t\t<div class=\"elementor-text-editor elementor-clearfix\">\n\t\t\t\t<h3><strong>Die Sache mit den Superh\u00fchnern<\/strong><\/h3>\t\t\t\t\t<\/div>\n\t\t\t\t\t\t<\/div>\n\t\t\t\t<\/div>\n\t\t\t\t<div class=\"elementor-element elementor-element-eddc7f8 elementor-widget elementor-widget-text-editor\" data-id=\"eddc7f8\" data-element_type=\"widget\" data-widget_type=\"text-editor.default\">\n\t\t\t\t<div class=\"elementor-widget-container\">\n\t\t\t\t\t\t\t\t<div class=\"elementor-text-editor elementor-clearfix\">\n\t\t\t\t<p><a href=\"https:\/\/www.kommunikationsraum.at\/real-world\/team\/\" target=\"_blank\" rel=\"noreferrer noopener\">Bettina Pepek<\/a><\/p>\t\t\t\t\t<\/div>\n\t\t\t\t\t\t<\/div>\n\t\t\t\t<\/div>\n\t\t\t\t<div class=\"elementor-element elementor-element-546b8c7 elementor-widget elementor-widget-text-editor\" data-id=\"546b8c7\" data-element_type=\"widget\" data-widget_type=\"text-editor.default\">\n\t\t\t\t<div class=\"elementor-widget-container\">\n\t\t\t\t\t\t\t\t<div class=\"elementor-text-editor elementor-clearfix\">\n\t\t\t\t<p>Worin misst sich die Produktivit\u00e4t von H\u00fchnern? Genau: In der Anzahl der Eier, die sie legen. Um herauszufinden, was H\u00fchner produktiver macht, f\u00fchrte der Evolutionbiologe William Muir folgendes Experiment durch: Er bildete zwei Gruppen von H\u00fchnern: Die Gruppe eins mit solchen, die \u00fcberdurchschnittlich viele Eier legten, &#8211; die sogenannten Superh\u00fchner &#8211; wo sich nur die produktivsten fortpflanzten und die zweite Gruppe mit durchschnittlichen H\u00fchnern, die sich unabh\u00e4ngig von ihrer Produktivit\u00e4t fortpflanzen, so wie sie wollen.<\/p><p>\u00a0<\/p><p>Nach sechs Generationen zeigte sich, dass die Durchschnittsh\u00fchner nicht nur gesund, und vollgefiedert sind, sie \u00fcberraschen zudem mit einer h\u00f6heren Leistung im Vergleich zur ersten Generation. Von der Gruppe der Superh\u00fchner hingegen waren nur drei am Leben geblieben, alle anderen hatten sich gegenseitig zu Tode gepickt. Hohe Produktivit\u00e4t dank Durchsetzungskraft. UND: Die Tatsache gezielter Selektion verst\u00e4rkt das Konkurrenzverhalten und die Aggression. Individuum vor Gruppe f\u00fchrt letztlich dazu, dass die Superrasse sich gegenseitig ausrottet.<\/p><p>\u00a0<\/p><p>Warum mir dieses Experiment ausgerechnet w\u00e4hrend meines j\u00fcngsten <a href=\"https:\/\/2021.alpbach.org\/\" target=\"_blank\" rel=\"noopener\">Alpach-Aufenthaltes<\/a> wieder einfiel?<\/p><p>Wir werden die Zukunft Europas nicht allein durch Selektion der \u201cbesten K\u00f6pfe\u201d erfolgreich gestalten. Vielmehr sind Perspektivenvielfalt, Kooperation und Mut zum Musterwechsel gefragt.<\/p>\t\t\t\t\t<\/div>\n\t\t\t\t\t\t<\/div>\n\t\t\t\t<\/div>\n\t\t\t\t<div class=\"elementor-element elementor-element-758642e elementor-widget elementor-widget-text-editor\" data-id=\"758642e\" data-element_type=\"widget\" data-widget_type=\"text-editor.default\">\n\t\t\t\t<div class=\"elementor-widget-container\">\n\t\t\t\t\t\t\t\t<div class=\"elementor-text-editor elementor-clearfix\">\n\t\t\t\t<p><strong>A new playbook<\/strong><\/p><p>Mit Hilfe neuer <a href=\"https:\/\/www.kommunikationsraum.at\/\" target=\"_blank\" rel=\"noopener\">Kommunikationsr\u00e4ume<\/a>, neuen Kommunikationsformaten.<\/p><p>Kommunikation beschr\u00e4nkt sich nicht auf die Kampagnisierung von Themen. Kommunikation beschr\u00e4nkt sich nicht auf die Abteilung Unternehmenskommunikation. Kommunikation ist die Organisation. Kommunikation verbindet Menschen. Kommunikation f\u00f6rdert im Idealfall unsere Konnektivit\u00e4t mit und zu anderen. Wir Menschen sind \u201crelational beings\u201d!<\/p><p>\u00a0<\/p><p>Der Autor Frederic Laloux lieferte dazu \u00fcbrigens in seinem \u00fcberaus h\u00f6renswerten EFA21-Beitrag ein Script, das diese sechs Grundz\u00fcge beinhaltet:<\/p><table><tbody><tr><td width=\"292\"><p><strong>Less<\/strong><\/p><\/td><td width=\"292\"><p><strong>More<\/strong><\/p><\/td><\/tr><tr><td width=\"292\"><p>Information<\/p><\/td><td width=\"292\"><p>Emotional reckoning<\/p><\/td><\/tr><tr><td width=\"292\"><p>Top down messaging<\/p><\/td><td width=\"292\"><p>Peer influence and sense of identity<\/p><\/td><\/tr><tr><td width=\"292\"><p>Individual<\/p><\/td><td width=\"292\"><p>Collective<\/p><\/td><\/tr><tr><td width=\"292\"><p>Fear, Guilt<\/p><\/td><td width=\"292\"><p>Pride, joy, courage<\/p><\/td><\/tr><tr><td width=\"292\"><p>Call to action<\/p><\/td><td width=\"292\"><p>Change of narrative<\/p><\/td><\/tr><\/tbody><\/table>\t\t\t\t\t<\/div>\n\t\t\t\t\t\t<\/div>\n\t\t\t\t<\/div>\n\t\t\t\t<div class=\"elementor-element elementor-element-4b35f16 elementor-widget elementor-widget-text-editor\" data-id=\"4b35f16\" data-element_type=\"widget\" data-widget_type=\"text-editor.default\">\n\t\t\t\t<div class=\"elementor-widget-container\">\n\t\t\t\t\t\t\t\t<div class=\"elementor-text-editor elementor-clearfix\">\n\t\t\t\t<p><strong>From the ego to the ecosystem<\/strong><\/p><p>Damit wir (noch mehr) Superh\u00fchner-Zuchtstationen &#8211; und damit Verschwendung von Kraft, Energie und Lebensfreude &#8211; vermeiden, stellt euch doch auch diese Fragen.<\/p><p>\u00a0<\/p><ul><li>Was l\u00e4sst uns zu Silodenkern werden?<\/li><li>Wer oder Was f\u00f6rdert das Gegeneinander?<\/li><li>Welche Prozesse und Strukturen blockieren abteilungs\u00fcbergreifende Zusammenarbeit?<\/li><li>Spielen Rankings und Vergleichslisten eine wichtige Rolle bei bspw. Bef\u00f6rderung- und Bonifizierung?<\/li><li>Wenn ich kooperiere: Wird das anerkannt und wertgesch\u00e4tzt?<\/li><li>Auf einer Skala von 1-10: Wieviel Spa\u00df haben wir bei der Arbeit?<\/li><li>Wann habe ich\/haben wir zuletzt herzlich gelacht?<\/li><\/ul><p>(Quellen: F\u00f6rsterKreuz, kommunikationsraum)<\/p>\t\t\t\t\t<\/div>\n\t\t\t\t\t\t<\/div>\n\t\t\t\t<\/div>\n\t\t\t\t<div class=\"elementor-element elementor-element-913adb8 elementor-widget elementor-widget-text-editor\" data-id=\"913adb8\" data-element_type=\"widget\" data-widget_type=\"text-editor.default\">\n\t\t\t\t<div class=\"elementor-widget-container\">\n\t\t\t\t\t\t\t\t<div class=\"elementor-text-editor elementor-clearfix\">\n\t\t\t\t<p>Die H\u00fchner aus Gruppe 2 waren vielleicht durchschnittlich in ihrer urspr\u00fcnglichen Produktivit\u00e4t, sie hatten allerdings offenbar \u00fcberdurchschnittlich viel Freude daran miteinander zu leben und so zu nachhaltigem Wachstum beizutragen.<\/p>\t\t\t\t\t<\/div>\n\t\t\t\t\t\t<\/div>\n\t\t\t\t<\/div>\n\t\t\t\t\t\t<\/div>\n\t\t\t\t\t<\/div>\n\t\t<\/article>\n\t\t\t\t<aside class=\"elementor-column elementor-col-33 elementor-top-column elementor-element elementor-element-726fae6\" data-id=\"726fae6\" data-element_type=\"column\">\n\t\t\t<div class=\"elementor-column-wrap elementor-element-populated\">\n\t\t\t\t\t\t\t<div class=\"elementor-widget-wrap\">\n\t\t\t\t\t\t<div class=\"elementor-element elementor-element-8b2aefd elementor-hidden-phone elementor-widget elementor-widget-image\" data-id=\"8b2aefd\" data-element_type=\"widget\" data-widget_type=\"image.default\">\n\t\t\t\t<div class=\"elementor-widget-container\">\n\t\t\t\t\t\t\t\t<div class=\"elementor-image\">\n\t\t\t\t\t\t\t\t\t\t\t\t\t<a href=\"https:\/\/www.kommunikationsraum.at\/blog\/\">\n\t\t\t\t\t\t\t<img loading=\"lazy\" decoding=\"async\" width=\"800\" height=\"600\" src=\"https:\/\/www.kommunikationsraum.at\/wp-content\/uploads\/2021\/03\/journal-800x600-1.png\" class=\"attachment-full size-full wp-image-2843\" alt=\"\" srcset=\"https:\/\/www.kommunikationsraum.at\/wp-content\/uploads\/2021\/03\/journal-800x600-1.png 800w, https:\/\/www.kommunikationsraum.at\/wp-content\/uploads\/2021\/03\/journal-800x600-1-300x225.png 300w, https:\/\/www.kommunikationsraum.at\/wp-content\/uploads\/2021\/03\/journal-800x600-1-768x576.png 768w\" sizes=\"auto, (max-width: 800px) 100vw, 800px\" \/>\t\t\t\t\t\t\t\t<\/a>\n\t\t\t\t\t\t\t\t\t\t\t\t\t\t<\/div>\n\t\t\t\t\t\t<\/div>\n\t\t\t\t<\/div>\n\t\t\t\t<div class=\"elementor-element elementor-element-44bd265 elementor-hidden-phone elementor-widget elementor-widget-spacer\" data-id=\"44bd265\" data-element_type=\"widget\" data-widget_type=\"spacer.default\">\n\t\t\t\t<div class=\"elementor-widget-container\">\n\t\t\t\t\t<div class=\"elementor-spacer\">\n\t\t\t<div class=\"elementor-spacer-inner\"><\/div>\n\t\t<\/div>\n\t\t\t\t<\/div>\n\t\t\t\t<\/div>\n\t\t\t\t<div class=\"elementor-element elementor-element-55ab200 elementor-widget elementor-widget-text-editor\" data-id=\"55ab200\" data-element_type=\"widget\" data-widget_type=\"text-editor.default\">\n\t\t\t\t<div class=\"elementor-widget-container\">\n\t\t\t\t\t\t\t\t<div class=\"elementor-text-editor elementor-clearfix\">\n\t\t\t\t<p><strong>Weiterf\u00fchrende Links:<\/strong><\/p><p>\u00a0<\/p><p>From the ego to the ecosystem:<\/p><p><a href=\"https:\/\/www.presencing.org\/\" target=\"_blank\" rel=\"noopener\">Presencing Institute<\/a><\/p><p>\u00a0<\/p><p><strong>Buchtipps:<\/strong><\/p><p>\u00a0<\/p><p><a href=\"https:\/\/www.amazon.de\/Das-Ende-Gier-Individualismus-Gesellschaft\/dp\/3827501423\/ref=sr_1_1?__mk_de_DE=%C3%85M%C3%85%C5%BD%C3%95%C3%91&amp;dchild=1&amp;keywords=das+ende+der+Gier&amp;qid=1631787263&amp;sr=8-1\" target=\"_blank\" rel=\"noopener\">Das Ende der Gier<\/a><\/p><p>Paul Collier, John Kay<\/p><p>\u00a0<\/p><p><a href=\"https:\/\/www.amazon.de\/Die-neuen-M%C3%A4chte-Bewegungen-Machtstrukturen\/dp\/3827501172\/ref=sr_1_2?adgrpid=3816426029&amp;dchild=1&amp;hvadid=80745417106784&amp;hvbmt=bp&amp;hvdev=c&amp;hvlocint=143352&amp;hvlocphy=146488&amp;hvnetw=o&amp;hvqmt=p&amp;hvtargid=kwd-80745452357989%3Aloc-10&amp;keywords=new+power&amp;qid=1632130901&amp;sr=8-2\" target=\"_blank\" rel=\"noopener\">Die neuen M\u00e4chte \u2013 New Power: Warum vernetzte Ideen und Bewegungen die alten Machtstrukturen ver\u00e4ndern &#8211; und wie wir dies f\u00fcr uns nutzen k\u00f6nnen<\/a><br \/>Jeremy Heimans, Henry Timms<\/p>\t\t\t\t\t<\/div>\n\t\t\t\t\t\t<\/div>\n\t\t\t\t<\/div>\n\t\t\t\t\t\t<\/div>\n\t\t\t\t\t<\/div>\n\t\t<\/aside>\n\t\t\t\t\t\t\t\t<\/div>\n\t\t\t\t\t<\/div>\n\t\t<\/section>\n\t\t\t\t\t\t\t\t\t<\/div>\n\t\t\t<\/div>\n\t\t\t\t\t<\/div>\n\t\t","protected":false},"excerpt":{"rendered":"<p>Worin misst sich die Produktivit\u00e4t von H\u00fchnern? Genau: In der Anzahl der Eier, die sie legen. Um herauszufinden, was H\u00fchner produktiver macht, f\u00fchrte der Evolutionsbiologe William Muir folgendes Experiment durch: Er bildete zwei Gruppen von H\u00fchnern: Die Gruppe eins mit solchen, die \u00fcberdurchschnittlich viele Eier legten, &#8211; die sogenannten Superh\u00fchner &#8211; wo sich nur die produktivsten fortpflanzten &#8230;<\/p>\n","protected":false},"author":2,"featured_media":5271,"comment_status":"open","ping_status":"open","sticky":false,"template":"elementor_header_footer","format":"standard","meta":{"footnotes":""},"categories":[1],"tags":[],"class_list":["post-5264","post","type-post","status-publish","format-standard","has-post-thumbnail","hentry","category-allgemein"],"yoast_head":"<!-- This site is optimized with the Yoast SEO plugin v27.2 - https:\/\/yoast.com\/product\/yoast-seo-wordpress\/ -->\n<title>Die Sache mit den Superh\u00fchnern - Kommunikationsraum<\/title>\n<meta name=\"robots\" content=\"index, follow, max-snippet:-1, max-image-preview:large, max-video-preview:-1\" \/>\n<link rel=\"canonical\" href=\"https:\/\/www.kommunikationsraum.at\/en\/blog\/2021\/09\/die-sache-mit-den-superhuehnern\/\" \/>\n<meta property=\"og:locale\" content=\"en_US\" \/>\n<meta property=\"og:type\" content=\"article\" \/>\n<meta property=\"og:title\" content=\"Die Sache mit den Superh\u00fchnern - Kommunikationsraum\" \/>\n<meta property=\"og:description\" content=\"Worin misst sich die Produktivit\u00e4t von H\u00fchnern? Genau: In der Anzahl der Eier, die sie legen. Um herauszufinden, was H\u00fchner produktiver macht, f\u00fchrte der Evolutionsbiologe William Muir folgendes Experiment durch: Er bildete zwei Gruppen von H\u00fchnern: Die Gruppe eins mit solchen, die \u00fcberdurchschnittlich viele Eier legten, - die sogenannten Superh\u00fchner - wo sich nur die produktivsten fortpflanzten ...\" \/>\n<meta property=\"og:url\" content=\"https:\/\/www.kommunikationsraum.at\/en\/blog\/2021\/09\/die-sache-mit-den-superhuehnern\/\" \/>\n<meta property=\"og:site_name\" content=\"Kommunikationsraum\" \/>\n<meta property=\"article:publisher\" content=\"https:\/\/www.facebook.com\/kommunikationsraumwien\/\" \/>\n<meta property=\"article:published_time\" content=\"2021-09-16T17:58:23+00:00\" \/>\n<meta property=\"article:modified_time\" content=\"2022-04-26T09:29:18+00:00\" \/>\n<meta property=\"og:image\" content=\"https:\/\/www.kommunikationsraum.at\/wp-content\/uploads\/2021\/09\/JOURNAL-huehner-800x450-1.jpg\" \/>\n\t<meta property=\"og:image:width\" content=\"800\" \/>\n\t<meta property=\"og:image:height\" content=\"450\" \/>\n\t<meta property=\"og:image:type\" content=\"image\/jpeg\" \/>\n<meta name=\"author\" content=\"Sabine Traxler\" \/>\n<meta name=\"twitter:card\" content=\"summary_large_image\" \/>\n<meta name=\"twitter:creator\" content=\"@kr_hinterland\" \/>\n<meta name=\"twitter:site\" content=\"@kr_hinterland\" \/>\n<script type=\"application\/ld+json\" class=\"yoast-schema-graph\">{\"@context\":\"https:\/\/schema.org\",\"@graph\":[{\"@type\":\"Article\",\"@id\":\"https:\/\/www.kommunikationsraum.at\/en\/blog\/2021\/09\/die-sache-mit-den-superhuehnern\/#article\",\"isPartOf\":{\"@id\":\"https:\/\/www.kommunikationsraum.at\/en\/blog\/2021\/09\/die-sache-mit-den-superhuehnern\/\"},\"author\":{\"name\":\"Sabine Traxler\",\"@id\":\"https:\/\/www.kommunikationsraum.at\/en\/#\/schema\/person\/040edcad1adf04fa994f04d86ea2aaaf\"},\"headline\":\"Die Sache mit den Superh\u00fchnern\",\"datePublished\":\"2021-09-16T17:58:23+00:00\",\"dateModified\":\"2022-04-26T09:29:18+00:00\",\"mainEntityOfPage\":{\"@id\":\"https:\/\/www.kommunikationsraum.at\/en\/blog\/2021\/09\/die-sache-mit-den-superhuehnern\/\"},\"wordCount\":495,\"commentCount\":0,\"image\":{\"@id\":\"https:\/\/www.kommunikationsraum.at\/en\/blog\/2021\/09\/die-sache-mit-den-superhuehnern\/#primaryimage\"},\"thumbnailUrl\":\"https:\/\/www.kommunikationsraum.at\/wp-content\/uploads\/2021\/09\/JOURNAL-huehner-800x450-1.jpg\",\"articleSection\":[\"Allgemein\"],\"inLanguage\":\"en-US\",\"potentialAction\":[{\"@type\":\"CommentAction\",\"name\":\"Comment\",\"target\":[\"https:\/\/www.kommunikationsraum.at\/en\/blog\/2021\/09\/die-sache-mit-den-superhuehnern\/#respond\"]}]},{\"@type\":\"WebPage\",\"@id\":\"https:\/\/www.kommunikationsraum.at\/en\/blog\/2021\/09\/die-sache-mit-den-superhuehnern\/\",\"url\":\"https:\/\/www.kommunikationsraum.at\/en\/blog\/2021\/09\/die-sache-mit-den-superhuehnern\/\",\"name\":\"Die Sache mit den Superh\u00fchnern - Kommunikationsraum\",\"isPartOf\":{\"@id\":\"https:\/\/www.kommunikationsraum.at\/en\/#website\"},\"primaryImageOfPage\":{\"@id\":\"https:\/\/www.kommunikationsraum.at\/en\/blog\/2021\/09\/die-sache-mit-den-superhuehnern\/#primaryimage\"},\"image\":{\"@id\":\"https:\/\/www.kommunikationsraum.at\/en\/blog\/2021\/09\/die-sache-mit-den-superhuehnern\/#primaryimage\"},\"thumbnailUrl\":\"https:\/\/www.kommunikationsraum.at\/wp-content\/uploads\/2021\/09\/JOURNAL-huehner-800x450-1.jpg\",\"datePublished\":\"2021-09-16T17:58:23+00:00\",\"dateModified\":\"2022-04-26T09:29:18+00:00\",\"author\":{\"@id\":\"https:\/\/www.kommunikationsraum.at\/en\/#\/schema\/person\/040edcad1adf04fa994f04d86ea2aaaf\"},\"breadcrumb\":{\"@id\":\"https:\/\/www.kommunikationsraum.at\/en\/blog\/2021\/09\/die-sache-mit-den-superhuehnern\/#breadcrumb\"},\"inLanguage\":\"en-US\",\"potentialAction\":[{\"@type\":\"ReadAction\",\"target\":[\"https:\/\/www.kommunikationsraum.at\/en\/blog\/2021\/09\/die-sache-mit-den-superhuehnern\/\"]}]},{\"@type\":\"ImageObject\",\"inLanguage\":\"en-US\",\"@id\":\"https:\/\/www.kommunikationsraum.at\/en\/blog\/2021\/09\/die-sache-mit-den-superhuehnern\/#primaryimage\",\"url\":\"https:\/\/www.kommunikationsraum.at\/wp-content\/uploads\/2021\/09\/JOURNAL-huehner-800x450-1.jpg\",\"contentUrl\":\"https:\/\/www.kommunikationsraum.at\/wp-content\/uploads\/2021\/09\/JOURNAL-huehner-800x450-1.jpg\",\"width\":800,\"height\":450},{\"@type\":\"BreadcrumbList\",\"@id\":\"https:\/\/www.kommunikationsraum.at\/en\/blog\/2021\/09\/die-sache-mit-den-superhuehnern\/#breadcrumb\",\"itemListElement\":[{\"@type\":\"ListItem\",\"position\":1,\"name\":\"Start\",\"item\":\"https:\/\/www.kommunikationsraum.at\/en\/\"},{\"@type\":\"ListItem\",\"position\":2,\"name\":\"Die Sache mit den Superh\u00fchnern\"}]},{\"@type\":\"WebSite\",\"@id\":\"https:\/\/www.kommunikationsraum.at\/en\/#website\",\"url\":\"https:\/\/www.kommunikationsraum.at\/en\/\",\"name\":\"Kommunikationsraum\",\"description\":\"Kommunikation neu denken\",\"potentialAction\":[{\"@type\":\"SearchAction\",\"target\":{\"@type\":\"EntryPoint\",\"urlTemplate\":\"https:\/\/www.kommunikationsraum.at\/en\/?s={search_term_string}\"},\"query-input\":{\"@type\":\"PropertyValueSpecification\",\"valueRequired\":true,\"valueName\":\"search_term_string\"}}],\"inLanguage\":\"en-US\"},{\"@type\":\"Person\",\"@id\":\"https:\/\/www.kommunikationsraum.at\/en\/#\/schema\/person\/040edcad1adf04fa994f04d86ea2aaaf\",\"name\":\"Sabine Traxler\",\"url\":\"https:\/\/www.kommunikationsraum.at\/en\/blog\/author\/straxler\/\"}]}<\/script>\n<!-- \/ Yoast SEO plugin. -->","yoast_head_json":{"title":"Die Sache mit den Superh\u00fchnern - Kommunikationsraum","robots":{"index":"index","follow":"follow","max-snippet":"max-snippet:-1","max-image-preview":"max-image-preview:large","max-video-preview":"max-video-preview:-1"},"canonical":"https:\/\/www.kommunikationsraum.at\/en\/blog\/2021\/09\/die-sache-mit-den-superhuehnern\/","og_locale":"en_US","og_type":"article","og_title":"Die Sache mit den Superh\u00fchnern - Kommunikationsraum","og_description":"Worin misst sich die Produktivit\u00e4t von H\u00fchnern? Genau: In der Anzahl der Eier, die sie legen. Um herauszufinden, was H\u00fchner produktiver macht, f\u00fchrte der Evolutionsbiologe William Muir folgendes Experiment durch: Er bildete zwei Gruppen von H\u00fchnern: Die Gruppe eins mit solchen, die \u00fcberdurchschnittlich viele Eier legten, - die sogenannten Superh\u00fchner - wo sich nur die produktivsten fortpflanzten ...","og_url":"https:\/\/www.kommunikationsraum.at\/en\/blog\/2021\/09\/die-sache-mit-den-superhuehnern\/","og_site_name":"Kommunikationsraum","article_publisher":"https:\/\/www.facebook.com\/kommunikationsraumwien\/","article_published_time":"2021-09-16T17:58:23+00:00","article_modified_time":"2022-04-26T09:29:18+00:00","og_image":[{"width":800,"height":450,"url":"https:\/\/www.kommunikationsraum.at\/wp-content\/uploads\/2021\/09\/JOURNAL-huehner-800x450-1.jpg","type":"image\/jpeg"}],"author":"Sabine Traxler","twitter_card":"summary_large_image","twitter_creator":"@kr_hinterland","twitter_site":"@kr_hinterland","schema":{"@context":"https:\/\/schema.org","@graph":[{"@type":"Article","@id":"https:\/\/www.kommunikationsraum.at\/en\/blog\/2021\/09\/die-sache-mit-den-superhuehnern\/#article","isPartOf":{"@id":"https:\/\/www.kommunikationsraum.at\/en\/blog\/2021\/09\/die-sache-mit-den-superhuehnern\/"},"author":{"name":"Sabine Traxler","@id":"https:\/\/www.kommunikationsraum.at\/en\/#\/schema\/person\/040edcad1adf04fa994f04d86ea2aaaf"},"headline":"Die Sache mit den Superh\u00fchnern","datePublished":"2021-09-16T17:58:23+00:00","dateModified":"2022-04-26T09:29:18+00:00","mainEntityOfPage":{"@id":"https:\/\/www.kommunikationsraum.at\/en\/blog\/2021\/09\/die-sache-mit-den-superhuehnern\/"},"wordCount":495,"commentCount":0,"image":{"@id":"https:\/\/www.kommunikationsraum.at\/en\/blog\/2021\/09\/die-sache-mit-den-superhuehnern\/#primaryimage"},"thumbnailUrl":"https:\/\/www.kommunikationsraum.at\/wp-content\/uploads\/2021\/09\/JOURNAL-huehner-800x450-1.jpg","articleSection":["Allgemein"],"inLanguage":"en-US","potentialAction":[{"@type":"CommentAction","name":"Comment","target":["https:\/\/www.kommunikationsraum.at\/en\/blog\/2021\/09\/die-sache-mit-den-superhuehnern\/#respond"]}]},{"@type":"WebPage","@id":"https:\/\/www.kommunikationsraum.at\/en\/blog\/2021\/09\/die-sache-mit-den-superhuehnern\/","url":"https:\/\/www.kommunikationsraum.at\/en\/blog\/2021\/09\/die-sache-mit-den-superhuehnern\/","name":"Die Sache mit den Superh\u00fchnern - Kommunikationsraum","isPartOf":{"@id":"https:\/\/www.kommunikationsraum.at\/en\/#website"},"primaryImageOfPage":{"@id":"https:\/\/www.kommunikationsraum.at\/en\/blog\/2021\/09\/die-sache-mit-den-superhuehnern\/#primaryimage"},"image":{"@id":"https:\/\/www.kommunikationsraum.at\/en\/blog\/2021\/09\/die-sache-mit-den-superhuehnern\/#primaryimage"},"thumbnailUrl":"https:\/\/www.kommunikationsraum.at\/wp-content\/uploads\/2021\/09\/JOURNAL-huehner-800x450-1.jpg","datePublished":"2021-09-16T17:58:23+00:00","dateModified":"2022-04-26T09:29:18+00:00","author":{"@id":"https:\/\/www.kommunikationsraum.at\/en\/#\/schema\/person\/040edcad1adf04fa994f04d86ea2aaaf"},"breadcrumb":{"@id":"https:\/\/www.kommunikationsraum.at\/en\/blog\/2021\/09\/die-sache-mit-den-superhuehnern\/#breadcrumb"},"inLanguage":"en-US","potentialAction":[{"@type":"ReadAction","target":["https:\/\/www.kommunikationsraum.at\/en\/blog\/2021\/09\/die-sache-mit-den-superhuehnern\/"]}]},{"@type":"ImageObject","inLanguage":"en-US","@id":"https:\/\/www.kommunikationsraum.at\/en\/blog\/2021\/09\/die-sache-mit-den-superhuehnern\/#primaryimage","url":"https:\/\/www.kommunikationsraum.at\/wp-content\/uploads\/2021\/09\/JOURNAL-huehner-800x450-1.jpg","contentUrl":"https:\/\/www.kommunikationsraum.at\/wp-content\/uploads\/2021\/09\/JOURNAL-huehner-800x450-1.jpg","width":800,"height":450},{"@type":"BreadcrumbList","@id":"https:\/\/www.kommunikationsraum.at\/en\/blog\/2021\/09\/die-sache-mit-den-superhuehnern\/#breadcrumb","itemListElement":[{"@type":"ListItem","position":1,"name":"Start","item":"https:\/\/www.kommunikationsraum.at\/en\/"},{"@type":"ListItem","position":2,"name":"Die Sache mit den Superh\u00fchnern"}]},{"@type":"WebSite","@id":"https:\/\/www.kommunikationsraum.at\/en\/#website","url":"https:\/\/www.kommunikationsraum.at\/en\/","name":"Kommunikationsraum","description":"Kommunikation neu denken","potentialAction":[{"@type":"SearchAction","target":{"@type":"EntryPoint","urlTemplate":"https:\/\/www.kommunikationsraum.at\/en\/?s={search_term_string}"},"query-input":{"@type":"PropertyValueSpecification","valueRequired":true,"valueName":"search_term_string"}}],"inLanguage":"en-US"},{"@type":"Person","@id":"https:\/\/www.kommunikationsraum.at\/en\/#\/schema\/person\/040edcad1adf04fa994f04d86ea2aaaf","name":"Sabine Traxler","url":"https:\/\/www.kommunikationsraum.at\/en\/blog\/author\/straxler\/"}]}},"_links":{"self":[{"href":"https:\/\/www.kommunikationsraum.at\/en\/wp-json\/wp\/v2\/posts\/5264","targetHints":{"allow":["GET"]}}],"collection":[{"href":"https:\/\/www.kommunikationsraum.at\/en\/wp-json\/wp\/v2\/posts"}],"about":[{"href":"https:\/\/www.kommunikationsraum.at\/en\/wp-json\/wp\/v2\/types\/post"}],"author":[{"embeddable":true,"href":"https:\/\/www.kommunikationsraum.at\/en\/wp-json\/wp\/v2\/users\/2"}],"replies":[{"embeddable":true,"href":"https:\/\/www.kommunikationsraum.at\/en\/wp-json\/wp\/v2\/comments?post=5264"}],"version-history":[{"count":71,"href":"https:\/\/www.kommunikationsraum.at\/en\/wp-json\/wp\/v2\/posts\/5264\/revisions"}],"predecessor-version":[{"id":6742,"href":"https:\/\/www.kommunikationsraum.at\/en\/wp-json\/wp\/v2\/posts\/5264\/revisions\/6742"}],"wp:featuredmedia":[{"embeddable":true,"href":"https:\/\/www.kommunikationsraum.at\/en\/wp-json\/wp\/v2\/media\/5271"}],"wp:attachment":[{"href":"https:\/\/www.kommunikationsraum.at\/en\/wp-json\/wp\/v2\/media?parent=5264"}],"wp:term":[{"taxonomy":"category","embeddable":true,"href":"https:\/\/www.kommunikationsraum.at\/en\/wp-json\/wp\/v2\/categories?post=5264"},{"taxonomy":"post_tag","embeddable":true,"href":"https:\/\/www.kommunikationsraum.at\/en\/wp-json\/wp\/v2\/tags?post=5264"}],"curies":[{"name":"wp","href":"https:\/\/api.w.org\/{rel}","templated":true}]}}