{"id":6102,"date":"2021-11-20T00:04:00","date_gmt":"2021-11-19T23:04:00","guid":{"rendered":"https:\/\/www.kommunikationsraum.at\/?p=6102"},"modified":"2022-06-27T12:15:13","modified_gmt":"2022-06-27T10:15:13","slug":"wichtig-ist-just-do-it","status":"publish","type":"post","link":"https:\/\/www.kommunikationsraum.at\/en\/blog\/2021\/11\/wichtig-ist-just-do-it\/","title":{"rendered":"\u201cWichtig ist: Just do it!\u201d"},"content":{"rendered":"\t\t<div data-elementor-type=\"wp-post\" data-elementor-id=\"6102\" class=\"elementor elementor-6102\">\n\t\t\t\t\t\t<div class=\"elementor-inner\">\n\t\t\t\t<div class=\"elementor-section-wrap\">\n\t\t\t\t\t\t\t\t\t<section class=\"elementor-section elementor-top-section elementor-element elementor-element-3ceae1c elementor-section-full_width elementor-section-height-default elementor-section-height-default\" data-id=\"3ceae1c\" data-element_type=\"section\">\n\t\t\t\t\t\t<div class=\"elementor-container elementor-column-gap-no\">\n\t\t\t\t\t\t\t<div class=\"elementor-row\">\n\t\t\t\t\t<aside class=\"elementor-column elementor-col-33 elementor-top-column elementor-element elementor-element-43cb067\" data-id=\"43cb067\" data-element_type=\"column\">\n\t\t\t<div class=\"elementor-column-wrap elementor-element-populated\">\n\t\t\t\t\t\t\t<div class=\"elementor-widget-wrap\">\n\t\t\t\t\t\t<div class=\"elementor-element elementor-element-72a3c21 elementor-hidden-desktop elementor-hidden-tablet elementor-widget elementor-widget-image\" data-id=\"72a3c21\" data-element_type=\"widget\" data-widget_type=\"image.default\">\n\t\t\t\t<div class=\"elementor-widget-container\">\n\t\t\t\t\t\t\t\t<div class=\"elementor-image\">\n\t\t\t\t\t\t\t\t\t\t\t\t\t<a href=\"https:\/\/www.kommunikationsraum.at\/blog\/\">\n\t\t\t\t\t\t\t<img loading=\"lazy\" decoding=\"async\" width=\"800\" height=\"600\" src=\"https:\/\/www.kommunikationsraum.at\/wp-content\/uploads\/2021\/03\/journal-800x600-1.png\" class=\"attachment-full size-full wp-image-2843\" alt=\"\" srcset=\"https:\/\/www.kommunikationsraum.at\/wp-content\/uploads\/2021\/03\/journal-800x600-1.png 800w, https:\/\/www.kommunikationsraum.at\/wp-content\/uploads\/2021\/03\/journal-800x600-1-300x225.png 300w, https:\/\/www.kommunikationsraum.at\/wp-content\/uploads\/2021\/03\/journal-800x600-1-768x576.png 768w\" sizes=\"auto, (max-width: 800px) 100vw, 800px\" \/>\t\t\t\t\t\t\t\t<\/a>\n\t\t\t\t\t\t\t\t\t\t\t\t\t\t<\/div>\n\t\t\t\t\t\t<\/div>\n\t\t\t\t<\/div>\n\t\t\t\t<div class=\"elementor-element elementor-element-acf63b3 elementor-widget elementor-widget-image\" data-id=\"acf63b3\" data-element_type=\"widget\" data-widget_type=\"image.default\">\n\t\t\t\t<div class=\"elementor-widget-container\">\n\t\t\t\t\t\t\t\t<div class=\"elementor-image\">\n\t\t\t\t\t\t\t\t\t\t\t\t<img loading=\"lazy\" decoding=\"async\" width=\"800\" height=\"600\" src=\"https:\/\/www.kommunikationsraum.at\/wp-content\/uploads\/2021\/12\/JOURNAL-BuE-800x600-1.jpg\" class=\"attachment-full size-full wp-image-6105\" alt=\"\" srcset=\"https:\/\/www.kommunikationsraum.at\/wp-content\/uploads\/2021\/12\/JOURNAL-BuE-800x600-1.jpg 800w, https:\/\/www.kommunikationsraum.at\/wp-content\/uploads\/2021\/12\/JOURNAL-BuE-800x600-1-300x225.jpg 300w, https:\/\/www.kommunikationsraum.at\/wp-content\/uploads\/2021\/12\/JOURNAL-BuE-800x600-1-768x576.jpg 768w\" sizes=\"auto, (max-width: 800px) 100vw, 800px\" \/>\t\t\t\t\t\t\t\t\t\t\t\t\t\t<\/div>\n\t\t\t\t\t\t<\/div>\n\t\t\t\t<\/div>\n\t\t\t\t\t\t<\/div>\n\t\t\t\t\t<\/div>\n\t\t<\/aside>\n\t\t\t\t<article class=\"elementor-column elementor-col-33 elementor-top-column elementor-element elementor-element-aa3524e\" data-id=\"aa3524e\" data-element_type=\"column\">\n\t\t\t<div class=\"elementor-column-wrap elementor-element-populated\">\n\t\t\t\t\t\t\t<div class=\"elementor-widget-wrap\">\n\t\t\t\t\t\t<div class=\"elementor-element elementor-element-84368b0 subpage elementor-widget elementor-widget-text-editor\" data-id=\"84368b0\" data-element_type=\"widget\" data-widget_type=\"text-editor.default\">\n\t\t\t\t<div class=\"elementor-widget-container\">\n\t\t\t\t\t\t\t\t<div class=\"elementor-text-editor elementor-clearfix\">\n\t\t\t\t<h3><strong>\u201cWichtig ist: Just do it!\u201d<\/strong><\/h3>\t\t\t\t\t<\/div>\n\t\t\t\t\t\t<\/div>\n\t\t\t\t<\/div>\n\t\t\t\t<div class=\"elementor-element elementor-element-eddc7f8 elementor-widget elementor-widget-text-editor\" data-id=\"eddc7f8\" data-element_type=\"widget\" data-widget_type=\"text-editor.default\">\n\t\t\t\t<div class=\"elementor-widget-container\">\n\t\t\t\t\t\t\t\t<div class=\"elementor-text-editor elementor-clearfix\">\n\t\t\t\t<p><a href=\"https:\/\/www.kommunikationsraum.at\/real-world\/team\/\" target=\"_blank\" rel=\"noreferrer noopener\">Bettina Pepek<\/a><\/p>\t\t\t\t\t<\/div>\n\t\t\t\t\t\t<\/div>\n\t\t\t\t<\/div>\n\t\t\t\t<div class=\"elementor-element elementor-element-e9d1aaa elementor-widget elementor-widget-text-editor\" data-id=\"e9d1aaa\" data-element_type=\"widget\" data-widget_type=\"text-editor.default\">\n\t\t\t\t<div class=\"elementor-widget-container\">\n\t\t\t\t\t\t\t\t<div class=\"elementor-text-editor elementor-clearfix\">\n\t\t\t\t<p><strong><span lang=\"DE\">Kaffee, Chia-Pudding, Mandelcroissant \u2026 sehr analog diskutiere ich im Rahmen unseres Fr\u00fchst\u00fccksformat Bright&amp;Early mit der Compliance Expertin und kommunikationsraum Netzwerkpartnerin Prof. Dr. Cordula Meckenstock \u00fcber Chancen und Risken, Regelungswahn und Gestaltungsauftrag im Zusammenhang mit K\u00fcnstlicher Intelligenz.<\/span><\/strong><\/p>\t\t\t\t\t<\/div>\n\t\t\t\t\t\t<\/div>\n\t\t\t\t<\/div>\n\t\t\t\t<div class=\"elementor-element elementor-element-546b8c7 elementor-widget elementor-widget-text-editor\" data-id=\"546b8c7\" data-element_type=\"widget\" data-widget_type=\"text-editor.default\">\n\t\t\t\t<div class=\"elementor-widget-container\">\n\t\t\t\t\t\t\t\t<div class=\"elementor-text-editor elementor-clearfix\">\n\t\t\t\t<ul><li><strong>Was sind im Zusammenhang mit AI aus Ihrer Sicht die gr\u00f6\u00dften Herausforderungen?<\/strong><\/li><\/ul>\t\t\t\t\t<\/div>\n\t\t\t\t\t\t<\/div>\n\t\t\t\t<\/div>\n\t\t\t\t<div class=\"elementor-element elementor-element-758642e elementor-widget elementor-widget-text-editor\" data-id=\"758642e\" data-element_type=\"widget\" data-widget_type=\"text-editor.default\">\n\t\t\t\t<div class=\"elementor-widget-container\">\n\t\t\t\t\t\t\t\t<div class=\"elementor-text-editor elementor-clearfix\">\n\t\t\t\t<p>Entscheidend ist der Wille, sich dieses Themas in den F\u00fchrungsetagen anzunehmen, die Entwicklung hinreichender Digital Literacy und eine gesunde und balancierte Wahrnehmung der Risiken und Chancen. Europa und Unternehmen sind aufgefordert zu gestalten und sich nicht als reine Nutzer zu verstehen bzw. Tatsachen als gegeben hinzunehmen.<\/p>\t\t\t\t\t<\/div>\n\t\t\t\t\t\t<\/div>\n\t\t\t\t<\/div>\n\t\t\t\t<div class=\"elementor-element elementor-element-4b35f16 elementor-widget elementor-widget-text-editor\" data-id=\"4b35f16\" data-element_type=\"widget\" data-widget_type=\"text-editor.default\">\n\t\t\t\t<div class=\"elementor-widget-container\">\n\t\t\t\t\t\t\t\t<div class=\"elementor-text-editor elementor-clearfix\">\n\t\t\t\t<ul><li><strong>Viele haben das Gef\u00fchl, dass zu viel geregelt wird und auch der <a href=\"https:\/\/www.europarl.europa.eu\/RegData\/docs_autres_institutions\/commission_europeenne\/com\/2021\/0206\/COM_COM(2021)0206_EN.pdf\" target=\"_blank\" rel=\"noopener\">Artifical Intelligence-Act<\/a> ein B\u00fcrokratie-St\u00fcck ist, die Gestaltung dabei hintenansteht. Was ist wichtiger \u2013 regeln oder machen?<\/strong><\/li><\/ul>\t\t\t\t\t<\/div>\n\t\t\t\t\t\t<\/div>\n\t\t\t\t<\/div>\n\t\t\t\t<div class=\"elementor-element elementor-element-a690e01 elementor-widget elementor-widget-text-editor\" data-id=\"a690e01\" data-element_type=\"widget\" data-widget_type=\"text-editor.default\">\n\t\t\t\t<div class=\"elementor-widget-container\">\n\t\t\t\t\t\t\t\t<div class=\"elementor-text-editor elementor-clearfix\">\n\t\t\t\t<p>Beides ist gleich wichtig in der jeweils richtigen Dosierung und Reihenfolge. Nur regeln erstickt Innovation im Keim. Nur machen f\u00fchrt zu technischen Entwicklungen, die m\u00f6glicherweise nicht zu unserem Menschenbild und Wertesystem passen. Entscheidend ist den Fortschritt zu antizipieren und zuzulassen und Regelungen vor allem nicht dann erst zu erlassen, wenn sie technisch schon wieder \u00fcberholt sind. Ein Negativ-Beispiel ist die Datenschutzgrundverordnung, die beim Erlass schon wieder veraltet war.<\/p>\t\t\t\t\t<\/div>\n\t\t\t\t\t\t<\/div>\n\t\t\t\t<\/div>\n\t\t\t\t<div class=\"elementor-element elementor-element-d4b9d4d elementor-widget elementor-widget-text-editor\" data-id=\"d4b9d4d\" data-element_type=\"widget\" data-widget_type=\"text-editor.default\">\n\t\t\t\t<div class=\"elementor-widget-container\">\n\t\t\t\t\t\t\t\t<div class=\"elementor-text-editor elementor-clearfix\">\n\t\t\t\t<ul><li><strong>Reguliert die EU zu viel und ger\u00e4t Europa dadurch ins Hintertreffen?<\/strong><\/li><\/ul>\t\t\t\t\t<\/div>\n\t\t\t\t\t\t<\/div>\n\t\t\t\t<\/div>\n\t\t\t\t<div class=\"elementor-element elementor-element-913adb8 elementor-widget elementor-widget-text-editor\" data-id=\"913adb8\" data-element_type=\"widget\" data-widget_type=\"text-editor.default\">\n\t\t\t\t<div class=\"elementor-widget-container\">\n\t\t\t\t\t\t\t\t<div class=\"elementor-text-editor elementor-clearfix\">\n\t\t\t\t<p>Generell ist es eine Chance, EU-weit regulieren zu k\u00f6nnen. Das ist die Basis f\u00fcr uns als Werte- und Rechtsgemeinschaft mit sehr hohem Niveau an Menschenrechten, Wohlstand und Sicherheit. Das hohe Verbraucherschutzniveau, die gro\u00dfe Planungssicherheit f\u00fcr Investoren und die einheitlich gute Qualit\u00e4t des Trinkwassers sind positive Beispiele. Was (zu Recht) als negativ wahrgenommen wird, ist m.E. der sehr langwierige Rechtssetzungsprozess, der zu komplizierten und versp\u00e4teten Kompromissen f\u00fchrt. \u00a0<\/p>\t\t\t\t\t<\/div>\n\t\t\t\t\t\t<\/div>\n\t\t\t\t<\/div>\n\t\t\t\t<div class=\"elementor-element elementor-element-e45f132 elementor-widget elementor-widget-text-editor\" data-id=\"e45f132\" data-element_type=\"widget\" data-widget_type=\"text-editor.default\">\n\t\t\t\t<div class=\"elementor-widget-container\">\n\t\t\t\t\t\t\t\t<div class=\"elementor-text-editor elementor-clearfix\">\n\t\t\t\t<ul><li><strong>K\u00f6nnen Sie uns Beispiele aus der Praxis nennen? Wie kann ein Gestaltungsrahmen f\u00fcr Organisationen aussehen?<\/strong><\/li><\/ul>\t\t\t\t\t<\/div>\n\t\t\t\t\t\t<\/div>\n\t\t\t\t<\/div>\n\t\t\t\t<div class=\"elementor-element elementor-element-7d0648b elementor-widget elementor-widget-text-editor\" data-id=\"7d0648b\" data-element_type=\"widget\" data-widget_type=\"text-editor.default\">\n\t\t\t\t<div class=\"elementor-widget-container\">\n\t\t\t\t\t\t\t\t<div class=\"elementor-text-editor elementor-clearfix\">\n\t\t\t\t<p>Wichtig: Just do it!<\/p><p>Sinnvoll ist es, von Prinzipien auszugehen, nach denen man mit Daten und k\u00fcnstlicher Intelligenz umgehen will &#8211; zum Beispiel in einer Charta f\u00fcr Digitale Ethik. Prinzipien k\u00f6nnten sein: Erkl\u00e4rbarkeit, Selbstverantwortung des Menschen, Transparenz etc. Dann gilt es, diese Prinzipien auf die Stra\u00dfe zu bringen, d.h. in der Organisation die Prozesse und Situationen zu identifizieren, in denen Unklarheit, Unsicherheit herrscht, und daf\u00fcr einen konkreten \u00a0Handlungsma\u00dfstab zu definieren. Zum Beispiel lassen sich aus den Prinzipien pr\u00e4zise Handlungsanweisungen ableiten f\u00fcr den Umgang mit Social Media, mit Algorithmen im Recruiting, bei Kreditvergaben und in der Gesichtserkennung \u00fcber Kameras etc. Das Sch\u00f6ne an einer prinzipienbasierten Charta ist, dass neue Situationen nach diesen \u00fcbergeordneten Prinzipien erfasst und bewertet werden k\u00f6nnen. Entwickelt wird das crossfunktional, also \u00fcber Abteilungs- und Hierarchiegrenzen hinweg.<\/p>\t\t\t\t\t<\/div>\n\t\t\t\t\t\t<\/div>\n\t\t\t\t<\/div>\n\t\t\t\t<div class=\"elementor-element elementor-element-ec88dbc elementor-widget elementor-widget-text-editor\" data-id=\"ec88dbc\" data-element_type=\"widget\" data-widget_type=\"text-editor.default\">\n\t\t\t\t<div class=\"elementor-widget-container\">\n\t\t\t\t\t\t\t\t<div class=\"elementor-text-editor elementor-clearfix\">\n\t\t\t\t<ul><li><strong>Wie schaut Ihrer Meinung nach das ideale crossfunktionale Team aus?<\/strong><\/li><\/ul>\t\t\t\t\t<\/div>\n\t\t\t\t\t\t<\/div>\n\t\t\t\t<\/div>\n\t\t\t\t<div class=\"elementor-element elementor-element-4516d75 elementor-widget elementor-widget-text-editor\" data-id=\"4516d75\" data-element_type=\"widget\" data-widget_type=\"text-editor.default\">\n\t\t\t\t<div class=\"elementor-widget-container\">\n\t\t\t\t\t\t\t\t<div class=\"elementor-text-editor elementor-clearfix\">\n\t\t\t\t<p>M\u00f6glichst bunt. Es ist wichtig, einen ganz breiten Blick auf das Thema zu bekommen, dass eben nicht (nur) Thema der IT ist. Es ist eine Mischung aus strategischem, ethischem, technischem, HR- und Kommunikations-Thema. Entsprechend vielf\u00e4ltig soll das crossfunktionale Team auch sein: Unterschiedlichen Kompetenzen und damit Perspektivenvielfalt f\u00fcr das Thema K\u00fcnstliche Intelligenz. Das f\u00fchrt meiner Erfahrung nach zu ausgewogenen und auch akzeptierten L\u00f6sungen.<\/p>\t\t\t\t\t<\/div>\n\t\t\t\t\t\t<\/div>\n\t\t\t\t<\/div>\n\t\t\t\t<div class=\"elementor-element elementor-element-899aba0 elementor-widget elementor-widget-text-editor\" data-id=\"899aba0\" data-element_type=\"widget\" data-widget_type=\"text-editor.default\">\n\t\t\t\t<div class=\"elementor-widget-container\">\n\t\t\t\t\t\t\t\t<div class=\"elementor-text-editor elementor-clearfix\">\n\t\t\t\t<p>Vielen Dank f\u00fcr das Gespr\u00e4ch!<\/p>\t\t\t\t\t<\/div>\n\t\t\t\t\t\t<\/div>\n\t\t\t\t<\/div>\n\t\t\t\t<div class=\"elementor-element elementor-element-ccc94b0 elementor-widget elementor-widget-text-editor\" data-id=\"ccc94b0\" data-element_type=\"widget\" data-widget_type=\"text-editor.default\">\n\t\t\t\t<div class=\"elementor-widget-container\">\n\t\t\t\t\t\t\t\t<div class=\"elementor-text-editor elementor-clearfix\">\n\t\t\t\t<p><strong>Signalwirkung aus Deutschland<\/strong><\/p>\t\t\t\t\t<\/div>\n\t\t\t\t\t\t<\/div>\n\t\t\t\t<\/div>\n\t\t\t\t<div class=\"elementor-element elementor-element-5fdc956 elementor-widget elementor-widget-text-editor\" data-id=\"5fdc956\" data-element_type=\"widget\" data-widget_type=\"text-editor.default\">\n\t\t\t\t<div class=\"elementor-widget-container\">\n\t\t\t\t\t\t\t\t<div class=\"elementor-text-editor elementor-clearfix\">\n\t\t\t\t<p>Kurz nach diesem Gespr\u00e4ch wurde \u00fcbrigens das Koalitionspapier der neuen deutschen Regierung ver\u00f6ffentlicht und es enth\u00e4lt tats\u00e4chlich Hoffnung auf einen gestalterischen Zugang zu wichtigen netzpolitischen Themen. Zum Beispiel positioniert sich die Ampelkoalition klar: \u00a0<\/p><p>\u00a0\u201e<strong>Biometrische Erkennung im o\u0308ffentlichen Raum<\/strong>\u00a0sowie\u00a0<strong>automatisierte staatliche Scoring Systeme durch KI<\/strong>\u00a0sind europarechtlich auszuschlie\u00dfen.\u201c<\/p><p>Damit spricht sich die neue deutsche Ampelregierung f\u00fcr ein\u00a0<strong>Verbot des Einsatzes von Gesichtserkennung durch Strafverfolgungsbeh\u00f6rden\u00a0<\/strong>aus. Sie geht damit noch weiter als die EU-Kommission, die vorschlug, biometrische Erkennung zwar einzuschr\u00e4nken, aber zur Bek\u00e4mpfung schwerer Verbrechen wie Terrorismus oder Kindesentf\u00fchrung zu erlauben. Dass Deutschland sich nun deutlich f\u00fcr ein Verbot positioniert, k\u00f6nnte\u00a0<strong>Signalwirkung f\u00fcr andere europ\u00e4ische Staaten<\/strong>\u00a0haben, die bislang noch nicht zum AI Act Stellung bezogen haben, argumentiert <a href=\"https:\/\/www.politico.eu\/article\/german-coalition-backs-ban-on-facial-recognition-in-public-places\/\" target=\"_blank\" rel=\"noopener\">Politico<\/a>. \u00d6sterreich etwa verlangt, dass der Einsatz von Gesichtserkennungstechnologien auch f\u00fcr private Unternehmen eingeschr\u00e4nkt wird. Einigen sich die europ\u00e4ischen Staaten auf eine\u00a0<strong>klare, gemeinsame Haltung gegen biometrische \u00dcberwachung und Social Scoring<\/strong>, k\u00f6nnte dies ein echter Meilenstein f\u00fcr die\u00a0<strong>Wahrung der Grund- und Freiheitsrechte in Europa<\/strong>\u00a0sein, so <a href=\"https:\/\/join-ada.com\/de\/home#journalismus\" target=\"_blank\" rel=\"noopener\">ADA<\/a>.<\/p>\t\t\t\t\t<\/div>\n\t\t\t\t\t\t<\/div>\n\t\t\t\t<\/div>\n\t\t\t\t<div class=\"elementor-element elementor-element-b4e3813 elementor-widget elementor-widget-text-editor\" data-id=\"b4e3813\" data-element_type=\"widget\" data-widget_type=\"text-editor.default\">\n\t\t\t\t<div class=\"elementor-widget-container\">\n\t\t\t\t\t\t\t\t<div class=\"elementor-text-editor elementor-clearfix\">\n\t\t\t\t<p>Bettina Pepek f\u00fcr kommunikationsraum | Dezember 2021<\/p>\t\t\t\t\t<\/div>\n\t\t\t\t\t\t<\/div>\n\t\t\t\t<\/div>\n\t\t\t\t\t\t<\/div>\n\t\t\t\t\t<\/div>\n\t\t<\/article>\n\t\t\t\t<aside class=\"elementor-column elementor-col-33 elementor-top-column elementor-element elementor-element-726fae6\" data-id=\"726fae6\" data-element_type=\"column\">\n\t\t\t<div class=\"elementor-column-wrap elementor-element-populated\">\n\t\t\t\t\t\t\t<div class=\"elementor-widget-wrap\">\n\t\t\t\t\t\t<div class=\"elementor-element elementor-element-8b2aefd elementor-hidden-phone elementor-widget elementor-widget-image\" data-id=\"8b2aefd\" data-element_type=\"widget\" data-widget_type=\"image.default\">\n\t\t\t\t<div class=\"elementor-widget-container\">\n\t\t\t\t\t\t\t\t<div class=\"elementor-image\">\n\t\t\t\t\t\t\t\t\t\t\t\t\t<a href=\"https:\/\/www.kommunikationsraum.at\/blog\/\">\n\t\t\t\t\t\t\t<img loading=\"lazy\" decoding=\"async\" width=\"800\" height=\"600\" src=\"https:\/\/www.kommunikationsraum.at\/wp-content\/uploads\/2021\/03\/journal-800x600-1.png\" class=\"attachment-full size-full wp-image-2843\" alt=\"\" srcset=\"https:\/\/www.kommunikationsraum.at\/wp-content\/uploads\/2021\/03\/journal-800x600-1.png 800w, https:\/\/www.kommunikationsraum.at\/wp-content\/uploads\/2021\/03\/journal-800x600-1-300x225.png 300w, https:\/\/www.kommunikationsraum.at\/wp-content\/uploads\/2021\/03\/journal-800x600-1-768x576.png 768w\" sizes=\"auto, (max-width: 800px) 100vw, 800px\" \/>\t\t\t\t\t\t\t\t<\/a>\n\t\t\t\t\t\t\t\t\t\t\t\t\t\t<\/div>\n\t\t\t\t\t\t<\/div>\n\t\t\t\t<\/div>\n\t\t\t\t<div class=\"elementor-element elementor-element-44bd265 elementor-hidden-phone elementor-widget elementor-widget-spacer\" data-id=\"44bd265\" data-element_type=\"widget\" data-widget_type=\"spacer.default\">\n\t\t\t\t<div class=\"elementor-widget-container\">\n\t\t\t\t\t<div class=\"elementor-spacer\">\n\t\t\t<div class=\"elementor-spacer-inner\"><\/div>\n\t\t<\/div>\n\t\t\t\t<\/div>\n\t\t\t\t<\/div>\n\t\t\t\t<div class=\"elementor-element elementor-element-55ab200 elementor-widget elementor-widget-text-editor\" data-id=\"55ab200\" data-element_type=\"widget\" data-widget_type=\"text-editor.default\">\n\t\t\t\t<div class=\"elementor-widget-container\">\n\t\t\t\t\t\t\t\t<div class=\"elementor-text-editor elementor-clearfix\">\n\t\t\t\t<p><strong>Weiterf\u00fchrende Links:<\/strong><\/p><p>\u00a0<\/p><p><a href=\"https:\/\/sloanreview.mit.edu\/article\/ais-communication-upsides\/\" target=\"_blank\" rel=\"noopener\">AI\u2019s Communication Upsides<\/a>, mit.edu<\/p><p>\u00a0<\/p><p><a href=\"https:\/\/sloanreview.mit.edu\/video\/developing-a-culture-of-ai\/\" target=\"_blank\" rel=\"noopener\">Developing a Culture of AI<\/a>, mit.edu<\/p><p>\u00a0<\/p><p><a href=\"https:\/\/morals-machines.com\/\" target=\"_blank\" rel=\"noopener\">Morals &amp; Machines<\/a>, morals-machines.com<\/p><p>\u00a0<\/p><p>MIT Sloan Podcast Serie Me, Myself and AI: <a href=\"https:\/\/sloanreview.mit.edu\/audio\/technology-as-a-force-for-good-salesforces-paula-goldman\/\" target=\"_blank\" rel=\"noopener\">Technology as a Force for Good: Salesforce\u2019s Paula Goldman<\/a>, (mit.edu)<\/p><p>\u00a0<\/p><p>JOURNALBEITRAG<\/p><p><a href=\"https:\/\/www.kommunikationsraum.at\/blog\/2021\/11\/framing-ai-intelligente-narrative-fuer-eine-digitale-welt\/\" target=\"_blank\" rel=\"noopener\">Framing AI &#8211; Intelligente Narrative f\u00fcr eine digitale Welt<\/a><\/p>\t\t\t\t\t<\/div>\n\t\t\t\t\t\t<\/div>\n\t\t\t\t<\/div>\n\t\t\t\t\t\t<\/div>\n\t\t\t\t\t<\/div>\n\t\t<\/aside>\n\t\t\t\t\t\t\t\t<\/div>\n\t\t\t\t\t<\/div>\n\t\t<\/section>\n\t\t\t\t\t\t\t\t\t<\/div>\n\t\t\t<\/div>\n\t\t\t\t\t<\/div>\n\t\t","protected":false},"excerpt":{"rendered":"<p>Kaffee, Chia-Pudding, Mandelcroissant \u2026 sehr analog diskutiere ich im Rahmen unseres Fr\u00fchst\u00fccksformat Bright&#038;Early mit der Compliance Expertin und kommunikationsraum Netzwerkpartnerin Prof. Dr. Cordula Meckenstock \u00fcber Chancen und Risken, Regelungswahn und Gestaltungsauftrag im Zusammenhang mit K\u00fcnstlicher Intelligenz.<\/p>\n","protected":false},"author":2,"featured_media":6106,"comment_status":"open","ping_status":"open","sticky":false,"template":"elementor_header_footer","format":"standard","meta":{"footnotes":""},"categories":[1],"tags":[],"class_list":["post-6102","post","type-post","status-publish","format-standard","has-post-thumbnail","hentry","category-allgemein"],"yoast_head":"<!-- This site is optimized with the Yoast SEO plugin v27.2 - https:\/\/yoast.com\/product\/yoast-seo-wordpress\/ -->\n<title>\u201cWichtig ist: Just do it!\u201d - Kommunikationsraum<\/title>\n<meta name=\"robots\" content=\"index, follow, max-snippet:-1, max-image-preview:large, max-video-preview:-1\" \/>\n<link rel=\"canonical\" href=\"https:\/\/www.kommunikationsraum.at\/en\/blog\/2021\/11\/wichtig-ist-just-do-it\/\" \/>\n<meta property=\"og:locale\" content=\"en_US\" \/>\n<meta property=\"og:type\" content=\"article\" \/>\n<meta property=\"og:title\" content=\"\u201cWichtig ist: Just do it!\u201d - Kommunikationsraum\" \/>\n<meta property=\"og:description\" content=\"Kaffee, Chia-Pudding, Mandelcroissant \u2026 sehr analog diskutiere ich im Rahmen unseres Fr\u00fchst\u00fccksformat Bright&amp;Early mit der Compliance Expertin und kommunikationsraum Netzwerkpartnerin Prof. Dr. Cordula Meckenstock \u00fcber Chancen und Risken, Regelungswahn und Gestaltungsauftrag im Zusammenhang mit K\u00fcnstlicher Intelligenz.\" \/>\n<meta property=\"og:url\" content=\"https:\/\/www.kommunikationsraum.at\/en\/blog\/2021\/11\/wichtig-ist-just-do-it\/\" \/>\n<meta property=\"og:site_name\" content=\"Kommunikationsraum\" \/>\n<meta property=\"article:publisher\" content=\"https:\/\/www.facebook.com\/kommunikationsraumwien\/\" \/>\n<meta property=\"article:published_time\" content=\"2021-11-19T23:04:00+00:00\" \/>\n<meta property=\"article:modified_time\" content=\"2022-06-27T10:15:13+00:00\" \/>\n<meta property=\"og:image\" content=\"https:\/\/www.kommunikationsraum.at\/wp-content\/uploads\/2021\/12\/JOURNAL-BuE-800x450-1.jpg\" \/>\n\t<meta property=\"og:image:width\" content=\"800\" \/>\n\t<meta property=\"og:image:height\" content=\"450\" \/>\n\t<meta property=\"og:image:type\" content=\"image\/jpeg\" \/>\n<meta name=\"author\" content=\"Sabine Traxler\" \/>\n<meta name=\"twitter:card\" content=\"summary_large_image\" \/>\n<meta name=\"twitter:creator\" content=\"@kr_hinterland\" \/>\n<meta name=\"twitter:site\" content=\"@kr_hinterland\" \/>\n<script type=\"application\/ld+json\" class=\"yoast-schema-graph\">{\"@context\":\"https:\/\/schema.org\",\"@graph\":[{\"@type\":\"Article\",\"@id\":\"https:\/\/www.kommunikationsraum.at\/en\/blog\/2021\/11\/wichtig-ist-just-do-it\/#article\",\"isPartOf\":{\"@id\":\"https:\/\/www.kommunikationsraum.at\/en\/blog\/2021\/11\/wichtig-ist-just-do-it\/\"},\"author\":{\"name\":\"Sabine Traxler\",\"@id\":\"https:\/\/www.kommunikationsraum.at\/en\/#\/schema\/person\/040edcad1adf04fa994f04d86ea2aaaf\"},\"headline\":\"\u201cWichtig ist: Just do it!\u201d\",\"datePublished\":\"2021-11-19T23:04:00+00:00\",\"dateModified\":\"2022-06-27T10:15:13+00:00\",\"mainEntityOfPage\":{\"@id\":\"https:\/\/www.kommunikationsraum.at\/en\/blog\/2021\/11\/wichtig-ist-just-do-it\/\"},\"wordCount\":800,\"commentCount\":0,\"image\":{\"@id\":\"https:\/\/www.kommunikationsraum.at\/en\/blog\/2021\/11\/wichtig-ist-just-do-it\/#primaryimage\"},\"thumbnailUrl\":\"https:\/\/www.kommunikationsraum.at\/wp-content\/uploads\/2021\/12\/JOURNAL-BuE-800x450-1.jpg\",\"articleSection\":[\"Allgemein\"],\"inLanguage\":\"en-US\",\"potentialAction\":[{\"@type\":\"CommentAction\",\"name\":\"Comment\",\"target\":[\"https:\/\/www.kommunikationsraum.at\/en\/blog\/2021\/11\/wichtig-ist-just-do-it\/#respond\"]}]},{\"@type\":\"WebPage\",\"@id\":\"https:\/\/www.kommunikationsraum.at\/en\/blog\/2021\/11\/wichtig-ist-just-do-it\/\",\"url\":\"https:\/\/www.kommunikationsraum.at\/en\/blog\/2021\/11\/wichtig-ist-just-do-it\/\",\"name\":\"\u201cWichtig ist: Just do it!\u201d - Kommunikationsraum\",\"isPartOf\":{\"@id\":\"https:\/\/www.kommunikationsraum.at\/en\/#website\"},\"primaryImageOfPage\":{\"@id\":\"https:\/\/www.kommunikationsraum.at\/en\/blog\/2021\/11\/wichtig-ist-just-do-it\/#primaryimage\"},\"image\":{\"@id\":\"https:\/\/www.kommunikationsraum.at\/en\/blog\/2021\/11\/wichtig-ist-just-do-it\/#primaryimage\"},\"thumbnailUrl\":\"https:\/\/www.kommunikationsraum.at\/wp-content\/uploads\/2021\/12\/JOURNAL-BuE-800x450-1.jpg\",\"datePublished\":\"2021-11-19T23:04:00+00:00\",\"dateModified\":\"2022-06-27T10:15:13+00:00\",\"author\":{\"@id\":\"https:\/\/www.kommunikationsraum.at\/en\/#\/schema\/person\/040edcad1adf04fa994f04d86ea2aaaf\"},\"breadcrumb\":{\"@id\":\"https:\/\/www.kommunikationsraum.at\/en\/blog\/2021\/11\/wichtig-ist-just-do-it\/#breadcrumb\"},\"inLanguage\":\"en-US\",\"potentialAction\":[{\"@type\":\"ReadAction\",\"target\":[\"https:\/\/www.kommunikationsraum.at\/en\/blog\/2021\/11\/wichtig-ist-just-do-it\/\"]}]},{\"@type\":\"ImageObject\",\"inLanguage\":\"en-US\",\"@id\":\"https:\/\/www.kommunikationsraum.at\/en\/blog\/2021\/11\/wichtig-ist-just-do-it\/#primaryimage\",\"url\":\"https:\/\/www.kommunikationsraum.at\/wp-content\/uploads\/2021\/12\/JOURNAL-BuE-800x450-1.jpg\",\"contentUrl\":\"https:\/\/www.kommunikationsraum.at\/wp-content\/uploads\/2021\/12\/JOURNAL-BuE-800x450-1.jpg\",\"width\":800,\"height\":450},{\"@type\":\"BreadcrumbList\",\"@id\":\"https:\/\/www.kommunikationsraum.at\/en\/blog\/2021\/11\/wichtig-ist-just-do-it\/#breadcrumb\",\"itemListElement\":[{\"@type\":\"ListItem\",\"position\":1,\"name\":\"Start\",\"item\":\"https:\/\/www.kommunikationsraum.at\/en\/\"},{\"@type\":\"ListItem\",\"position\":2,\"name\":\"\u201cWichtig ist: Just do it!\u201d\"}]},{\"@type\":\"WebSite\",\"@id\":\"https:\/\/www.kommunikationsraum.at\/en\/#website\",\"url\":\"https:\/\/www.kommunikationsraum.at\/en\/\",\"name\":\"Kommunikationsraum\",\"description\":\"Kommunikation neu denken\",\"potentialAction\":[{\"@type\":\"SearchAction\",\"target\":{\"@type\":\"EntryPoint\",\"urlTemplate\":\"https:\/\/www.kommunikationsraum.at\/en\/?s={search_term_string}\"},\"query-input\":{\"@type\":\"PropertyValueSpecification\",\"valueRequired\":true,\"valueName\":\"search_term_string\"}}],\"inLanguage\":\"en-US\"},{\"@type\":\"Person\",\"@id\":\"https:\/\/www.kommunikationsraum.at\/en\/#\/schema\/person\/040edcad1adf04fa994f04d86ea2aaaf\",\"name\":\"Sabine Traxler\",\"url\":\"https:\/\/www.kommunikationsraum.at\/en\/blog\/author\/straxler\/\"}]}<\/script>\n<!-- \/ Yoast SEO plugin. -->","yoast_head_json":{"title":"\u201cWichtig ist: Just do it!\u201d - Kommunikationsraum","robots":{"index":"index","follow":"follow","max-snippet":"max-snippet:-1","max-image-preview":"max-image-preview:large","max-video-preview":"max-video-preview:-1"},"canonical":"https:\/\/www.kommunikationsraum.at\/en\/blog\/2021\/11\/wichtig-ist-just-do-it\/","og_locale":"en_US","og_type":"article","og_title":"\u201cWichtig ist: Just do it!\u201d - Kommunikationsraum","og_description":"Kaffee, Chia-Pudding, Mandelcroissant \u2026 sehr analog diskutiere ich im Rahmen unseres Fr\u00fchst\u00fccksformat Bright&Early mit der Compliance Expertin und kommunikationsraum Netzwerkpartnerin Prof. Dr. Cordula Meckenstock \u00fcber Chancen und Risken, Regelungswahn und Gestaltungsauftrag im Zusammenhang mit K\u00fcnstlicher Intelligenz.","og_url":"https:\/\/www.kommunikationsraum.at\/en\/blog\/2021\/11\/wichtig-ist-just-do-it\/","og_site_name":"Kommunikationsraum","article_publisher":"https:\/\/www.facebook.com\/kommunikationsraumwien\/","article_published_time":"2021-11-19T23:04:00+00:00","article_modified_time":"2022-06-27T10:15:13+00:00","og_image":[{"width":800,"height":450,"url":"https:\/\/www.kommunikationsraum.at\/wp-content\/uploads\/2021\/12\/JOURNAL-BuE-800x450-1.jpg","type":"image\/jpeg"}],"author":"Sabine Traxler","twitter_card":"summary_large_image","twitter_creator":"@kr_hinterland","twitter_site":"@kr_hinterland","schema":{"@context":"https:\/\/schema.org","@graph":[{"@type":"Article","@id":"https:\/\/www.kommunikationsraum.at\/en\/blog\/2021\/11\/wichtig-ist-just-do-it\/#article","isPartOf":{"@id":"https:\/\/www.kommunikationsraum.at\/en\/blog\/2021\/11\/wichtig-ist-just-do-it\/"},"author":{"name":"Sabine Traxler","@id":"https:\/\/www.kommunikationsraum.at\/en\/#\/schema\/person\/040edcad1adf04fa994f04d86ea2aaaf"},"headline":"\u201cWichtig ist: Just do it!\u201d","datePublished":"2021-11-19T23:04:00+00:00","dateModified":"2022-06-27T10:15:13+00:00","mainEntityOfPage":{"@id":"https:\/\/www.kommunikationsraum.at\/en\/blog\/2021\/11\/wichtig-ist-just-do-it\/"},"wordCount":800,"commentCount":0,"image":{"@id":"https:\/\/www.kommunikationsraum.at\/en\/blog\/2021\/11\/wichtig-ist-just-do-it\/#primaryimage"},"thumbnailUrl":"https:\/\/www.kommunikationsraum.at\/wp-content\/uploads\/2021\/12\/JOURNAL-BuE-800x450-1.jpg","articleSection":["Allgemein"],"inLanguage":"en-US","potentialAction":[{"@type":"CommentAction","name":"Comment","target":["https:\/\/www.kommunikationsraum.at\/en\/blog\/2021\/11\/wichtig-ist-just-do-it\/#respond"]}]},{"@type":"WebPage","@id":"https:\/\/www.kommunikationsraum.at\/en\/blog\/2021\/11\/wichtig-ist-just-do-it\/","url":"https:\/\/www.kommunikationsraum.at\/en\/blog\/2021\/11\/wichtig-ist-just-do-it\/","name":"\u201cWichtig ist: Just do it!\u201d - Kommunikationsraum","isPartOf":{"@id":"https:\/\/www.kommunikationsraum.at\/en\/#website"},"primaryImageOfPage":{"@id":"https:\/\/www.kommunikationsraum.at\/en\/blog\/2021\/11\/wichtig-ist-just-do-it\/#primaryimage"},"image":{"@id":"https:\/\/www.kommunikationsraum.at\/en\/blog\/2021\/11\/wichtig-ist-just-do-it\/#primaryimage"},"thumbnailUrl":"https:\/\/www.kommunikationsraum.at\/wp-content\/uploads\/2021\/12\/JOURNAL-BuE-800x450-1.jpg","datePublished":"2021-11-19T23:04:00+00:00","dateModified":"2022-06-27T10:15:13+00:00","author":{"@id":"https:\/\/www.kommunikationsraum.at\/en\/#\/schema\/person\/040edcad1adf04fa994f04d86ea2aaaf"},"breadcrumb":{"@id":"https:\/\/www.kommunikationsraum.at\/en\/blog\/2021\/11\/wichtig-ist-just-do-it\/#breadcrumb"},"inLanguage":"en-US","potentialAction":[{"@type":"ReadAction","target":["https:\/\/www.kommunikationsraum.at\/en\/blog\/2021\/11\/wichtig-ist-just-do-it\/"]}]},{"@type":"ImageObject","inLanguage":"en-US","@id":"https:\/\/www.kommunikationsraum.at\/en\/blog\/2021\/11\/wichtig-ist-just-do-it\/#primaryimage","url":"https:\/\/www.kommunikationsraum.at\/wp-content\/uploads\/2021\/12\/JOURNAL-BuE-800x450-1.jpg","contentUrl":"https:\/\/www.kommunikationsraum.at\/wp-content\/uploads\/2021\/12\/JOURNAL-BuE-800x450-1.jpg","width":800,"height":450},{"@type":"BreadcrumbList","@id":"https:\/\/www.kommunikationsraum.at\/en\/blog\/2021\/11\/wichtig-ist-just-do-it\/#breadcrumb","itemListElement":[{"@type":"ListItem","position":1,"name":"Start","item":"https:\/\/www.kommunikationsraum.at\/en\/"},{"@type":"ListItem","position":2,"name":"\u201cWichtig ist: Just do it!\u201d"}]},{"@type":"WebSite","@id":"https:\/\/www.kommunikationsraum.at\/en\/#website","url":"https:\/\/www.kommunikationsraum.at\/en\/","name":"Kommunikationsraum","description":"Kommunikation neu denken","potentialAction":[{"@type":"SearchAction","target":{"@type":"EntryPoint","urlTemplate":"https:\/\/www.kommunikationsraum.at\/en\/?s={search_term_string}"},"query-input":{"@type":"PropertyValueSpecification","valueRequired":true,"valueName":"search_term_string"}}],"inLanguage":"en-US"},{"@type":"Person","@id":"https:\/\/www.kommunikationsraum.at\/en\/#\/schema\/person\/040edcad1adf04fa994f04d86ea2aaaf","name":"Sabine Traxler","url":"https:\/\/www.kommunikationsraum.at\/en\/blog\/author\/straxler\/"}]}},"_links":{"self":[{"href":"https:\/\/www.kommunikationsraum.at\/en\/wp-json\/wp\/v2\/posts\/6102","targetHints":{"allow":["GET"]}}],"collection":[{"href":"https:\/\/www.kommunikationsraum.at\/en\/wp-json\/wp\/v2\/posts"}],"about":[{"href":"https:\/\/www.kommunikationsraum.at\/en\/wp-json\/wp\/v2\/types\/post"}],"author":[{"embeddable":true,"href":"https:\/\/www.kommunikationsraum.at\/en\/wp-json\/wp\/v2\/users\/2"}],"replies":[{"embeddable":true,"href":"https:\/\/www.kommunikationsraum.at\/en\/wp-json\/wp\/v2\/comments?post=6102"}],"version-history":[{"count":38,"href":"https:\/\/www.kommunikationsraum.at\/en\/wp-json\/wp\/v2\/posts\/6102\/revisions"}],"predecessor-version":[{"id":7477,"href":"https:\/\/www.kommunikationsraum.at\/en\/wp-json\/wp\/v2\/posts\/6102\/revisions\/7477"}],"wp:featuredmedia":[{"embeddable":true,"href":"https:\/\/www.kommunikationsraum.at\/en\/wp-json\/wp\/v2\/media\/6106"}],"wp:attachment":[{"href":"https:\/\/www.kommunikationsraum.at\/en\/wp-json\/wp\/v2\/media?parent=6102"}],"wp:term":[{"taxonomy":"category","embeddable":true,"href":"https:\/\/www.kommunikationsraum.at\/en\/wp-json\/wp\/v2\/categories?post=6102"},{"taxonomy":"post_tag","embeddable":true,"href":"https:\/\/www.kommunikationsraum.at\/en\/wp-json\/wp\/v2\/tags?post=6102"}],"curies":[{"name":"wp","href":"https:\/\/api.w.org\/{rel}","templated":true}]}}