{"id":7207,"date":"2022-06-20T10:48:39","date_gmt":"2022-06-20T08:48:39","guid":{"rendered":"https:\/\/www.kommunikationsraum.at\/?p=7207"},"modified":"2022-06-21T10:28:11","modified_gmt":"2022-06-21T08:28:11","slug":"es-ist-nicht-immer-alles-so-rosa","status":"publish","type":"post","link":"https:\/\/www.kommunikationsraum.at\/en\/blog\/2022\/06\/es-ist-nicht-immer-alles-so-rosa\/","title":{"rendered":"Es ist nicht immer alles so rosa."},"content":{"rendered":"\t\t<div data-elementor-type=\"wp-post\" data-elementor-id=\"7207\" class=\"elementor elementor-7207\">\n\t\t\t\t\t\t<div class=\"elementor-inner\">\n\t\t\t\t<div class=\"elementor-section-wrap\">\n\t\t\t\t\t\t\t\t\t<section class=\"elementor-section elementor-top-section elementor-element elementor-element-3ceae1c elementor-section-full_width elementor-section-height-default elementor-section-height-default\" data-id=\"3ceae1c\" data-element_type=\"section\">\n\t\t\t\t\t\t<div class=\"elementor-container elementor-column-gap-no\">\n\t\t\t\t\t\t\t<div class=\"elementor-row\">\n\t\t\t\t\t<aside class=\"elementor-column elementor-col-33 elementor-top-column elementor-element elementor-element-43cb067\" data-id=\"43cb067\" data-element_type=\"column\">\n\t\t\t<div class=\"elementor-column-wrap elementor-element-populated\">\n\t\t\t\t\t\t\t<div class=\"elementor-widget-wrap\">\n\t\t\t\t\t\t<div class=\"elementor-element elementor-element-72a3c21 elementor-hidden-desktop elementor-hidden-tablet elementor-widget elementor-widget-image\" data-id=\"72a3c21\" data-element_type=\"widget\" data-widget_type=\"image.default\">\n\t\t\t\t<div class=\"elementor-widget-container\">\n\t\t\t\t\t\t\t\t<div class=\"elementor-image\">\n\t\t\t\t\t\t\t\t\t\t\t\t\t<a href=\"https:\/\/www.kommunikationsraum.at\/blog\/\">\n\t\t\t\t\t\t\t<img loading=\"lazy\" decoding=\"async\" width=\"800\" height=\"600\" src=\"https:\/\/www.kommunikationsraum.at\/wp-content\/uploads\/2021\/03\/journal-800x600-1.png\" class=\"attachment-full size-full wp-image-2843\" alt=\"\" srcset=\"https:\/\/www.kommunikationsraum.at\/wp-content\/uploads\/2021\/03\/journal-800x600-1.png 800w, https:\/\/www.kommunikationsraum.at\/wp-content\/uploads\/2021\/03\/journal-800x600-1-300x225.png 300w, https:\/\/www.kommunikationsraum.at\/wp-content\/uploads\/2021\/03\/journal-800x600-1-768x576.png 768w\" sizes=\"auto, (max-width: 800px) 100vw, 800px\" \/>\t\t\t\t\t\t\t\t<\/a>\n\t\t\t\t\t\t\t\t\t\t\t\t\t\t<\/div>\n\t\t\t\t\t\t<\/div>\n\t\t\t\t<\/div>\n\t\t\t\t<div class=\"elementor-element elementor-element-acf63b3 elementor-widget elementor-widget-image\" data-id=\"acf63b3\" data-element_type=\"widget\" data-widget_type=\"image.default\">\n\t\t\t\t<div class=\"elementor-widget-container\">\n\t\t\t\t\t\t\t\t<div class=\"elementor-image\">\n\t\t\t\t\t\t\t\t\t\t\t\t<img loading=\"lazy\" decoding=\"async\" width=\"800\" height=\"600\" src=\"https:\/\/www.kommunikationsraum.at\/wp-content\/uploads\/2022\/06\/2022_06_JOURNAL_b_e-800x600-1.jpg\" class=\"attachment-full size-full wp-image-7215\" alt=\"\" srcset=\"https:\/\/www.kommunikationsraum.at\/wp-content\/uploads\/2022\/06\/2022_06_JOURNAL_b_e-800x600-1.jpg 800w, https:\/\/www.kommunikationsraum.at\/wp-content\/uploads\/2022\/06\/2022_06_JOURNAL_b_e-800x600-1-300x225.jpg 300w, https:\/\/www.kommunikationsraum.at\/wp-content\/uploads\/2022\/06\/2022_06_JOURNAL_b_e-800x600-1-768x576.jpg 768w\" sizes=\"auto, (max-width: 800px) 100vw, 800px\" \/>\t\t\t\t\t\t\t\t\t\t\t\t\t\t<\/div>\n\t\t\t\t\t\t<\/div>\n\t\t\t\t<\/div>\n\t\t\t\t\t\t<\/div>\n\t\t\t\t\t<\/div>\n\t\t<\/aside>\n\t\t\t\t<article class=\"elementor-column elementor-col-33 elementor-top-column elementor-element elementor-element-aa3524e\" data-id=\"aa3524e\" data-element_type=\"column\">\n\t\t\t<div class=\"elementor-column-wrap elementor-element-populated\">\n\t\t\t\t\t\t\t<div class=\"elementor-widget-wrap\">\n\t\t\t\t\t\t<div class=\"elementor-element elementor-element-84368b0 subpage elementor-widget elementor-widget-text-editor\" data-id=\"84368b0\" data-element_type=\"widget\" data-widget_type=\"text-editor.default\">\n\t\t\t\t<div class=\"elementor-widget-container\">\n\t\t\t\t\t\t\t\t<div class=\"elementor-text-editor elementor-clearfix\">\n\t\t\t\t<h3><strong>Es ist nicht immer alles so rosa.<\/strong><\/h3>\t\t\t\t\t<\/div>\n\t\t\t\t\t\t<\/div>\n\t\t\t\t<\/div>\n\t\t\t\t<div class=\"elementor-element elementor-element-eddc7f8 elementor-widget elementor-widget-text-editor\" data-id=\"eddc7f8\" data-element_type=\"widget\" data-widget_type=\"text-editor.default\">\n\t\t\t\t<div class=\"elementor-widget-container\">\n\t\t\t\t\t\t\t\t<div class=\"elementor-text-editor elementor-clearfix\">\n\t\t\t\t<p><a href=\"https:\/\/www.kommunikationsraum.at\/real-world\/team\/\" target=\"_blank\" rel=\"noreferrer noopener\">Bettina Pepek<\/a><\/p>\t\t\t\t\t<\/div>\n\t\t\t\t\t\t<\/div>\n\t\t\t\t<\/div>\n\t\t\t\t<div class=\"elementor-element elementor-element-e9d1aaa elementor-widget elementor-widget-text-editor\" data-id=\"e9d1aaa\" data-element_type=\"widget\" data-widget_type=\"text-editor.default\">\n\t\t\t\t<div class=\"elementor-widget-container\">\n\t\t\t\t\t\t\t\t<div class=\"elementor-text-editor elementor-clearfix\">\n\t\t\t\t<p><strong>Die vierte Macht ver\u00e4ndert sich. Und mit ihr unsere Rollen als Kommunikator*innen.<\/strong><\/p><p><strong>Ein Bright&amp;Early-Talk mit der Medienanalytikerin Maria Pernegger sowie G\u00e4sten aus Wirtschaft und Forschung.\u00a0 <\/strong><\/p>\t\t\t\t\t<\/div>\n\t\t\t\t\t\t<\/div>\n\t\t\t\t<\/div>\n\t\t\t\t<div class=\"elementor-element elementor-element-758642e elementor-widget elementor-widget-text-editor\" data-id=\"758642e\" data-element_type=\"widget\" data-widget_type=\"text-editor.default\">\n\t\t\t\t<div class=\"elementor-widget-container\">\n\t\t\t\t\t\t\t\t<div class=\"elementor-text-editor elementor-clearfix\">\n\t\t\t\t<p>\u201eKlassische Medien verlieren an Bedeutung. Sie sind vor allem dort bedroht, wo sie ihrer eigentlichen Aufgabe und Profession \u2013 Journalismus mit hohen Qualit\u00e4tsstandards \u2013 nicht nachkommen. Denn in diesem Fall verlieren sie ihre Daseinsberechtigung!\u201c, betont Maria Pernegger.\u00a0<\/p>\t\t\t\t\t<\/div>\n\t\t\t\t\t\t<\/div>\n\t\t\t\t<\/div>\n\t\t\t\t<div class=\"elementor-element elementor-element-a690e01 elementor-widget elementor-widget-text-editor\" data-id=\"a690e01\" data-element_type=\"widget\" data-widget_type=\"text-editor.default\">\n\t\t\t\t<div class=\"elementor-widget-container\">\n\t\t\t\t\t\t\t\t<div class=\"elementor-text-editor elementor-clearfix\">\n\t\t\t\t<p>Tats\u00e4chlich ist das Vertrauen der \u00d6sterreicherinnen und \u00d6sterreicher in Medien und Journalist*innen an einem Tiefpunkt angelangt<a href=\"https:\/\/www.kommunikationsraum.at\/blog\/2022\/06\/es-ist-nicht-immer-alles-so-rosa\/#FN\">(1)<\/a>. Zahlreiche Medien haben in den letzten Jahren viel von ihrem Vertrauen verspielt: So zeigt etwa der <a href=\"https:\/\/www.ogm.at\/2021\/07\/30\/ogm-vertrauensindex-institutionen-juli-2021\/\" target=\"_blank\" rel=\"noopener\">OGM Index<\/a>, dass die Vertrauenswerte \u00f6sterreichischer Medien von 2019 auf 2021 um ein F\u00fcnftel gesunken sind. Insbesondere die journalistischen Leistungen im Zuge der Corona-Pandemie wurden eher durchwachsen beurteilt<a href=\"https:\/\/www.kommunikationsraum.at\/blog\/2022\/06\/es-ist-nicht-immer-alles-so-rosa\/#FN\">(2)<\/a>. \u201eDass zahlreiche Medien viel von ihrem Vertrauen verspielt haben, ist ein ernstes Bedrohungsszenario.\u201c, so Pernegger.<\/p><p><a href=\"#_ftnref1\" name=\"_ftn1\"><\/a><\/p>\t\t\t\t\t<\/div>\n\t\t\t\t\t\t<\/div>\n\t\t\t\t<\/div>\n\t\t\t\t<div class=\"elementor-element elementor-element-913adb8 elementor-widget elementor-widget-text-editor\" data-id=\"913adb8\" data-element_type=\"widget\" data-widget_type=\"text-editor.default\">\n\t\t\t\t<div class=\"elementor-widget-container\">\n\t\t\t\t\t\t\t\t<div class=\"elementor-text-editor elementor-clearfix\">\n\t\t\t\t<p>Diesem zu begegnen erfordere Qualit\u00e4tsoffensiven und die Aufstockung der finanziellen Ressourcen, allerdings liegt genau hier die Misere: Aufgrund von Personalmangel, finanziellen Einschnitten, globalen Entwicklungen, politischen und wirtschaftlichen Abh\u00e4ngigkeiten, etc. stehen Medien aktuell unter enormen <a href=\"https:\/\/mediaaffairs.at\/aktuellebeitraege\/medienmarkt\/journalismusinderbredouille.html\" target=\"_blank\" rel=\"noopener\">wirtschaftlichem Druck<\/a>.<\/p>\t\t\t\t\t<\/div>\n\t\t\t\t\t\t<\/div>\n\t\t\t\t<\/div>\n\t\t\t\t<div class=\"elementor-element elementor-element-7d0648b elementor-widget elementor-widget-text-editor\" data-id=\"7d0648b\" data-element_type=\"widget\" data-widget_type=\"text-editor.default\">\n\t\t\t\t<div class=\"elementor-widget-container\">\n\t\t\t\t\t\t\t\t<div class=\"elementor-text-editor elementor-clearfix\">\n\t\t\t\t<p>Richtig gut hingegen entwickeln sich hierzulande \u2013 entgegen allen Unkenrufen \u2013 die Newcomer exxpress.at, zackzack.at &amp; Co, also parteinahe Medien, die mit einer erstaunlichen Distributionsst\u00e4rke punkten:<\/p>\t\t\t\t\t<\/div>\n\t\t\t\t\t\t<\/div>\n\t\t\t\t<\/div>\n\t\t\t\t<div class=\"elementor-element elementor-element-141f364 elementor-widget elementor-widget-image\" data-id=\"141f364\" data-element_type=\"widget\" data-widget_type=\"image.default\">\n\t\t\t\t<div class=\"elementor-widget-container\">\n\t\t\t\t\t\t\t\t<div class=\"elementor-image\">\n\t\t\t\t\t\t\t\t\t\t\t\t<img loading=\"lazy\" decoding=\"async\" width=\"800\" height=\"617\" src=\"https:\/\/www.kommunikationsraum.at\/wp-content\/uploads\/2022\/06\/Blog_Bild1sw.jpg\" class=\"attachment-full size-full wp-image-7406\" alt=\"\" srcset=\"https:\/\/www.kommunikationsraum.at\/wp-content\/uploads\/2022\/06\/Blog_Bild1sw.jpg 800w, https:\/\/www.kommunikationsraum.at\/wp-content\/uploads\/2022\/06\/Blog_Bild1sw-300x231.jpg 300w, https:\/\/www.kommunikationsraum.at\/wp-content\/uploads\/2022\/06\/Blog_Bild1sw-768x592.jpg 768w\" sizes=\"auto, (max-width: 800px) 100vw, 800px\" \/>\t\t\t\t\t\t\t\t\t\t\t\t\t\t<\/div>\n\t\t\t\t\t\t<\/div>\n\t\t\t\t<\/div>\n\t\t\t\t<div class=\"elementor-element elementor-element-4516d75 elementor-widget elementor-widget-text-editor\" data-id=\"4516d75\" data-element_type=\"widget\" data-widget_type=\"text-editor.default\">\n\t\t\t\t<div class=\"elementor-widget-container\">\n\t\t\t\t\t\t\t\t<div class=\"elementor-text-editor elementor-clearfix\">\n\t\t\t\t<p>Von diesen Entwicklungen bleiben nat\u00fcrlich auch Unternehmens- und Parteienkommunikation nicht unber\u00fchrt: Die einst so dominante journalistische Seite in der Ausrichtung der Kommunikation gibt es nicht mehr<a href=\"https:\/\/www.kommunikationsraum.at\/blog\/2022\/06\/es-ist-nicht-immer-alles-so-rosa\/#FN\">(3)<\/a>. Kreieren wir also langsam aber sicher alle unsere eigenen Bubbles?<\/p><p><a href=\"#_ftnref1\" name=\"_ftn1\"><\/a><\/p>\t\t\t\t\t<\/div>\n\t\t\t\t\t\t<\/div>\n\t\t\t\t<\/div>\n\t\t\t\t<div class=\"elementor-element elementor-element-2465dcc elementor-widget elementor-widget-text-editor\" data-id=\"2465dcc\" data-element_type=\"widget\" data-widget_type=\"text-editor.default\">\n\t\t\t\t<div class=\"elementor-widget-container\">\n\t\t\t\t\t\t\t\t<div class=\"elementor-text-editor elementor-clearfix\">\n\t\t\t\t<p>\u201eMedien k\u00f6nnen ihre Gatekeeper Funktion aus meiner Sicht nur dann erf\u00fcllen, wenn sie selbstkritisch einen h\u00f6heren Anspruch an Transparenz, kritischer Distanz und Qualit\u00e4t haben\u201c, so Pernegger.<\/p>\t\t\t\t\t<\/div>\n\t\t\t\t\t\t<\/div>\n\t\t\t\t<\/div>\n\t\t\t\t<div class=\"elementor-element elementor-element-e566a37 elementor-widget elementor-widget-text-editor\" data-id=\"e566a37\" data-element_type=\"widget\" data-widget_type=\"text-editor.default\">\n\t\t\t\t<div class=\"elementor-widget-container\">\n\t\t\t\t\t\t\t\t<div class=\"elementor-text-editor elementor-clearfix\">\n\t\t\t\t<p>Noch dramatischer zeigt sich die Lage bei internationaler Betrachtung: Im aktuellen <a href=\"https:\/\/www.edelman.com\/sites\/g\/files\/aatuss191\/files\/2022-01\/2022%20Edelman%20Trust%20Barometer%20FINAL_Jan25.pdf\" target=\"_blank\" rel=\"noopener\">Edelman Trust Report<\/a> wird klar, dass es derzeit Medien (ebenso wie \u00fcbrigens Regierungen) nicht gelingt, verloren gegangenes Vertrauen wiederherzustellen. Im Gegenteil: die Sorge \u00fcber Fake News erreicht ein \u201eall time-High\u201c.<\/p>\t\t\t\t\t<\/div>\n\t\t\t\t\t\t<\/div>\n\t\t\t\t<\/div>\n\t\t\t\t<div class=\"elementor-element elementor-element-d3e2dc5 elementor-widget elementor-widget-image\" data-id=\"d3e2dc5\" data-element_type=\"widget\" data-widget_type=\"image.default\">\n\t\t\t\t<div class=\"elementor-widget-container\">\n\t\t\t\t\t\t\t\t<div class=\"elementor-image\">\n\t\t\t\t\t\t\t\t\t\t\t\t<img loading=\"lazy\" decoding=\"async\" width=\"800\" height=\"445\" src=\"https:\/\/www.kommunikationsraum.at\/wp-content\/uploads\/2022\/06\/2022_06_JOURNAL_B2.jpg\" class=\"attachment-full size-full wp-image-7359\" alt=\"\" srcset=\"https:\/\/www.kommunikationsraum.at\/wp-content\/uploads\/2022\/06\/2022_06_JOURNAL_B2.jpg 800w, https:\/\/www.kommunikationsraum.at\/wp-content\/uploads\/2022\/06\/2022_06_JOURNAL_B2-300x167.jpg 300w, https:\/\/www.kommunikationsraum.at\/wp-content\/uploads\/2022\/06\/2022_06_JOURNAL_B2-768x427.jpg 768w\" sizes=\"auto, (max-width: 800px) 100vw, 800px\" \/>\t\t\t\t\t\t\t\t\t\t\t\t\t\t<\/div>\n\t\t\t\t\t\t<\/div>\n\t\t\t\t<\/div>\n\t\t\t\t<div class=\"elementor-element elementor-element-9ed40e3 elementor-widget elementor-widget-text-editor\" data-id=\"9ed40e3\" data-element_type=\"widget\" data-widget_type=\"text-editor.default\">\n\t\t\t\t<div class=\"elementor-widget-container\">\n\t\t\t\t\t\t\t\t<div class=\"elementor-text-editor elementor-clearfix\">\n\t\t\t\t<p><strong>Soziale Medien als Teilchenbeschleuniger<\/strong><\/p>\t\t\t\t\t<\/div>\n\t\t\t\t\t\t<\/div>\n\t\t\t\t<\/div>\n\t\t\t\t<div class=\"elementor-element elementor-element-6daccbf elementor-widget elementor-widget-text-editor\" data-id=\"6daccbf\" data-element_type=\"widget\" data-widget_type=\"text-editor.default\">\n\t\t\t\t<div class=\"elementor-widget-container\">\n\t\t\t\t\t\t\t\t<div class=\"elementor-text-editor elementor-clearfix\">\n\t\t\t\t<p>\u201eFake News sind kein neues Ph\u00e4nomen. Fake News florieren aber vor allem deshalb, weil auf die Reaktionen der Nutzer*innen Verlass ist und diese die Verbreitung vorantreiben. Salopp formuliert: w\u00fcrden Fake News keine Abnehmer*nnen finden, dann w\u00fcrden bestimmte L\u00fcgenkonstruktionen sehr schnell in sich zusammenfallen. Internet und Social Media wirken wie ein \u00fcberdimensionierter Teilchenbeschleuniger bei deren Verbreitung. Eine Studie des Massachusetts Institute of Technology (MIT) zeigt, dass eine Falschmeldung sechsmal schneller bei 1500 Usern ankommt als eine richtige Information.\u201c, erl\u00e4utert die Medienanalytikerin.<\/p>\t\t\t\t\t<\/div>\n\t\t\t\t\t\t<\/div>\n\t\t\t\t<\/div>\n\t\t\t\t<div class=\"elementor-element elementor-element-e48f3b0 elementor-widget elementor-widget-text-editor\" data-id=\"e48f3b0\" data-element_type=\"widget\" data-widget_type=\"text-editor.default\">\n\t\t\t\t<div class=\"elementor-widget-container\">\n\t\t\t\t\t\t\t\t<div class=\"elementor-text-editor elementor-clearfix\">\n\t\t\t\t<p>Wen wundert\u2019s also, dass qualitativ hochwertiger Journalismus f\u00fcr breite Teile der Bev\u00f6lkerung als aktuell und k\u00fcnftig enorm wichtig eingestuft wird, zumal sich mit gutem Journalismus Geld verdienen l\u00e4sst, unabh\u00e4ngig davon ob er in Print oder Online stattfindet. Das zeigen die Beispiele von CNN und New York Times w\u00e4hrend der Trump-Administration.<\/p>\t\t\t\t\t<\/div>\n\t\t\t\t\t\t<\/div>\n\t\t\t\t<\/div>\n\t\t\t\t<div class=\"elementor-element elementor-element-e5b4c40 elementor-widget elementor-widget-text-editor\" data-id=\"e5b4c40\" data-element_type=\"widget\" data-widget_type=\"text-editor.default\">\n\t\t\t\t<div class=\"elementor-widget-container\">\n\t\t\t\t\t\t\t\t<div class=\"elementor-text-editor elementor-clearfix\">\n\t\t\t\t<p><strong>Glaubw\u00fcrdige Kommunikation muss mehr k\u00f6nnen<\/strong><\/p>\t\t\t\t\t<\/div>\n\t\t\t\t\t\t<\/div>\n\t\t\t\t<\/div>\n\t\t\t\t<div class=\"elementor-element elementor-element-11415a6 elementor-widget elementor-widget-text-editor\" data-id=\"11415a6\" data-element_type=\"widget\" data-widget_type=\"text-editor.default\">\n\t\t\t\t<div class=\"elementor-widget-container\">\n\t\t\t\t\t\t\t\t<div class=\"elementor-text-editor elementor-clearfix\">\n\t\t\t\t<p>Was hei\u00dft das nun f\u00fcr Unternehmenskommunikator*innen, welche Trends zeichnen sich aus Sicht der Medienexpertin ab? \u201eTechnologische Entwicklungen bieten f\u00fcr Unternehmen v\u00f6llig neue M\u00f6glichkeiten der Kommunikation und des Auftritts, um sich in der \u00d6ffentlichkeit zu pr\u00e4sentieren oder mit Stakeholdern in Kontakt zu treten. Aber besonders die Trends um Social Media beg\u00fcnstigen auch eine zunehmend unreflektierte Inszenierung und Selbstbeweihr\u00e4ucherung, die ich problematisch sehe. Es ist nicht immer alles so rosa, wie es auf den ersten Blick scheint. Glaubw\u00fcrdige Kommunikation muss daher mehr k\u00f6nnen, als nur Sieges- und Frohbotschaften zu verbreiten. Viel st\u00e4rker sehe ich als Trend in der Kommunikation deshalb eine st\u00e4rkere R\u00fcckbesinnung auf Werte wie Transparenz, Ehrlichkeit, Authentizit\u00e4t und nicht zuletzt die Priorisierung gesellschaftlicher Verantwortung.\u201c, unterstreicht Maria Pernegger.<\/p>\t\t\t\t\t<\/div>\n\t\t\t\t\t\t<\/div>\n\t\t\t\t<\/div>\n\t\t\t\t<div class=\"elementor-element elementor-element-ccc94b0 elementor-widget elementor-widget-text-editor\" data-id=\"ccc94b0\" data-element_type=\"widget\" data-widget_type=\"text-editor.default\">\n\t\t\t\t<div class=\"elementor-widget-container\">\n\t\t\t\t\t\t\t\t<div class=\"elementor-text-editor elementor-clearfix\">\n\t\t\t\t<p><strong>Die Renaissance des Gate Keepers<\/strong><\/p>\t\t\t\t\t<\/div>\n\t\t\t\t\t\t<\/div>\n\t\t\t\t<\/div>\n\t\t\t\t<div class=\"elementor-element elementor-element-5f57321 elementor-widget elementor-widget-text-editor\" data-id=\"5f57321\" data-element_type=\"widget\" data-widget_type=\"text-editor.default\">\n\t\t\t\t<div class=\"elementor-widget-container\">\n\t\t\t\t\t\t\t\t<div class=\"elementor-text-editor elementor-clearfix\">\n\t\t\t\t<p>Glaubw\u00fcrdigkeit und Vertrauen versus Polarisierung und Austauschbarkeit: Die aktuelle <a href=\"https:\/\/bdkom.de\/medien\/publikationen\/studien\/profession-kommunikatorinkommunikator-berufsfeldstudie-2021\" target=\"_blank\" rel=\"noopener\">Berufsfeldstudie des BdKom<\/a> untersuchte dazu welche Kan\u00e4le zum Vertrauensaufbau beitragen: Mediennutzer erachten demnach Quellen und Inhalte dann als besonders glaubw\u00fcrdig, wenn deren Auswahl nach redaktionellen Kriterien erfolgt, also von den Interessen der thematisierten Organisation unabh\u00e4ngig ist. Und das deckt sich mit der Auffassung (deutscher) PR-Verantwortlicher. 82 Prozent halten die Thematisierung der eigenen Organisation durch Earned Media f\u00fcr besonders geeignet zum Vertrauensaufbau:<\/p>\t\t\t\t\t<\/div>\n\t\t\t\t\t\t<\/div>\n\t\t\t\t<\/div>\n\t\t\t\t<div class=\"elementor-element elementor-element-5f9e7e1 elementor-widget elementor-widget-image\" data-id=\"5f9e7e1\" data-element_type=\"widget\" data-widget_type=\"image.default\">\n\t\t\t\t<div class=\"elementor-widget-container\">\n\t\t\t\t\t\t\t\t<div class=\"elementor-image\">\n\t\t\t\t\t\t\t\t\t\t\t\t<img loading=\"lazy\" decoding=\"async\" width=\"800\" height=\"429\" src=\"https:\/\/www.kommunikationsraum.at\/wp-content\/uploads\/2022\/06\/2022_06_JOURNAL_B3.jpg\" class=\"attachment-full size-full wp-image-7361\" alt=\"\" srcset=\"https:\/\/www.kommunikationsraum.at\/wp-content\/uploads\/2022\/06\/2022_06_JOURNAL_B3.jpg 800w, https:\/\/www.kommunikationsraum.at\/wp-content\/uploads\/2022\/06\/2022_06_JOURNAL_B3-300x161.jpg 300w, https:\/\/www.kommunikationsraum.at\/wp-content\/uploads\/2022\/06\/2022_06_JOURNAL_B3-768x412.jpg 768w\" sizes=\"auto, (max-width: 800px) 100vw, 800px\" \/>\t\t\t\t\t\t\t\t\t\t\t\t\t\t<\/div>\n\t\t\t\t\t\t<\/div>\n\t\t\t\t<\/div>\n\t\t\t\t<div class=\"elementor-element elementor-element-317c6a8 elementor-widget elementor-widget-text-editor\" data-id=\"317c6a8\" data-element_type=\"widget\" data-widget_type=\"text-editor.default\">\n\t\t\t\t<div class=\"elementor-widget-container\">\n\t\t\t\t\t\t\t\t<div class=\"elementor-text-editor elementor-clearfix\">\n\t\t\t\t<p>Die Ergebnisse, so die Studienautor*innen, lesen sich insgesamt klar als Pl\u00e4doyer f\u00fcr die klassischen Instrumente der PR, auch wenn sich diese heute deutlich ausgeweitet und ausdifferenziert haben und nat\u00fcrlich verschiedenste Kan\u00e4le bedienen. Medienarbeit ist heute noch viel st\u00e4rker reputations- und vertrauensorientiert als fr\u00fcher. Reine Aufmerksamkeitseffekte treten demgegen\u00fcber zur\u00fcck.<\/p>\t\t\t\t\t<\/div>\n\t\t\t\t\t\t<\/div>\n\t\t\t\t<\/div>\n\t\t\t\t<div class=\"elementor-element elementor-element-ab72b5a elementor-widget elementor-widget-text-editor\" data-id=\"ab72b5a\" data-element_type=\"widget\" data-widget_type=\"text-editor.default\">\n\t\t\t\t<div class=\"elementor-widget-container\">\n\t\t\t\t\t\t\t\t<div class=\"elementor-text-editor elementor-clearfix\">\n\t\t\t\t<p>Food for thought f\u00fcr alle Kommunikationsstrategen.<\/p>\t\t\t\t\t<\/div>\n\t\t\t\t\t\t<\/div>\n\t\t\t\t<\/div>\n\t\t\t\t<div class=\"elementor-element elementor-element-b4e3813 elementor-widget elementor-widget-text-editor\" data-id=\"b4e3813\" data-element_type=\"widget\" data-widget_type=\"text-editor.default\">\n\t\t\t\t<div class=\"elementor-widget-container\">\n\t\t\t\t\t\t\t\t<div class=\"elementor-text-editor elementor-clearfix\">\n\t\t\t\t<p>Bettina Pepek, Mai 2022<\/p>\t\t\t\t\t<\/div>\n\t\t\t\t\t\t<\/div>\n\t\t\t\t<\/div>\n\t\t\t\t<div class=\"elementor-element elementor-element-2871db8 elementor-widget elementor-widget-text-editor\" data-id=\"2871db8\" data-element_type=\"widget\" id=\"FN\" data-widget_type=\"text-editor.default\">\n\t\t\t\t<div class=\"elementor-widget-container\">\n\t\t\t\t\t\t\t\t<div class=\"elementor-text-editor elementor-clearfix\">\n\t\t\t\t<p>(1) Medienhaus Wien, November 2021<\/p><p>(2)\u00a0<a href=\"https:\/\/mediaaffairs.at\/aktuellebeitraege\/medienmarkt\/journalismusinderbredouille.html\" target=\"_blank\" rel=\"noopener\">media affairs &#8211; Mit Medienmarktanalysen zum Kommunikationserfolg!<\/a><\/p><p>(3) KOM, 3, 2021 | DdKOM und Quadriga Hochschule<\/p>\t\t\t\t\t<\/div>\n\t\t\t\t\t\t<\/div>\n\t\t\t\t<\/div>\n\t\t\t\t\t\t<\/div>\n\t\t\t\t\t<\/div>\n\t\t<\/article>\n\t\t\t\t<aside class=\"elementor-column elementor-col-33 elementor-top-column elementor-element elementor-element-726fae6\" data-id=\"726fae6\" data-element_type=\"column\">\n\t\t\t<div class=\"elementor-column-wrap elementor-element-populated\">\n\t\t\t\t\t\t\t<div class=\"elementor-widget-wrap\">\n\t\t\t\t\t\t<div class=\"elementor-element elementor-element-8b2aefd elementor-hidden-phone elementor-widget elementor-widget-image\" data-id=\"8b2aefd\" data-element_type=\"widget\" data-widget_type=\"image.default\">\n\t\t\t\t<div class=\"elementor-widget-container\">\n\t\t\t\t\t\t\t\t<div class=\"elementor-image\">\n\t\t\t\t\t\t\t\t\t\t\t\t\t<a href=\"https:\/\/www.kommunikationsraum.at\/blog\/\">\n\t\t\t\t\t\t\t<img loading=\"lazy\" decoding=\"async\" width=\"800\" height=\"600\" src=\"https:\/\/www.kommunikationsraum.at\/wp-content\/uploads\/2021\/03\/journal-800x600-1.png\" class=\"attachment-full size-full wp-image-2843\" alt=\"\" srcset=\"https:\/\/www.kommunikationsraum.at\/wp-content\/uploads\/2021\/03\/journal-800x600-1.png 800w, https:\/\/www.kommunikationsraum.at\/wp-content\/uploads\/2021\/03\/journal-800x600-1-300x225.png 300w, https:\/\/www.kommunikationsraum.at\/wp-content\/uploads\/2021\/03\/journal-800x600-1-768x576.png 768w\" sizes=\"auto, (max-width: 800px) 100vw, 800px\" \/>\t\t\t\t\t\t\t\t<\/a>\n\t\t\t\t\t\t\t\t\t\t\t\t\t\t<\/div>\n\t\t\t\t\t\t<\/div>\n\t\t\t\t<\/div>\n\t\t\t\t<div class=\"elementor-element elementor-element-44bd265 elementor-hidden-phone elementor-widget elementor-widget-spacer\" data-id=\"44bd265\" data-element_type=\"widget\" data-widget_type=\"spacer.default\">\n\t\t\t\t<div class=\"elementor-widget-container\">\n\t\t\t\t\t<div class=\"elementor-spacer\">\n\t\t\t<div class=\"elementor-spacer-inner\"><\/div>\n\t\t<\/div>\n\t\t\t\t<\/div>\n\t\t\t\t<\/div>\n\t\t\t\t<div class=\"elementor-element elementor-element-55ab200 elementor-widget elementor-widget-text-editor\" data-id=\"55ab200\" data-element_type=\"widget\" data-widget_type=\"text-editor.default\">\n\t\t\t\t<div class=\"elementor-widget-container\">\n\t\t\t\t\t\t\t\t<div class=\"elementor-text-editor elementor-clearfix\">\n\t\t\t\t\t\t\t\t\t<\/div>\n\t\t\t\t\t\t<\/div>\n\t\t\t\t<\/div>\n\t\t\t\t\t\t<\/div>\n\t\t\t\t\t<\/div>\n\t\t<\/aside>\n\t\t\t\t\t\t\t\t<\/div>\n\t\t\t\t\t<\/div>\n\t\t<\/section>\n\t\t\t\t\t\t\t\t\t<\/div>\n\t\t\t<\/div>\n\t\t\t\t\t<\/div>\n\t\t","protected":false},"excerpt":{"rendered":"<p>Die vierte Macht ver\u00e4ndert sich. Und mit ihr unsere Rollen als Kommunikator*innen. Ein Bright&#038;Early-Talk mit der Medienanalytikerin Maria Pernegger sowie G\u00e4sten aus Wirtschaft und Forschung. \u201eKlassische Medien verlieren an Bedeutung. Sie sind vor allem dort bedroht, wo sie ihrer eigentlichen Aufgabe und Profession \u2013 Journalismus mit hohen Qualit\u00e4tsstandards \u2013 nicht nachkommen. Denn in diesem Fall verlieren sie ihre Daseinsberechtigung!\u201c, betont Maria Pernegger.<\/p>\n","protected":false},"author":2,"featured_media":7209,"comment_status":"open","ping_status":"open","sticky":false,"template":"elementor_header_footer","format":"standard","meta":{"footnotes":""},"categories":[1],"tags":[],"class_list":["post-7207","post","type-post","status-publish","format-standard","has-post-thumbnail","hentry","category-allgemein"],"yoast_head":"<!-- This site is optimized with the Yoast SEO plugin v27.2 - https:\/\/yoast.com\/product\/yoast-seo-wordpress\/ -->\n<title>Es ist nicht immer alles so rosa. - Kommunikationsraum<\/title>\n<meta name=\"robots\" content=\"index, follow, max-snippet:-1, max-image-preview:large, max-video-preview:-1\" \/>\n<link rel=\"canonical\" href=\"https:\/\/www.kommunikationsraum.at\/en\/blog\/2022\/06\/es-ist-nicht-immer-alles-so-rosa\/\" \/>\n<meta property=\"og:locale\" content=\"en_US\" \/>\n<meta property=\"og:type\" content=\"article\" \/>\n<meta property=\"og:title\" content=\"Es ist nicht immer alles so rosa. - Kommunikationsraum\" \/>\n<meta property=\"og:description\" content=\"Die vierte Macht ver\u00e4ndert sich. Und mit ihr unsere Rollen als Kommunikator*innen. Ein Bright&amp;Early-Talk mit der Medienanalytikerin Maria Pernegger sowie G\u00e4sten aus Wirtschaft und Forschung. \u201eKlassische Medien verlieren an Bedeutung. Sie sind vor allem dort bedroht, wo sie ihrer eigentlichen Aufgabe und Profession \u2013 Journalismus mit hohen Qualit\u00e4tsstandards \u2013 nicht nachkommen. Denn in diesem Fall verlieren sie ihre Daseinsberechtigung!\u201c, betont Maria Pernegger.\" \/>\n<meta property=\"og:url\" content=\"https:\/\/www.kommunikationsraum.at\/en\/blog\/2022\/06\/es-ist-nicht-immer-alles-so-rosa\/\" \/>\n<meta property=\"og:site_name\" content=\"Kommunikationsraum\" \/>\n<meta property=\"article:publisher\" content=\"https:\/\/www.facebook.com\/kommunikationsraumwien\/\" \/>\n<meta property=\"article:published_time\" content=\"2022-06-20T08:48:39+00:00\" \/>\n<meta property=\"article:modified_time\" content=\"2022-06-21T08:28:11+00:00\" \/>\n<meta property=\"og:image\" content=\"https:\/\/www.kommunikationsraum.at\/wp-content\/uploads\/2022\/06\/2022_06_JOURNAL_b_e-800x450-1.jpg\" \/>\n\t<meta property=\"og:image:width\" content=\"800\" \/>\n\t<meta property=\"og:image:height\" content=\"450\" \/>\n\t<meta property=\"og:image:type\" content=\"image\/jpeg\" \/>\n<meta name=\"author\" content=\"Sabine Traxler\" \/>\n<meta name=\"twitter:card\" content=\"summary_large_image\" \/>\n<meta name=\"twitter:creator\" content=\"@kr_hinterland\" \/>\n<meta name=\"twitter:site\" content=\"@kr_hinterland\" \/>\n<script type=\"application\/ld+json\" class=\"yoast-schema-graph\">{\"@context\":\"https:\/\/schema.org\",\"@graph\":[{\"@type\":\"Article\",\"@id\":\"https:\/\/www.kommunikationsraum.at\/en\/blog\/2022\/06\/es-ist-nicht-immer-alles-so-rosa\/#article\",\"isPartOf\":{\"@id\":\"https:\/\/www.kommunikationsraum.at\/en\/blog\/2022\/06\/es-ist-nicht-immer-alles-so-rosa\/\"},\"author\":{\"name\":\"Sabine Traxler\",\"@id\":\"https:\/\/www.kommunikationsraum.at\/en\/#\/schema\/person\/040edcad1adf04fa994f04d86ea2aaaf\"},\"headline\":\"Es ist nicht immer alles so rosa.\",\"datePublished\":\"2022-06-20T08:48:39+00:00\",\"dateModified\":\"2022-06-21T08:28:11+00:00\",\"mainEntityOfPage\":{\"@id\":\"https:\/\/www.kommunikationsraum.at\/en\/blog\/2022\/06\/es-ist-nicht-immer-alles-so-rosa\/\"},\"wordCount\":779,\"commentCount\":0,\"image\":{\"@id\":\"https:\/\/www.kommunikationsraum.at\/en\/blog\/2022\/06\/es-ist-nicht-immer-alles-so-rosa\/#primaryimage\"},\"thumbnailUrl\":\"https:\/\/www.kommunikationsraum.at\/wp-content\/uploads\/2022\/06\/2022_06_JOURNAL_b_e-800x450-1.jpg\",\"articleSection\":[\"Allgemein\"],\"inLanguage\":\"en-US\",\"potentialAction\":[{\"@type\":\"CommentAction\",\"name\":\"Comment\",\"target\":[\"https:\/\/www.kommunikationsraum.at\/en\/blog\/2022\/06\/es-ist-nicht-immer-alles-so-rosa\/#respond\"]}]},{\"@type\":\"WebPage\",\"@id\":\"https:\/\/www.kommunikationsraum.at\/en\/blog\/2022\/06\/es-ist-nicht-immer-alles-so-rosa\/\",\"url\":\"https:\/\/www.kommunikationsraum.at\/en\/blog\/2022\/06\/es-ist-nicht-immer-alles-so-rosa\/\",\"name\":\"Es ist nicht immer alles so rosa. - Kommunikationsraum\",\"isPartOf\":{\"@id\":\"https:\/\/www.kommunikationsraum.at\/en\/#website\"},\"primaryImageOfPage\":{\"@id\":\"https:\/\/www.kommunikationsraum.at\/en\/blog\/2022\/06\/es-ist-nicht-immer-alles-so-rosa\/#primaryimage\"},\"image\":{\"@id\":\"https:\/\/www.kommunikationsraum.at\/en\/blog\/2022\/06\/es-ist-nicht-immer-alles-so-rosa\/#primaryimage\"},\"thumbnailUrl\":\"https:\/\/www.kommunikationsraum.at\/wp-content\/uploads\/2022\/06\/2022_06_JOURNAL_b_e-800x450-1.jpg\",\"datePublished\":\"2022-06-20T08:48:39+00:00\",\"dateModified\":\"2022-06-21T08:28:11+00:00\",\"author\":{\"@id\":\"https:\/\/www.kommunikationsraum.at\/en\/#\/schema\/person\/040edcad1adf04fa994f04d86ea2aaaf\"},\"breadcrumb\":{\"@id\":\"https:\/\/www.kommunikationsraum.at\/en\/blog\/2022\/06\/es-ist-nicht-immer-alles-so-rosa\/#breadcrumb\"},\"inLanguage\":\"en-US\",\"potentialAction\":[{\"@type\":\"ReadAction\",\"target\":[\"https:\/\/www.kommunikationsraum.at\/en\/blog\/2022\/06\/es-ist-nicht-immer-alles-so-rosa\/\"]}]},{\"@type\":\"ImageObject\",\"inLanguage\":\"en-US\",\"@id\":\"https:\/\/www.kommunikationsraum.at\/en\/blog\/2022\/06\/es-ist-nicht-immer-alles-so-rosa\/#primaryimage\",\"url\":\"https:\/\/www.kommunikationsraum.at\/wp-content\/uploads\/2022\/06\/2022_06_JOURNAL_b_e-800x450-1.jpg\",\"contentUrl\":\"https:\/\/www.kommunikationsraum.at\/wp-content\/uploads\/2022\/06\/2022_06_JOURNAL_b_e-800x450-1.jpg\",\"width\":800,\"height\":450},{\"@type\":\"BreadcrumbList\",\"@id\":\"https:\/\/www.kommunikationsraum.at\/en\/blog\/2022\/06\/es-ist-nicht-immer-alles-so-rosa\/#breadcrumb\",\"itemListElement\":[{\"@type\":\"ListItem\",\"position\":1,\"name\":\"Start\",\"item\":\"https:\/\/www.kommunikationsraum.at\/en\/\"},{\"@type\":\"ListItem\",\"position\":2,\"name\":\"Es ist nicht immer alles so rosa.\"}]},{\"@type\":\"WebSite\",\"@id\":\"https:\/\/www.kommunikationsraum.at\/en\/#website\",\"url\":\"https:\/\/www.kommunikationsraum.at\/en\/\",\"name\":\"Kommunikationsraum\",\"description\":\"Kommunikation neu denken\",\"potentialAction\":[{\"@type\":\"SearchAction\",\"target\":{\"@type\":\"EntryPoint\",\"urlTemplate\":\"https:\/\/www.kommunikationsraum.at\/en\/?s={search_term_string}\"},\"query-input\":{\"@type\":\"PropertyValueSpecification\",\"valueRequired\":true,\"valueName\":\"search_term_string\"}}],\"inLanguage\":\"en-US\"},{\"@type\":\"Person\",\"@id\":\"https:\/\/www.kommunikationsraum.at\/en\/#\/schema\/person\/040edcad1adf04fa994f04d86ea2aaaf\",\"name\":\"Sabine Traxler\",\"url\":\"https:\/\/www.kommunikationsraum.at\/en\/blog\/author\/straxler\/\"}]}<\/script>\n<!-- \/ Yoast SEO plugin. -->","yoast_head_json":{"title":"Es ist nicht immer alles so rosa. - Kommunikationsraum","robots":{"index":"index","follow":"follow","max-snippet":"max-snippet:-1","max-image-preview":"max-image-preview:large","max-video-preview":"max-video-preview:-1"},"canonical":"https:\/\/www.kommunikationsraum.at\/en\/blog\/2022\/06\/es-ist-nicht-immer-alles-so-rosa\/","og_locale":"en_US","og_type":"article","og_title":"Es ist nicht immer alles so rosa. - Kommunikationsraum","og_description":"Die vierte Macht ver\u00e4ndert sich. Und mit ihr unsere Rollen als Kommunikator*innen. Ein Bright&Early-Talk mit der Medienanalytikerin Maria Pernegger sowie G\u00e4sten aus Wirtschaft und Forschung. \u201eKlassische Medien verlieren an Bedeutung. Sie sind vor allem dort bedroht, wo sie ihrer eigentlichen Aufgabe und Profession \u2013 Journalismus mit hohen Qualit\u00e4tsstandards \u2013 nicht nachkommen. Denn in diesem Fall verlieren sie ihre Daseinsberechtigung!\u201c, betont Maria Pernegger.","og_url":"https:\/\/www.kommunikationsraum.at\/en\/blog\/2022\/06\/es-ist-nicht-immer-alles-so-rosa\/","og_site_name":"Kommunikationsraum","article_publisher":"https:\/\/www.facebook.com\/kommunikationsraumwien\/","article_published_time":"2022-06-20T08:48:39+00:00","article_modified_time":"2022-06-21T08:28:11+00:00","og_image":[{"width":800,"height":450,"url":"https:\/\/www.kommunikationsraum.at\/wp-content\/uploads\/2022\/06\/2022_06_JOURNAL_b_e-800x450-1.jpg","type":"image\/jpeg"}],"author":"Sabine Traxler","twitter_card":"summary_large_image","twitter_creator":"@kr_hinterland","twitter_site":"@kr_hinterland","schema":{"@context":"https:\/\/schema.org","@graph":[{"@type":"Article","@id":"https:\/\/www.kommunikationsraum.at\/en\/blog\/2022\/06\/es-ist-nicht-immer-alles-so-rosa\/#article","isPartOf":{"@id":"https:\/\/www.kommunikationsraum.at\/en\/blog\/2022\/06\/es-ist-nicht-immer-alles-so-rosa\/"},"author":{"name":"Sabine Traxler","@id":"https:\/\/www.kommunikationsraum.at\/en\/#\/schema\/person\/040edcad1adf04fa994f04d86ea2aaaf"},"headline":"Es ist nicht immer alles so rosa.","datePublished":"2022-06-20T08:48:39+00:00","dateModified":"2022-06-21T08:28:11+00:00","mainEntityOfPage":{"@id":"https:\/\/www.kommunikationsraum.at\/en\/blog\/2022\/06\/es-ist-nicht-immer-alles-so-rosa\/"},"wordCount":779,"commentCount":0,"image":{"@id":"https:\/\/www.kommunikationsraum.at\/en\/blog\/2022\/06\/es-ist-nicht-immer-alles-so-rosa\/#primaryimage"},"thumbnailUrl":"https:\/\/www.kommunikationsraum.at\/wp-content\/uploads\/2022\/06\/2022_06_JOURNAL_b_e-800x450-1.jpg","articleSection":["Allgemein"],"inLanguage":"en-US","potentialAction":[{"@type":"CommentAction","name":"Comment","target":["https:\/\/www.kommunikationsraum.at\/en\/blog\/2022\/06\/es-ist-nicht-immer-alles-so-rosa\/#respond"]}]},{"@type":"WebPage","@id":"https:\/\/www.kommunikationsraum.at\/en\/blog\/2022\/06\/es-ist-nicht-immer-alles-so-rosa\/","url":"https:\/\/www.kommunikationsraum.at\/en\/blog\/2022\/06\/es-ist-nicht-immer-alles-so-rosa\/","name":"Es ist nicht immer alles so rosa. - Kommunikationsraum","isPartOf":{"@id":"https:\/\/www.kommunikationsraum.at\/en\/#website"},"primaryImageOfPage":{"@id":"https:\/\/www.kommunikationsraum.at\/en\/blog\/2022\/06\/es-ist-nicht-immer-alles-so-rosa\/#primaryimage"},"image":{"@id":"https:\/\/www.kommunikationsraum.at\/en\/blog\/2022\/06\/es-ist-nicht-immer-alles-so-rosa\/#primaryimage"},"thumbnailUrl":"https:\/\/www.kommunikationsraum.at\/wp-content\/uploads\/2022\/06\/2022_06_JOURNAL_b_e-800x450-1.jpg","datePublished":"2022-06-20T08:48:39+00:00","dateModified":"2022-06-21T08:28:11+00:00","author":{"@id":"https:\/\/www.kommunikationsraum.at\/en\/#\/schema\/person\/040edcad1adf04fa994f04d86ea2aaaf"},"breadcrumb":{"@id":"https:\/\/www.kommunikationsraum.at\/en\/blog\/2022\/06\/es-ist-nicht-immer-alles-so-rosa\/#breadcrumb"},"inLanguage":"en-US","potentialAction":[{"@type":"ReadAction","target":["https:\/\/www.kommunikationsraum.at\/en\/blog\/2022\/06\/es-ist-nicht-immer-alles-so-rosa\/"]}]},{"@type":"ImageObject","inLanguage":"en-US","@id":"https:\/\/www.kommunikationsraum.at\/en\/blog\/2022\/06\/es-ist-nicht-immer-alles-so-rosa\/#primaryimage","url":"https:\/\/www.kommunikationsraum.at\/wp-content\/uploads\/2022\/06\/2022_06_JOURNAL_b_e-800x450-1.jpg","contentUrl":"https:\/\/www.kommunikationsraum.at\/wp-content\/uploads\/2022\/06\/2022_06_JOURNAL_b_e-800x450-1.jpg","width":800,"height":450},{"@type":"BreadcrumbList","@id":"https:\/\/www.kommunikationsraum.at\/en\/blog\/2022\/06\/es-ist-nicht-immer-alles-so-rosa\/#breadcrumb","itemListElement":[{"@type":"ListItem","position":1,"name":"Start","item":"https:\/\/www.kommunikationsraum.at\/en\/"},{"@type":"ListItem","position":2,"name":"Es ist nicht immer alles so rosa."}]},{"@type":"WebSite","@id":"https:\/\/www.kommunikationsraum.at\/en\/#website","url":"https:\/\/www.kommunikationsraum.at\/en\/","name":"Kommunikationsraum","description":"Kommunikation neu denken","potentialAction":[{"@type":"SearchAction","target":{"@type":"EntryPoint","urlTemplate":"https:\/\/www.kommunikationsraum.at\/en\/?s={search_term_string}"},"query-input":{"@type":"PropertyValueSpecification","valueRequired":true,"valueName":"search_term_string"}}],"inLanguage":"en-US"},{"@type":"Person","@id":"https:\/\/www.kommunikationsraum.at\/en\/#\/schema\/person\/040edcad1adf04fa994f04d86ea2aaaf","name":"Sabine Traxler","url":"https:\/\/www.kommunikationsraum.at\/en\/blog\/author\/straxler\/"}]}},"_links":{"self":[{"href":"https:\/\/www.kommunikationsraum.at\/en\/wp-json\/wp\/v2\/posts\/7207","targetHints":{"allow":["GET"]}}],"collection":[{"href":"https:\/\/www.kommunikationsraum.at\/en\/wp-json\/wp\/v2\/posts"}],"about":[{"href":"https:\/\/www.kommunikationsraum.at\/en\/wp-json\/wp\/v2\/types\/post"}],"author":[{"embeddable":true,"href":"https:\/\/www.kommunikationsraum.at\/en\/wp-json\/wp\/v2\/users\/2"}],"replies":[{"embeddable":true,"href":"https:\/\/www.kommunikationsraum.at\/en\/wp-json\/wp\/v2\/comments?post=7207"}],"version-history":[{"count":142,"href":"https:\/\/www.kommunikationsraum.at\/en\/wp-json\/wp\/v2\/posts\/7207\/revisions"}],"predecessor-version":[{"id":7424,"href":"https:\/\/www.kommunikationsraum.at\/en\/wp-json\/wp\/v2\/posts\/7207\/revisions\/7424"}],"wp:featuredmedia":[{"embeddable":true,"href":"https:\/\/www.kommunikationsraum.at\/en\/wp-json\/wp\/v2\/media\/7209"}],"wp:attachment":[{"href":"https:\/\/www.kommunikationsraum.at\/en\/wp-json\/wp\/v2\/media?parent=7207"}],"wp:term":[{"taxonomy":"category","embeddable":true,"href":"https:\/\/www.kommunikationsraum.at\/en\/wp-json\/wp\/v2\/categories?post=7207"},{"taxonomy":"post_tag","embeddable":true,"href":"https:\/\/www.kommunikationsraum.at\/en\/wp-json\/wp\/v2\/tags?post=7207"}],"curies":[{"name":"wp","href":"https:\/\/api.w.org\/{rel}","templated":true}]}}