{"id":728,"date":"2019-05-20T11:17:00","date_gmt":"2019-05-20T09:17:00","guid":{"rendered":"https:\/\/www.kommunikationsraum.at\/?p=728"},"modified":"2022-04-26T11:33:48","modified_gmt":"2022-04-26T09:33:48","slug":"hallo-verantwortung","status":"publish","type":"post","link":"https:\/\/www.kommunikationsraum.at\/en\/blog\/2019\/05\/hallo-verantwortung\/","title":{"rendered":"Hallo Verantwortung!"},"content":{"rendered":"\t\t<div data-elementor-type=\"wp-post\" data-elementor-id=\"728\" class=\"elementor elementor-728\">\n\t\t\t\t\t\t<div class=\"elementor-inner\">\n\t\t\t\t<div class=\"elementor-section-wrap\">\n\t\t\t\t\t\t\t\t\t<section class=\"elementor-section elementor-top-section elementor-element elementor-element-2d040e3 elementor-section-full_width elementor-section-height-default elementor-section-height-default\" data-id=\"2d040e3\" data-element_type=\"section\">\n\t\t\t\t\t\t<div class=\"elementor-container elementor-column-gap-no\">\n\t\t\t\t\t\t\t<div class=\"elementor-row\">\n\t\t\t\t\t<aside class=\"elementor-column elementor-col-33 elementor-top-column elementor-element elementor-element-0f5c801\" data-id=\"0f5c801\" data-element_type=\"column\">\n\t\t\t<div class=\"elementor-column-wrap elementor-element-populated\">\n\t\t\t\t\t\t\t<div class=\"elementor-widget-wrap\">\n\t\t\t\t\t\t<div class=\"elementor-element elementor-element-2a9fd21 elementor-hidden-desktop elementor-hidden-tablet elementor-widget elementor-widget-image\" data-id=\"2a9fd21\" data-element_type=\"widget\" data-widget_type=\"image.default\">\n\t\t\t\t<div class=\"elementor-widget-container\">\n\t\t\t\t\t\t\t\t<div class=\"elementor-image\">\n\t\t\t\t\t\t\t\t\t\t\t\t\t<a href=\"https:\/\/www.kommunikationsraum.at\/blog\/\">\n\t\t\t\t\t\t\t<img loading=\"lazy\" decoding=\"async\" width=\"800\" height=\"600\" src=\"https:\/\/www.kommunikationsraum.at\/wp-content\/uploads\/2021\/03\/journal-800x600-1.png\" class=\"attachment-full size-full wp-image-2843\" alt=\"\" srcset=\"https:\/\/www.kommunikationsraum.at\/wp-content\/uploads\/2021\/03\/journal-800x600-1.png 800w, https:\/\/www.kommunikationsraum.at\/wp-content\/uploads\/2021\/03\/journal-800x600-1-300x225.png 300w, https:\/\/www.kommunikationsraum.at\/wp-content\/uploads\/2021\/03\/journal-800x600-1-768x576.png 768w\" sizes=\"auto, (max-width: 800px) 100vw, 800px\" \/>\t\t\t\t\t\t\t\t<\/a>\n\t\t\t\t\t\t\t\t\t\t\t\t\t\t<\/div>\n\t\t\t\t\t\t<\/div>\n\t\t\t\t<\/div>\n\t\t\t\t<div class=\"elementor-element elementor-element-bfaaf13 elementor-widget elementor-widget-image\" data-id=\"bfaaf13\" data-element_type=\"widget\" data-widget_type=\"image.default\">\n\t\t\t\t<div class=\"elementor-widget-container\">\n\t\t\t\t\t\t\t\t<div class=\"elementor-image\">\n\t\t\t\t\t\t\t\t\t\t\t\t<img loading=\"lazy\" decoding=\"async\" width=\"800\" height=\"600\" src=\"https:\/\/www.kommunikationsraum.at\/wp-content\/uploads\/2019\/05\/JOURNAL-meinung-800x600-1.jpg\" class=\"attachment-full size-full wp-image-4935\" alt=\"\" srcset=\"https:\/\/www.kommunikationsraum.at\/wp-content\/uploads\/2019\/05\/JOURNAL-meinung-800x600-1.jpg 800w, https:\/\/www.kommunikationsraum.at\/wp-content\/uploads\/2019\/05\/JOURNAL-meinung-800x600-1-300x225.jpg 300w, https:\/\/www.kommunikationsraum.at\/wp-content\/uploads\/2019\/05\/JOURNAL-meinung-800x600-1-768x576.jpg 768w\" sizes=\"auto, (max-width: 800px) 100vw, 800px\" \/>\t\t\t\t\t\t\t\t\t\t\t\t\t\t<\/div>\n\t\t\t\t\t\t<\/div>\n\t\t\t\t<\/div>\n\t\t\t\t\t\t<\/div>\n\t\t\t\t\t<\/div>\n\t\t<\/aside>\n\t\t\t\t<article class=\"elementor-column elementor-col-33 elementor-top-column elementor-element elementor-element-2f906f7\" data-id=\"2f906f7\" data-element_type=\"column\">\n\t\t\t<div class=\"elementor-column-wrap elementor-element-populated\">\n\t\t\t\t\t\t\t<div class=\"elementor-widget-wrap\">\n\t\t\t\t\t\t<div class=\"elementor-element elementor-element-32bf794 subpage elementor-widget elementor-widget-text-editor\" data-id=\"32bf794\" data-element_type=\"widget\" data-widget_type=\"text-editor.default\">\n\t\t\t\t<div class=\"elementor-widget-container\">\n\t\t\t\t\t\t\t\t<div class=\"elementor-text-editor elementor-clearfix\">\n\t\t\t\t<h3 class=\"entry-title\"><strong>Hallo Verantwortung!<\/strong><\/h3>\t\t\t\t\t<\/div>\n\t\t\t\t\t\t<\/div>\n\t\t\t\t<\/div>\n\t\t\t\t<div class=\"elementor-element elementor-element-4b3fb4a elementor-widget elementor-widget-text-editor\" data-id=\"4b3fb4a\" data-element_type=\"widget\" data-widget_type=\"text-editor.default\">\n\t\t\t\t<div class=\"elementor-widget-container\">\n\t\t\t\t\t\t\t\t<div class=\"elementor-text-editor elementor-clearfix\">\n\t\t\t\t<p><a href=\"https:\/\/www.kommunikationsraum.at\/real-world\/team\/\" target=\"_blank\" rel=\"noreferrer noopener\">Bettina Pepek<\/a><\/p>\t\t\t\t\t<\/div>\n\t\t\t\t\t\t<\/div>\n\t\t\t\t<\/div>\n\t\t\t\t<div class=\"elementor-element elementor-element-578dca5 elementor-widget elementor-widget-text-editor\" data-id=\"578dca5\" data-element_type=\"widget\" data-widget_type=\"text-editor.default\">\n\t\t\t\t<div class=\"elementor-widget-container\">\n\t\t\t\t\t\t\t\t<div class=\"elementor-text-editor elementor-clearfix\">\n\t\t\t\t<p>Nein, es muss nicht der \u201estarke Mann\u201c sein! Es darf auch eine (und zuk\u00fcnftig hoffentlich viele) starke Frau sein: die Verantwortung zeigt, (mutige) Entscheidungen trifft und Parteiinteresse hinter jene der B\u00fcrger*innen stellt.<\/p><p>\u00a0<\/p><p>Im Rahmen der ersten <a href=\"http:\/\/www.political-leadership.co.at\/\" target=\"_blank\" rel=\"noreferrer noopener\">repr\u00e4sentativen Studie zu Political Leadership<\/a>, mitinitiiert und -gestaltet vom KOMMUNIKATIONSRAUM zeichnet sich ab: Die Bev\u00f6lkerung w\u00fcnscht sich mehr Entscheidungsfreudigkeit und hat das Bed\u00fcrfnis nach professionelleren (auch transparenteren und in der\u00a0Kommunikation\u00a0neu bzw. anders transportierten) Prozessen. Eine klare Absage wird der Einschr\u00e4nkung wichtiger Errungenschaften moderner Demokratien, allen voran Menschenrechte und Wahlrecht erteilt!<\/p><p>\u00a0<\/p><p><a href=\"https:\/\/www.kommunikationsraum.at\/wp-content\/uploads\/2020\/12\/Political_Leadership_in_A_GallupOEGPW_2017.pdf\" target=\"_blank\" rel=\"noreferrer noopener\">Pr\u00e4sentation der Studienergebnisse<\/a><\/p><p><a href=\"https:\/\/www.kommunikationsraum.at\/wp-content\/uploads\/2020\/12\/Pressetext_Political_Leadership_in_OEsterreich_2017.pdf\" target=\"_blank\" rel=\"noreferrer noopener\">Pressetext Political Leadership in \u00d6sterreich<\/a><\/p><p>\u00a0<\/p><p>Eine in diesem Zusammenhang lesenswerte Lekt\u00fcre ist auch das Thesenpapier \u201eNext Politics\u201c vom\u00a0<a href=\"http:\/\/www.zukunftsinstitut.at\/\" target=\"_blank\" rel=\"noreferrer noopener\">Zukunftsinstitut<\/a>. Die darin auch empirisch belegte Ver\u00e4nderung der deutschen Gesellschaft erfordere ein neues politisches Denken und Handeln. Die Autoren skizzieren ein dreidimensionales Politik-Modell zur \u201e\u00dcberwindung des Lagerdenkens durch eine Sowohl-als-auch-Perspektive\u201c. Hier ist ein m\u00f6glicher inhaltlicher Ankn\u00fcpfungspunkt zu \u00d6sterreich erkennbar: Befragt nach den Eigenschaften von politischen F\u00fchrungskr\u00e4ften reihen Herr und Frau \u00d6sterreicher die Hintanstellung der Parteiinteressen gegen\u00fcber jenen der Bev\u00f6lkerung ganz vorne!<\/p><p>\u00a0<\/p><p><strong>Bettina Pepek<\/strong>, ist gesch\u00e4ftsf\u00fchrende Gesellschafterin des KOMMUNIKATIONSRAUMs und Sprecherin der Sektion Political Leadership der \u00f6sterreichischen Gesellschaft f\u00fcr Politikwissenschaft.<\/p>\t\t\t\t\t<\/div>\n\t\t\t\t\t\t<\/div>\n\t\t\t\t<\/div>\n\t\t\t\t\t\t<\/div>\n\t\t\t\t\t<\/div>\n\t\t<\/article>\n\t\t\t\t<aside class=\"elementor-column elementor-col-33 elementor-top-column elementor-element elementor-element-8c239c2 elementor-hidden-phone\" data-id=\"8c239c2\" data-element_type=\"column\">\n\t\t\t<div class=\"elementor-column-wrap elementor-element-populated\">\n\t\t\t\t\t\t\t<div class=\"elementor-widget-wrap\">\n\t\t\t\t\t\t<div class=\"elementor-element elementor-element-4375960 elementor-widget elementor-widget-image\" data-id=\"4375960\" data-element_type=\"widget\" data-widget_type=\"image.default\">\n\t\t\t\t<div class=\"elementor-widget-container\">\n\t\t\t\t\t\t\t\t<div class=\"elementor-image\">\n\t\t\t\t\t\t\t\t\t\t\t\t\t<a href=\"https:\/\/www.kommunikationsraum.at\/blog\/\">\n\t\t\t\t\t\t\t<img loading=\"lazy\" decoding=\"async\" width=\"800\" height=\"600\" src=\"https:\/\/www.kommunikationsraum.at\/wp-content\/uploads\/2021\/03\/journal-800x600-1.png\" class=\"attachment-full size-full wp-image-2843\" alt=\"\" srcset=\"https:\/\/www.kommunikationsraum.at\/wp-content\/uploads\/2021\/03\/journal-800x600-1.png 800w, https:\/\/www.kommunikationsraum.at\/wp-content\/uploads\/2021\/03\/journal-800x600-1-300x225.png 300w, https:\/\/www.kommunikationsraum.at\/wp-content\/uploads\/2021\/03\/journal-800x600-1-768x576.png 768w\" sizes=\"auto, (max-width: 800px) 100vw, 800px\" \/>\t\t\t\t\t\t\t\t<\/a>\n\t\t\t\t\t\t\t\t\t\t\t\t\t\t<\/div>\n\t\t\t\t\t\t<\/div>\n\t\t\t\t<\/div>\n\t\t\t\t\t\t<\/div>\n\t\t\t\t\t<\/div>\n\t\t<\/aside>\n\t\t\t\t\t\t\t\t<\/div>\n\t\t\t\t\t<\/div>\n\t\t<\/section>\n\t\t\t\t\t\t\t\t\t<\/div>\n\t\t\t<\/div>\n\t\t\t\t\t<\/div>\n\t\t","protected":false},"excerpt":{"rendered":"<p>Nein, es muss nicht der \u201estarke Mann\u201c sein! Es darf auch eine (und zuk\u00fcnftig hoffentlich viele) starke Frau sein: die Verantwortung zeigt, (mutige) Entscheidungen trifft und Parteiinteresse hinter jene der B\u00fcrger*innen stellt. Im Rahmen der ersten repr\u00e4sentativen Studie zu Political Leadership, mitinitiiert und -gestaltet vom kommunikationsraum zeichnet sich ab: \u2026<\/p>\n","protected":false},"author":2,"featured_media":4930,"comment_status":"open","ping_status":"open","sticky":false,"template":"elementor_header_footer","format":"standard","meta":{"footnotes":""},"categories":[1],"tags":[],"class_list":["post-728","post","type-post","status-publish","format-standard","has-post-thumbnail","hentry","category-allgemein"],"yoast_head":"<!-- This site is optimized with the Yoast SEO plugin v27.2 - https:\/\/yoast.com\/product\/yoast-seo-wordpress\/ -->\n<title>Hallo Verantwortung! - Kommunikationsraum<\/title>\n<meta name=\"robots\" content=\"index, follow, max-snippet:-1, max-image-preview:large, max-video-preview:-1\" \/>\n<link rel=\"canonical\" href=\"https:\/\/www.kommunikationsraum.at\/en\/blog\/2019\/05\/hallo-verantwortung\/\" \/>\n<meta property=\"og:locale\" content=\"en_US\" \/>\n<meta property=\"og:type\" content=\"article\" \/>\n<meta property=\"og:title\" content=\"Hallo Verantwortung! - Kommunikationsraum\" \/>\n<meta property=\"og:description\" content=\"Nein, es muss nicht der \u201estarke Mann\u201c sein! Es darf auch eine (und zuk\u00fcnftig hoffentlich viele) starke Frau sein: die Verantwortung zeigt, (mutige) Entscheidungen trifft und Parteiinteresse hinter jene der B\u00fcrger*innen stellt. Im Rahmen der ersten repr\u00e4sentativen Studie zu Political Leadership, mitinitiiert und -gestaltet vom kommunikationsraum zeichnet sich ab: \u2026\" \/>\n<meta property=\"og:url\" content=\"https:\/\/www.kommunikationsraum.at\/en\/blog\/2019\/05\/hallo-verantwortung\/\" \/>\n<meta property=\"og:site_name\" content=\"Kommunikationsraum\" \/>\n<meta property=\"article:publisher\" content=\"https:\/\/www.facebook.com\/kommunikationsraumwien\/\" \/>\n<meta property=\"article:published_time\" content=\"2019-05-20T09:17:00+00:00\" \/>\n<meta property=\"article:modified_time\" content=\"2022-04-26T09:33:48+00:00\" \/>\n<meta property=\"og:image\" content=\"https:\/\/www.kommunikationsraum.at\/wp-content\/uploads\/2019\/05\/JOURNAL-meinung-800x450-1.jpg\" \/>\n\t<meta property=\"og:image:width\" content=\"800\" \/>\n\t<meta property=\"og:image:height\" content=\"450\" \/>\n\t<meta property=\"og:image:type\" content=\"image\/jpeg\" \/>\n<meta name=\"author\" content=\"Sabine Traxler\" \/>\n<meta name=\"twitter:card\" content=\"summary_large_image\" \/>\n<meta name=\"twitter:creator\" content=\"@kr_hinterland\" \/>\n<meta name=\"twitter:site\" content=\"@kr_hinterland\" \/>\n<script type=\"application\/ld+json\" class=\"yoast-schema-graph\">{\"@context\":\"https:\/\/schema.org\",\"@graph\":[{\"@type\":\"Article\",\"@id\":\"https:\/\/www.kommunikationsraum.at\/en\/blog\/2019\/05\/hallo-verantwortung\/#article\",\"isPartOf\":{\"@id\":\"https:\/\/www.kommunikationsraum.at\/en\/blog\/2019\/05\/hallo-verantwortung\/\"},\"author\":{\"name\":\"Sabine Traxler\",\"@id\":\"https:\/\/www.kommunikationsraum.at\/en\/#\/schema\/person\/040edcad1adf04fa994f04d86ea2aaaf\"},\"headline\":\"Hallo Verantwortung!\",\"datePublished\":\"2019-05-20T09:17:00+00:00\",\"dateModified\":\"2022-04-26T09:33:48+00:00\",\"mainEntityOfPage\":{\"@id\":\"https:\/\/www.kommunikationsraum.at\/en\/blog\/2019\/05\/hallo-verantwortung\/\"},\"wordCount\":214,\"commentCount\":0,\"image\":{\"@id\":\"https:\/\/www.kommunikationsraum.at\/en\/blog\/2019\/05\/hallo-verantwortung\/#primaryimage\"},\"thumbnailUrl\":\"https:\/\/www.kommunikationsraum.at\/wp-content\/uploads\/2019\/05\/JOURNAL-meinung-800x450-1.jpg\",\"articleSection\":[\"Allgemein\"],\"inLanguage\":\"en-US\",\"potentialAction\":[{\"@type\":\"CommentAction\",\"name\":\"Comment\",\"target\":[\"https:\/\/www.kommunikationsraum.at\/en\/blog\/2019\/05\/hallo-verantwortung\/#respond\"]}]},{\"@type\":\"WebPage\",\"@id\":\"https:\/\/www.kommunikationsraum.at\/en\/blog\/2019\/05\/hallo-verantwortung\/\",\"url\":\"https:\/\/www.kommunikationsraum.at\/en\/blog\/2019\/05\/hallo-verantwortung\/\",\"name\":\"Hallo Verantwortung! - Kommunikationsraum\",\"isPartOf\":{\"@id\":\"https:\/\/www.kommunikationsraum.at\/en\/#website\"},\"primaryImageOfPage\":{\"@id\":\"https:\/\/www.kommunikationsraum.at\/en\/blog\/2019\/05\/hallo-verantwortung\/#primaryimage\"},\"image\":{\"@id\":\"https:\/\/www.kommunikationsraum.at\/en\/blog\/2019\/05\/hallo-verantwortung\/#primaryimage\"},\"thumbnailUrl\":\"https:\/\/www.kommunikationsraum.at\/wp-content\/uploads\/2019\/05\/JOURNAL-meinung-800x450-1.jpg\",\"datePublished\":\"2019-05-20T09:17:00+00:00\",\"dateModified\":\"2022-04-26T09:33:48+00:00\",\"author\":{\"@id\":\"https:\/\/www.kommunikationsraum.at\/en\/#\/schema\/person\/040edcad1adf04fa994f04d86ea2aaaf\"},\"breadcrumb\":{\"@id\":\"https:\/\/www.kommunikationsraum.at\/en\/blog\/2019\/05\/hallo-verantwortung\/#breadcrumb\"},\"inLanguage\":\"en-US\",\"potentialAction\":[{\"@type\":\"ReadAction\",\"target\":[\"https:\/\/www.kommunikationsraum.at\/en\/blog\/2019\/05\/hallo-verantwortung\/\"]}]},{\"@type\":\"ImageObject\",\"inLanguage\":\"en-US\",\"@id\":\"https:\/\/www.kommunikationsraum.at\/en\/blog\/2019\/05\/hallo-verantwortung\/#primaryimage\",\"url\":\"https:\/\/www.kommunikationsraum.at\/wp-content\/uploads\/2019\/05\/JOURNAL-meinung-800x450-1.jpg\",\"contentUrl\":\"https:\/\/www.kommunikationsraum.at\/wp-content\/uploads\/2019\/05\/JOURNAL-meinung-800x450-1.jpg\",\"width\":800,\"height\":450},{\"@type\":\"BreadcrumbList\",\"@id\":\"https:\/\/www.kommunikationsraum.at\/en\/blog\/2019\/05\/hallo-verantwortung\/#breadcrumb\",\"itemListElement\":[{\"@type\":\"ListItem\",\"position\":1,\"name\":\"Start\",\"item\":\"https:\/\/www.kommunikationsraum.at\/en\/\"},{\"@type\":\"ListItem\",\"position\":2,\"name\":\"Hallo Verantwortung!\"}]},{\"@type\":\"WebSite\",\"@id\":\"https:\/\/www.kommunikationsraum.at\/en\/#website\",\"url\":\"https:\/\/www.kommunikationsraum.at\/en\/\",\"name\":\"Kommunikationsraum\",\"description\":\"Kommunikation neu denken\",\"potentialAction\":[{\"@type\":\"SearchAction\",\"target\":{\"@type\":\"EntryPoint\",\"urlTemplate\":\"https:\/\/www.kommunikationsraum.at\/en\/?s={search_term_string}\"},\"query-input\":{\"@type\":\"PropertyValueSpecification\",\"valueRequired\":true,\"valueName\":\"search_term_string\"}}],\"inLanguage\":\"en-US\"},{\"@type\":\"Person\",\"@id\":\"https:\/\/www.kommunikationsraum.at\/en\/#\/schema\/person\/040edcad1adf04fa994f04d86ea2aaaf\",\"name\":\"Sabine Traxler\",\"url\":\"https:\/\/www.kommunikationsraum.at\/en\/blog\/author\/straxler\/\"}]}<\/script>\n<!-- \/ Yoast SEO plugin. -->","yoast_head_json":{"title":"Hallo Verantwortung! - Kommunikationsraum","robots":{"index":"index","follow":"follow","max-snippet":"max-snippet:-1","max-image-preview":"max-image-preview:large","max-video-preview":"max-video-preview:-1"},"canonical":"https:\/\/www.kommunikationsraum.at\/en\/blog\/2019\/05\/hallo-verantwortung\/","og_locale":"en_US","og_type":"article","og_title":"Hallo Verantwortung! - Kommunikationsraum","og_description":"Nein, es muss nicht der \u201estarke Mann\u201c sein! Es darf auch eine (und zuk\u00fcnftig hoffentlich viele) starke Frau sein: die Verantwortung zeigt, (mutige) Entscheidungen trifft und Parteiinteresse hinter jene der B\u00fcrger*innen stellt. Im Rahmen der ersten repr\u00e4sentativen Studie zu Political Leadership, mitinitiiert und -gestaltet vom kommunikationsraum zeichnet sich ab: \u2026","og_url":"https:\/\/www.kommunikationsraum.at\/en\/blog\/2019\/05\/hallo-verantwortung\/","og_site_name":"Kommunikationsraum","article_publisher":"https:\/\/www.facebook.com\/kommunikationsraumwien\/","article_published_time":"2019-05-20T09:17:00+00:00","article_modified_time":"2022-04-26T09:33:48+00:00","og_image":[{"width":800,"height":450,"url":"https:\/\/www.kommunikationsraum.at\/wp-content\/uploads\/2019\/05\/JOURNAL-meinung-800x450-1.jpg","type":"image\/jpeg"}],"author":"Sabine Traxler","twitter_card":"summary_large_image","twitter_creator":"@kr_hinterland","twitter_site":"@kr_hinterland","schema":{"@context":"https:\/\/schema.org","@graph":[{"@type":"Article","@id":"https:\/\/www.kommunikationsraum.at\/en\/blog\/2019\/05\/hallo-verantwortung\/#article","isPartOf":{"@id":"https:\/\/www.kommunikationsraum.at\/en\/blog\/2019\/05\/hallo-verantwortung\/"},"author":{"name":"Sabine Traxler","@id":"https:\/\/www.kommunikationsraum.at\/en\/#\/schema\/person\/040edcad1adf04fa994f04d86ea2aaaf"},"headline":"Hallo Verantwortung!","datePublished":"2019-05-20T09:17:00+00:00","dateModified":"2022-04-26T09:33:48+00:00","mainEntityOfPage":{"@id":"https:\/\/www.kommunikationsraum.at\/en\/blog\/2019\/05\/hallo-verantwortung\/"},"wordCount":214,"commentCount":0,"image":{"@id":"https:\/\/www.kommunikationsraum.at\/en\/blog\/2019\/05\/hallo-verantwortung\/#primaryimage"},"thumbnailUrl":"https:\/\/www.kommunikationsraum.at\/wp-content\/uploads\/2019\/05\/JOURNAL-meinung-800x450-1.jpg","articleSection":["Allgemein"],"inLanguage":"en-US","potentialAction":[{"@type":"CommentAction","name":"Comment","target":["https:\/\/www.kommunikationsraum.at\/en\/blog\/2019\/05\/hallo-verantwortung\/#respond"]}]},{"@type":"WebPage","@id":"https:\/\/www.kommunikationsraum.at\/en\/blog\/2019\/05\/hallo-verantwortung\/","url":"https:\/\/www.kommunikationsraum.at\/en\/blog\/2019\/05\/hallo-verantwortung\/","name":"Hallo Verantwortung! - Kommunikationsraum","isPartOf":{"@id":"https:\/\/www.kommunikationsraum.at\/en\/#website"},"primaryImageOfPage":{"@id":"https:\/\/www.kommunikationsraum.at\/en\/blog\/2019\/05\/hallo-verantwortung\/#primaryimage"},"image":{"@id":"https:\/\/www.kommunikationsraum.at\/en\/blog\/2019\/05\/hallo-verantwortung\/#primaryimage"},"thumbnailUrl":"https:\/\/www.kommunikationsraum.at\/wp-content\/uploads\/2019\/05\/JOURNAL-meinung-800x450-1.jpg","datePublished":"2019-05-20T09:17:00+00:00","dateModified":"2022-04-26T09:33:48+00:00","author":{"@id":"https:\/\/www.kommunikationsraum.at\/en\/#\/schema\/person\/040edcad1adf04fa994f04d86ea2aaaf"},"breadcrumb":{"@id":"https:\/\/www.kommunikationsraum.at\/en\/blog\/2019\/05\/hallo-verantwortung\/#breadcrumb"},"inLanguage":"en-US","potentialAction":[{"@type":"ReadAction","target":["https:\/\/www.kommunikationsraum.at\/en\/blog\/2019\/05\/hallo-verantwortung\/"]}]},{"@type":"ImageObject","inLanguage":"en-US","@id":"https:\/\/www.kommunikationsraum.at\/en\/blog\/2019\/05\/hallo-verantwortung\/#primaryimage","url":"https:\/\/www.kommunikationsraum.at\/wp-content\/uploads\/2019\/05\/JOURNAL-meinung-800x450-1.jpg","contentUrl":"https:\/\/www.kommunikationsraum.at\/wp-content\/uploads\/2019\/05\/JOURNAL-meinung-800x450-1.jpg","width":800,"height":450},{"@type":"BreadcrumbList","@id":"https:\/\/www.kommunikationsraum.at\/en\/blog\/2019\/05\/hallo-verantwortung\/#breadcrumb","itemListElement":[{"@type":"ListItem","position":1,"name":"Start","item":"https:\/\/www.kommunikationsraum.at\/en\/"},{"@type":"ListItem","position":2,"name":"Hallo Verantwortung!"}]},{"@type":"WebSite","@id":"https:\/\/www.kommunikationsraum.at\/en\/#website","url":"https:\/\/www.kommunikationsraum.at\/en\/","name":"Kommunikationsraum","description":"Kommunikation neu denken","potentialAction":[{"@type":"SearchAction","target":{"@type":"EntryPoint","urlTemplate":"https:\/\/www.kommunikationsraum.at\/en\/?s={search_term_string}"},"query-input":{"@type":"PropertyValueSpecification","valueRequired":true,"valueName":"search_term_string"}}],"inLanguage":"en-US"},{"@type":"Person","@id":"https:\/\/www.kommunikationsraum.at\/en\/#\/schema\/person\/040edcad1adf04fa994f04d86ea2aaaf","name":"Sabine Traxler","url":"https:\/\/www.kommunikationsraum.at\/en\/blog\/author\/straxler\/"}]}},"_links":{"self":[{"href":"https:\/\/www.kommunikationsraum.at\/en\/wp-json\/wp\/v2\/posts\/728","targetHints":{"allow":["GET"]}}],"collection":[{"href":"https:\/\/www.kommunikationsraum.at\/en\/wp-json\/wp\/v2\/posts"}],"about":[{"href":"https:\/\/www.kommunikationsraum.at\/en\/wp-json\/wp\/v2\/types\/post"}],"author":[{"embeddable":true,"href":"https:\/\/www.kommunikationsraum.at\/en\/wp-json\/wp\/v2\/users\/2"}],"replies":[{"embeddable":true,"href":"https:\/\/www.kommunikationsraum.at\/en\/wp-json\/wp\/v2\/comments?post=728"}],"version-history":[{"count":42,"href":"https:\/\/www.kommunikationsraum.at\/en\/wp-json\/wp\/v2\/posts\/728\/revisions"}],"predecessor-version":[{"id":6754,"href":"https:\/\/www.kommunikationsraum.at\/en\/wp-json\/wp\/v2\/posts\/728\/revisions\/6754"}],"wp:featuredmedia":[{"embeddable":true,"href":"https:\/\/www.kommunikationsraum.at\/en\/wp-json\/wp\/v2\/media\/4930"}],"wp:attachment":[{"href":"https:\/\/www.kommunikationsraum.at\/en\/wp-json\/wp\/v2\/media?parent=728"}],"wp:term":[{"taxonomy":"category","embeddable":true,"href":"https:\/\/www.kommunikationsraum.at\/en\/wp-json\/wp\/v2\/categories?post=728"},{"taxonomy":"post_tag","embeddable":true,"href":"https:\/\/www.kommunikationsraum.at\/en\/wp-json\/wp\/v2\/tags?post=728"}],"curies":[{"name":"wp","href":"https:\/\/api.w.org\/{rel}","templated":true}]}}