{"id":758,"date":"2018-08-21T16:55:21","date_gmt":"2018-08-21T14:55:21","guid":{"rendered":"https:\/\/www.kommunikationsraum.at\/?p=758"},"modified":"2022-04-26T11:35:24","modified_gmt":"2022-04-26T09:35:24","slug":"change-the-story-change-the-future","status":"publish","type":"post","link":"https:\/\/www.kommunikationsraum.at\/en\/blog\/2018\/08\/change-the-story-change-the-future\/","title":{"rendered":"Change the story &#8211; change the future"},"content":{"rendered":"\t\t<div data-elementor-type=\"wp-post\" data-elementor-id=\"758\" class=\"elementor elementor-758\">\n\t\t\t\t\t\t<div class=\"elementor-inner\">\n\t\t\t\t<div class=\"elementor-section-wrap\">\n\t\t\t\t\t\t\t\t\t<section class=\"elementor-section elementor-top-section elementor-element elementor-element-ae4f535 elementor-section-full_width elementor-section-height-default elementor-section-height-default\" data-id=\"ae4f535\" data-element_type=\"section\">\n\t\t\t\t\t\t<div class=\"elementor-container elementor-column-gap-no\">\n\t\t\t\t\t\t\t<div class=\"elementor-row\">\n\t\t\t\t\t<aside class=\"elementor-column elementor-col-33 elementor-top-column elementor-element elementor-element-f078b65\" data-id=\"f078b65\" data-element_type=\"column\">\n\t\t\t<div class=\"elementor-column-wrap elementor-element-populated\">\n\t\t\t\t\t\t\t<div class=\"elementor-widget-wrap\">\n\t\t\t\t\t\t<div class=\"elementor-element elementor-element-04d878b elementor-hidden-desktop elementor-hidden-tablet elementor-widget elementor-widget-image\" data-id=\"04d878b\" data-element_type=\"widget\" data-widget_type=\"image.default\">\n\t\t\t\t<div class=\"elementor-widget-container\">\n\t\t\t\t\t\t\t\t<div class=\"elementor-image\">\n\t\t\t\t\t\t\t\t\t\t\t\t\t<a href=\"https:\/\/www.kommunikationsraum.at\/blog\/\">\n\t\t\t\t\t\t\t<img loading=\"lazy\" decoding=\"async\" width=\"800\" height=\"600\" src=\"https:\/\/www.kommunikationsraum.at\/wp-content\/uploads\/2021\/03\/journal-800x600-1.png\" class=\"attachment-full size-full wp-image-2843\" alt=\"\" srcset=\"https:\/\/www.kommunikationsraum.at\/wp-content\/uploads\/2021\/03\/journal-800x600-1.png 800w, https:\/\/www.kommunikationsraum.at\/wp-content\/uploads\/2021\/03\/journal-800x600-1-300x225.png 300w, https:\/\/www.kommunikationsraum.at\/wp-content\/uploads\/2021\/03\/journal-800x600-1-768x576.png 768w\" sizes=\"auto, (max-width: 800px) 100vw, 800px\" \/>\t\t\t\t\t\t\t\t<\/a>\n\t\t\t\t\t\t\t\t\t\t\t\t\t\t<\/div>\n\t\t\t\t\t\t<\/div>\n\t\t\t\t<\/div>\n\t\t\t\t<div class=\"elementor-element elementor-element-bdb82e9 elementor-widget elementor-widget-image\" data-id=\"bdb82e9\" data-element_type=\"widget\" data-widget_type=\"image.default\">\n\t\t\t\t<div class=\"elementor-widget-container\">\n\t\t\t\t\t\t\t\t<div class=\"elementor-image\">\n\t\t\t\t\t\t\t\t\t\t\t\t<img loading=\"lazy\" decoding=\"async\" width=\"800\" height=\"600\" src=\"https:\/\/www.kommunikationsraum.at\/wp-content\/uploads\/2018\/08\/Change-the-story-800x600-1.jpg\" class=\"attachment-full size-full wp-image-5141\" alt=\"\" srcset=\"https:\/\/www.kommunikationsraum.at\/wp-content\/uploads\/2018\/08\/Change-the-story-800x600-1.jpg 800w, https:\/\/www.kommunikationsraum.at\/wp-content\/uploads\/2018\/08\/Change-the-story-800x600-1-300x225.jpg 300w, https:\/\/www.kommunikationsraum.at\/wp-content\/uploads\/2018\/08\/Change-the-story-800x600-1-768x576.jpg 768w\" sizes=\"auto, (max-width: 800px) 100vw, 800px\" \/>\t\t\t\t\t\t\t\t\t\t\t\t\t\t<\/div>\n\t\t\t\t\t\t<\/div>\n\t\t\t\t<\/div>\n\t\t\t\t\t\t<\/div>\n\t\t\t\t\t<\/div>\n\t\t<\/aside>\n\t\t\t\t<article class=\"elementor-column elementor-col-33 elementor-top-column elementor-element elementor-element-47aa89f\" data-id=\"47aa89f\" data-element_type=\"column\">\n\t\t\t<div class=\"elementor-column-wrap elementor-element-populated\">\n\t\t\t\t\t\t\t<div class=\"elementor-widget-wrap\">\n\t\t\t\t\t\t<div class=\"elementor-element elementor-element-0bbc0fe subpage elementor-widget elementor-widget-text-editor\" data-id=\"0bbc0fe\" data-element_type=\"widget\" data-widget_type=\"text-editor.default\">\n\t\t\t\t<div class=\"elementor-widget-container\">\n\t\t\t\t\t\t\t\t<div class=\"elementor-text-editor elementor-clearfix\">\n\t\t\t\t<h3><strong>Change the story &#8211; change the future<\/strong><\/h3>\t\t\t\t\t<\/div>\n\t\t\t\t\t\t<\/div>\n\t\t\t\t<\/div>\n\t\t\t\t<div class=\"elementor-element elementor-element-3fdb32e elementor-widget elementor-widget-text-editor\" data-id=\"3fdb32e\" data-element_type=\"widget\" data-widget_type=\"text-editor.default\">\n\t\t\t\t<div class=\"elementor-widget-container\">\n\t\t\t\t\t\t\t\t<div class=\"elementor-text-editor elementor-clearfix\">\n\t\t\t\t<p><a href=\"https:\/\/www.kommunikationsraum.at\/real-world\/team\/\" target=\"_blank\" rel=\"noreferrer noopener\">Bettina Pepek<\/a><\/p>\t\t\t\t\t<\/div>\n\t\t\t\t\t\t<\/div>\n\t\t\t\t<\/div>\n\t\t\t\t<div class=\"elementor-element elementor-element-207dc82 elementor-widget elementor-widget-text-editor\" data-id=\"207dc82\" data-element_type=\"widget\" data-widget_type=\"text-editor.default\">\n\t\t\t\t<div class=\"elementor-widget-container\">\n\t\t\t\t\t\t\t\t<div class=\"elementor-text-editor elementor-clearfix\">\n\t\t\t\t<p><strong>Entwicklung neuer Narrative: WERIETY Lab in Alpbach 2018<\/strong><\/p>\n<p><\/p>\n<p>Kennen Sie das Gef\u00fchl nach einem Langstreckenflug in bzw. aus den USA, dass Teile von Ihnen noch \u00fcber dem Atlantik h\u00e4ngengeblieben sind? So \u00e4hnlich ist es auch mit den aktuellen Entwicklungen in Organisationen.<\/p>\n<p><\/p>\n<p>W\u00e4hrend die einen meinen, sie sind Silicon Valley-kompatibel und haben die Digitalisierung voll im Griff, schauen die anderen noch nach, wo sich dieses Tal \u00fcberhaupt befindet. Und dann gibt es die in der Mitte, die noch nicht so recht wissen, ob und welche Richtung sie einschlagen sollen.<\/p>\n<p><\/p>\n<p>Angesichts unserer volatilen Rahmenbedingungen auch kein Wunder, dass Unsicherheiten zunehmen und Entscheidungen schwerer fallen. Unbestritten ist, dass in volatilen Zeiten eine hohe Variabilit\u00e4t in Unternehmen n\u00f6tig ist, um mit den raschen Ver\u00e4nderungen und instabilen Wirtschaftsdynamiken erfolgreich umzugehen.\u00a0<\/p>\n<p>\u00a0<\/p>\n<p><\/p>\n<p>Auch das Europ\u00e4ische Forum Alpbach steht heuer ganz im Zeichen von Resilienz UND Diversit\u00e4t. Erstmals wird heuer gemeinsam mit renommierten Unternehmen das \u201eWERIETY LUNCH Lab: Diversity innovieren und co-creativ weiterentwickeln\u201c stattfinden, das ich am 29. August co-moderieren werde.<\/p>\n<p><\/p>\n<p>WERIETY arbeitet mit dem Konzept von VARIABILIT\u00c4T als Erfolgsfaktor und macht diese sichtbar, gestaltbar und messbar. Ein co-creatives Projekt, frei nach\u00a0<a href=\"http:\/\/www.ottoscharmer.com\/\" target=\"_blank\" rel=\"noreferrer noopener\">Otto Scharmers \u201efrom ego-systems to eco-systems economies\u201c<\/a>. WERIETY gestaltet Variabilit\u00e4t mit Hilfe von Verhaltensparametern, arbeitet an Musterwechsel f\u00fcr F\u00fchrung, neue Formen der Zusammenarbeit und Fragen zur Machtverteilung.<\/p>\n<p><\/p>\n<p>\u00a0<\/p>\n<p>Ein besonderes Dankesch\u00f6n an dieser Stelle an meine wunderbaren Kolleginnen Birgit Kraft Kinz, Katja S\u00fc\u00df-Nimeh und Sonja Zant, die dieses gro\u00dfartige Format gemeinsam mit Harald &#8211; The Network &#8211; Katzmair, FAS Research, entwickelt haben!<\/p>\n<p><\/p>\n<p><a href=\"https:\/\/www.alpbach.org\/de\/session\/ecn18-weriety-lunch-lab-diversitaet-innovieren-und-co-kreativ-weiterentwickeln-08-29-01-30\/\" target=\"_blank\" rel=\"noreferrer noopener\">Join us!<\/a><\/p>\n<p><\/p>\n<p>\u00a0<\/p>\n<p>Eine Gelegenheit Diversit\u00e4t im Jahr 2018 in diesem Kontext anders zu denken und dazu zeitgem\u00e4\u00dfe Narrative zu entwickeln, die uns neue Wege er\u00f6ffnen.<\/p>\t\t\t\t\t<\/div>\n\t\t\t\t\t\t<\/div>\n\t\t\t\t<\/div>\n\t\t\t\t\t\t<\/div>\n\t\t\t\t\t<\/div>\n\t\t<\/article>\n\t\t\t\t<aside class=\"elementor-column elementor-col-33 elementor-top-column elementor-element elementor-element-7e1d34c\" data-id=\"7e1d34c\" data-element_type=\"column\">\n\t\t\t<div class=\"elementor-column-wrap elementor-element-populated\">\n\t\t\t\t\t\t\t<div class=\"elementor-widget-wrap\">\n\t\t\t\t\t\t<div class=\"elementor-element elementor-element-060aeab elementor-hidden-phone elementor-widget elementor-widget-image\" data-id=\"060aeab\" data-element_type=\"widget\" data-widget_type=\"image.default\">\n\t\t\t\t<div class=\"elementor-widget-container\">\n\t\t\t\t\t\t\t\t<div class=\"elementor-image\">\n\t\t\t\t\t\t\t\t\t\t\t\t\t<a href=\"https:\/\/www.kommunikationsraum.at\/blog\/\">\n\t\t\t\t\t\t\t<img loading=\"lazy\" decoding=\"async\" width=\"800\" height=\"600\" src=\"https:\/\/www.kommunikationsraum.at\/wp-content\/uploads\/2021\/03\/journal-800x600-1.png\" class=\"attachment-full size-full wp-image-2843\" alt=\"\" srcset=\"https:\/\/www.kommunikationsraum.at\/wp-content\/uploads\/2021\/03\/journal-800x600-1.png 800w, https:\/\/www.kommunikationsraum.at\/wp-content\/uploads\/2021\/03\/journal-800x600-1-300x225.png 300w, https:\/\/www.kommunikationsraum.at\/wp-content\/uploads\/2021\/03\/journal-800x600-1-768x576.png 768w\" sizes=\"auto, (max-width: 800px) 100vw, 800px\" \/>\t\t\t\t\t\t\t\t<\/a>\n\t\t\t\t\t\t\t\t\t\t\t\t\t\t<\/div>\n\t\t\t\t\t\t<\/div>\n\t\t\t\t<\/div>\n\t\t\t\t<div class=\"elementor-element elementor-element-841e59f elementor-hidden-phone elementor-widget elementor-widget-spacer\" data-id=\"841e59f\" data-element_type=\"widget\" data-widget_type=\"spacer.default\">\n\t\t\t\t<div class=\"elementor-widget-container\">\n\t\t\t\t\t<div class=\"elementor-spacer\">\n\t\t\t<div class=\"elementor-spacer-inner\"><\/div>\n\t\t<\/div>\n\t\t\t\t<\/div>\n\t\t\t\t<\/div>\n\t\t\t\t<div class=\"elementor-element elementor-element-21a0a34 elementor-widget elementor-widget-text-editor\" data-id=\"21a0a34\" data-element_type=\"widget\" data-widget_type=\"text-editor.default\">\n\t\t\t\t<div class=\"elementor-widget-container\">\n\t\t\t\t\t\t\t\t<div class=\"elementor-text-editor elementor-clearfix\">\n\t\t\t\t<p><strong>Weiterf\u00fchrende Links:<\/strong><\/p><p>\u00a0<\/p><p>JOURNALBEITRAG<\/p><p><a href=\"https:\/\/www.kommunikationsraum.at\/blog\/2018\/02\/die-netzwerk-formel\/\" target=\"_blank\" rel=\"noreferrer noopener\">Die Netzwerk-Formel<\/a><\/p><p>\u00a0<\/p><p>JOURNALBEITRAG<\/p><p><a href=\"https:\/\/www.kommunikationsraum.at\/blog\/2017\/04\/dann-klappts-auch-mit-der-innovation\/\" target=\"_blank\" rel=\"noreferrer noopener\">&#8230; dann klappt&#8217;s auch mit der Innovation!<\/a><\/p>\t\t\t\t\t<\/div>\n\t\t\t\t\t\t<\/div>\n\t\t\t\t<\/div>\n\t\t\t\t\t\t<\/div>\n\t\t\t\t\t<\/div>\n\t\t<\/aside>\n\t\t\t\t\t\t\t\t<\/div>\n\t\t\t\t\t<\/div>\n\t\t<\/section>\n\t\t\t\t\t\t\t\t\t<\/div>\n\t\t\t<\/div>\n\t\t\t\t\t<\/div>\n\t\t","protected":false},"excerpt":{"rendered":"<p>Entwicklung neuer Narrative: WERIETY Lab in Alpbach 2018. Kennen Sie das Gef\u00fchl nach einem Langstreckenflug in bzw. aus den USA, dass Teile von Ihnen noch \u00fcber dem Atlantik h\u00e4ngengeblieben sind? So \u00e4hnlich ist es auch mit den aktuellen Entwicklungen in Organisationen. W\u00e4hrend die einen meinen, sie sind Silicon Valley-kompatibel und haben die Digitalisierung voll im Griff, \u2026 <\/p>\n","protected":false},"author":2,"featured_media":5133,"comment_status":"open","ping_status":"open","sticky":false,"template":"elementor_header_footer","format":"standard","meta":{"footnotes":""},"categories":[1],"tags":[],"class_list":["post-758","post","type-post","status-publish","format-standard","has-post-thumbnail","hentry","category-allgemein"],"yoast_head":"<!-- This site is optimized with the Yoast SEO plugin v27.2 - https:\/\/yoast.com\/product\/yoast-seo-wordpress\/ -->\n<title>Change the story - change the future - Kommunikationsraum<\/title>\n<meta name=\"robots\" content=\"index, follow, max-snippet:-1, max-image-preview:large, max-video-preview:-1\" \/>\n<link rel=\"canonical\" href=\"https:\/\/www.kommunikationsraum.at\/en\/blog\/2018\/08\/change-the-story-change-the-future\/\" \/>\n<meta property=\"og:locale\" content=\"en_US\" \/>\n<meta property=\"og:type\" content=\"article\" \/>\n<meta property=\"og:title\" content=\"Change the story - change the future - Kommunikationsraum\" \/>\n<meta property=\"og:description\" content=\"Entwicklung neuer Narrative: WERIETY Lab in Alpbach 2018. Kennen Sie das Gef\u00fchl nach einem Langstreckenflug in bzw. aus den USA, dass Teile von Ihnen noch \u00fcber dem Atlantik h\u00e4ngengeblieben sind? So \u00e4hnlich ist es auch mit den aktuellen Entwicklungen in Organisationen. W\u00e4hrend die einen meinen, sie sind Silicon Valley-kompatibel und haben die Digitalisierung voll im Griff, \u2026\" \/>\n<meta property=\"og:url\" content=\"https:\/\/www.kommunikationsraum.at\/en\/blog\/2018\/08\/change-the-story-change-the-future\/\" \/>\n<meta property=\"og:site_name\" content=\"Kommunikationsraum\" \/>\n<meta property=\"article:publisher\" content=\"https:\/\/www.facebook.com\/kommunikationsraumwien\/\" \/>\n<meta property=\"article:published_time\" content=\"2018-08-21T14:55:21+00:00\" \/>\n<meta property=\"article:modified_time\" content=\"2022-04-26T09:35:24+00:00\" \/>\n<meta property=\"og:image\" content=\"https:\/\/www.kommunikationsraum.at\/wp-content\/uploads\/2018\/08\/JOURNAL-change-story-800x450-1.jpg\" \/>\n\t<meta property=\"og:image:width\" content=\"800\" \/>\n\t<meta property=\"og:image:height\" content=\"450\" \/>\n\t<meta property=\"og:image:type\" content=\"image\/jpeg\" \/>\n<meta name=\"author\" content=\"Sabine Traxler\" \/>\n<meta name=\"twitter:card\" content=\"summary_large_image\" \/>\n<meta name=\"twitter:creator\" content=\"@kr_hinterland\" \/>\n<meta name=\"twitter:site\" content=\"@kr_hinterland\" \/>\n<script type=\"application\/ld+json\" class=\"yoast-schema-graph\">{\"@context\":\"https:\/\/schema.org\",\"@graph\":[{\"@type\":\"Article\",\"@id\":\"https:\/\/www.kommunikationsraum.at\/en\/blog\/2018\/08\/change-the-story-change-the-future\/#article\",\"isPartOf\":{\"@id\":\"https:\/\/www.kommunikationsraum.at\/en\/blog\/2018\/08\/change-the-story-change-the-future\/\"},\"author\":{\"name\":\"Sabine Traxler\",\"@id\":\"https:\/\/www.kommunikationsraum.at\/en\/#\/schema\/person\/040edcad1adf04fa994f04d86ea2aaaf\"},\"headline\":\"Change the story &#8211; change the future\",\"datePublished\":\"2018-08-21T14:55:21+00:00\",\"dateModified\":\"2022-04-26T09:35:24+00:00\",\"mainEntityOfPage\":{\"@id\":\"https:\/\/www.kommunikationsraum.at\/en\/blog\/2018\/08\/change-the-story-change-the-future\/\"},\"wordCount\":315,\"commentCount\":0,\"image\":{\"@id\":\"https:\/\/www.kommunikationsraum.at\/en\/blog\/2018\/08\/change-the-story-change-the-future\/#primaryimage\"},\"thumbnailUrl\":\"https:\/\/www.kommunikationsraum.at\/wp-content\/uploads\/2018\/08\/JOURNAL-change-story-800x450-1.jpg\",\"articleSection\":[\"Allgemein\"],\"inLanguage\":\"en-US\",\"potentialAction\":[{\"@type\":\"CommentAction\",\"name\":\"Comment\",\"target\":[\"https:\/\/www.kommunikationsraum.at\/en\/blog\/2018\/08\/change-the-story-change-the-future\/#respond\"]}]},{\"@type\":\"WebPage\",\"@id\":\"https:\/\/www.kommunikationsraum.at\/en\/blog\/2018\/08\/change-the-story-change-the-future\/\",\"url\":\"https:\/\/www.kommunikationsraum.at\/en\/blog\/2018\/08\/change-the-story-change-the-future\/\",\"name\":\"Change the story - change the future - Kommunikationsraum\",\"isPartOf\":{\"@id\":\"https:\/\/www.kommunikationsraum.at\/en\/#website\"},\"primaryImageOfPage\":{\"@id\":\"https:\/\/www.kommunikationsraum.at\/en\/blog\/2018\/08\/change-the-story-change-the-future\/#primaryimage\"},\"image\":{\"@id\":\"https:\/\/www.kommunikationsraum.at\/en\/blog\/2018\/08\/change-the-story-change-the-future\/#primaryimage\"},\"thumbnailUrl\":\"https:\/\/www.kommunikationsraum.at\/wp-content\/uploads\/2018\/08\/JOURNAL-change-story-800x450-1.jpg\",\"datePublished\":\"2018-08-21T14:55:21+00:00\",\"dateModified\":\"2022-04-26T09:35:24+00:00\",\"author\":{\"@id\":\"https:\/\/www.kommunikationsraum.at\/en\/#\/schema\/person\/040edcad1adf04fa994f04d86ea2aaaf\"},\"breadcrumb\":{\"@id\":\"https:\/\/www.kommunikationsraum.at\/en\/blog\/2018\/08\/change-the-story-change-the-future\/#breadcrumb\"},\"inLanguage\":\"en-US\",\"potentialAction\":[{\"@type\":\"ReadAction\",\"target\":[\"https:\/\/www.kommunikationsraum.at\/en\/blog\/2018\/08\/change-the-story-change-the-future\/\"]}]},{\"@type\":\"ImageObject\",\"inLanguage\":\"en-US\",\"@id\":\"https:\/\/www.kommunikationsraum.at\/en\/blog\/2018\/08\/change-the-story-change-the-future\/#primaryimage\",\"url\":\"https:\/\/www.kommunikationsraum.at\/wp-content\/uploads\/2018\/08\/JOURNAL-change-story-800x450-1.jpg\",\"contentUrl\":\"https:\/\/www.kommunikationsraum.at\/wp-content\/uploads\/2018\/08\/JOURNAL-change-story-800x450-1.jpg\",\"width\":800,\"height\":450},{\"@type\":\"BreadcrumbList\",\"@id\":\"https:\/\/www.kommunikationsraum.at\/en\/blog\/2018\/08\/change-the-story-change-the-future\/#breadcrumb\",\"itemListElement\":[{\"@type\":\"ListItem\",\"position\":1,\"name\":\"Start\",\"item\":\"https:\/\/www.kommunikationsraum.at\/en\/\"},{\"@type\":\"ListItem\",\"position\":2,\"name\":\"Change the story &#8211; change the future\"}]},{\"@type\":\"WebSite\",\"@id\":\"https:\/\/www.kommunikationsraum.at\/en\/#website\",\"url\":\"https:\/\/www.kommunikationsraum.at\/en\/\",\"name\":\"Kommunikationsraum\",\"description\":\"Kommunikation neu denken\",\"potentialAction\":[{\"@type\":\"SearchAction\",\"target\":{\"@type\":\"EntryPoint\",\"urlTemplate\":\"https:\/\/www.kommunikationsraum.at\/en\/?s={search_term_string}\"},\"query-input\":{\"@type\":\"PropertyValueSpecification\",\"valueRequired\":true,\"valueName\":\"search_term_string\"}}],\"inLanguage\":\"en-US\"},{\"@type\":\"Person\",\"@id\":\"https:\/\/www.kommunikationsraum.at\/en\/#\/schema\/person\/040edcad1adf04fa994f04d86ea2aaaf\",\"name\":\"Sabine Traxler\",\"url\":\"https:\/\/www.kommunikationsraum.at\/en\/blog\/author\/straxler\/\"}]}<\/script>\n<!-- \/ Yoast SEO plugin. -->","yoast_head_json":{"title":"Change the story - change the future - Kommunikationsraum","robots":{"index":"index","follow":"follow","max-snippet":"max-snippet:-1","max-image-preview":"max-image-preview:large","max-video-preview":"max-video-preview:-1"},"canonical":"https:\/\/www.kommunikationsraum.at\/en\/blog\/2018\/08\/change-the-story-change-the-future\/","og_locale":"en_US","og_type":"article","og_title":"Change the story - change the future - Kommunikationsraum","og_description":"Entwicklung neuer Narrative: WERIETY Lab in Alpbach 2018. Kennen Sie das Gef\u00fchl nach einem Langstreckenflug in bzw. aus den USA, dass Teile von Ihnen noch \u00fcber dem Atlantik h\u00e4ngengeblieben sind? So \u00e4hnlich ist es auch mit den aktuellen Entwicklungen in Organisationen. W\u00e4hrend die einen meinen, sie sind Silicon Valley-kompatibel und haben die Digitalisierung voll im Griff, \u2026","og_url":"https:\/\/www.kommunikationsraum.at\/en\/blog\/2018\/08\/change-the-story-change-the-future\/","og_site_name":"Kommunikationsraum","article_publisher":"https:\/\/www.facebook.com\/kommunikationsraumwien\/","article_published_time":"2018-08-21T14:55:21+00:00","article_modified_time":"2022-04-26T09:35:24+00:00","og_image":[{"width":800,"height":450,"url":"https:\/\/www.kommunikationsraum.at\/wp-content\/uploads\/2018\/08\/JOURNAL-change-story-800x450-1.jpg","type":"image\/jpeg"}],"author":"Sabine Traxler","twitter_card":"summary_large_image","twitter_creator":"@kr_hinterland","twitter_site":"@kr_hinterland","schema":{"@context":"https:\/\/schema.org","@graph":[{"@type":"Article","@id":"https:\/\/www.kommunikationsraum.at\/en\/blog\/2018\/08\/change-the-story-change-the-future\/#article","isPartOf":{"@id":"https:\/\/www.kommunikationsraum.at\/en\/blog\/2018\/08\/change-the-story-change-the-future\/"},"author":{"name":"Sabine Traxler","@id":"https:\/\/www.kommunikationsraum.at\/en\/#\/schema\/person\/040edcad1adf04fa994f04d86ea2aaaf"},"headline":"Change the story &#8211; change the future","datePublished":"2018-08-21T14:55:21+00:00","dateModified":"2022-04-26T09:35:24+00:00","mainEntityOfPage":{"@id":"https:\/\/www.kommunikationsraum.at\/en\/blog\/2018\/08\/change-the-story-change-the-future\/"},"wordCount":315,"commentCount":0,"image":{"@id":"https:\/\/www.kommunikationsraum.at\/en\/blog\/2018\/08\/change-the-story-change-the-future\/#primaryimage"},"thumbnailUrl":"https:\/\/www.kommunikationsraum.at\/wp-content\/uploads\/2018\/08\/JOURNAL-change-story-800x450-1.jpg","articleSection":["Allgemein"],"inLanguage":"en-US","potentialAction":[{"@type":"CommentAction","name":"Comment","target":["https:\/\/www.kommunikationsraum.at\/en\/blog\/2018\/08\/change-the-story-change-the-future\/#respond"]}]},{"@type":"WebPage","@id":"https:\/\/www.kommunikationsraum.at\/en\/blog\/2018\/08\/change-the-story-change-the-future\/","url":"https:\/\/www.kommunikationsraum.at\/en\/blog\/2018\/08\/change-the-story-change-the-future\/","name":"Change the story - change the future - Kommunikationsraum","isPartOf":{"@id":"https:\/\/www.kommunikationsraum.at\/en\/#website"},"primaryImageOfPage":{"@id":"https:\/\/www.kommunikationsraum.at\/en\/blog\/2018\/08\/change-the-story-change-the-future\/#primaryimage"},"image":{"@id":"https:\/\/www.kommunikationsraum.at\/en\/blog\/2018\/08\/change-the-story-change-the-future\/#primaryimage"},"thumbnailUrl":"https:\/\/www.kommunikationsraum.at\/wp-content\/uploads\/2018\/08\/JOURNAL-change-story-800x450-1.jpg","datePublished":"2018-08-21T14:55:21+00:00","dateModified":"2022-04-26T09:35:24+00:00","author":{"@id":"https:\/\/www.kommunikationsraum.at\/en\/#\/schema\/person\/040edcad1adf04fa994f04d86ea2aaaf"},"breadcrumb":{"@id":"https:\/\/www.kommunikationsraum.at\/en\/blog\/2018\/08\/change-the-story-change-the-future\/#breadcrumb"},"inLanguage":"en-US","potentialAction":[{"@type":"ReadAction","target":["https:\/\/www.kommunikationsraum.at\/en\/blog\/2018\/08\/change-the-story-change-the-future\/"]}]},{"@type":"ImageObject","inLanguage":"en-US","@id":"https:\/\/www.kommunikationsraum.at\/en\/blog\/2018\/08\/change-the-story-change-the-future\/#primaryimage","url":"https:\/\/www.kommunikationsraum.at\/wp-content\/uploads\/2018\/08\/JOURNAL-change-story-800x450-1.jpg","contentUrl":"https:\/\/www.kommunikationsraum.at\/wp-content\/uploads\/2018\/08\/JOURNAL-change-story-800x450-1.jpg","width":800,"height":450},{"@type":"BreadcrumbList","@id":"https:\/\/www.kommunikationsraum.at\/en\/blog\/2018\/08\/change-the-story-change-the-future\/#breadcrumb","itemListElement":[{"@type":"ListItem","position":1,"name":"Start","item":"https:\/\/www.kommunikationsraum.at\/en\/"},{"@type":"ListItem","position":2,"name":"Change the story &#8211; change the future"}]},{"@type":"WebSite","@id":"https:\/\/www.kommunikationsraum.at\/en\/#website","url":"https:\/\/www.kommunikationsraum.at\/en\/","name":"Kommunikationsraum","description":"Kommunikation neu denken","potentialAction":[{"@type":"SearchAction","target":{"@type":"EntryPoint","urlTemplate":"https:\/\/www.kommunikationsraum.at\/en\/?s={search_term_string}"},"query-input":{"@type":"PropertyValueSpecification","valueRequired":true,"valueName":"search_term_string"}}],"inLanguage":"en-US"},{"@type":"Person","@id":"https:\/\/www.kommunikationsraum.at\/en\/#\/schema\/person\/040edcad1adf04fa994f04d86ea2aaaf","name":"Sabine Traxler","url":"https:\/\/www.kommunikationsraum.at\/en\/blog\/author\/straxler\/"}]}},"_links":{"self":[{"href":"https:\/\/www.kommunikationsraum.at\/en\/wp-json\/wp\/v2\/posts\/758","targetHints":{"allow":["GET"]}}],"collection":[{"href":"https:\/\/www.kommunikationsraum.at\/en\/wp-json\/wp\/v2\/posts"}],"about":[{"href":"https:\/\/www.kommunikationsraum.at\/en\/wp-json\/wp\/v2\/types\/post"}],"author":[{"embeddable":true,"href":"https:\/\/www.kommunikationsraum.at\/en\/wp-json\/wp\/v2\/users\/2"}],"replies":[{"embeddable":true,"href":"https:\/\/www.kommunikationsraum.at\/en\/wp-json\/wp\/v2\/comments?post=758"}],"version-history":[{"count":22,"href":"https:\/\/www.kommunikationsraum.at\/en\/wp-json\/wp\/v2\/posts\/758\/revisions"}],"predecessor-version":[{"id":6763,"href":"https:\/\/www.kommunikationsraum.at\/en\/wp-json\/wp\/v2\/posts\/758\/revisions\/6763"}],"wp:featuredmedia":[{"embeddable":true,"href":"https:\/\/www.kommunikationsraum.at\/en\/wp-json\/wp\/v2\/media\/5133"}],"wp:attachment":[{"href":"https:\/\/www.kommunikationsraum.at\/en\/wp-json\/wp\/v2\/media?parent=758"}],"wp:term":[{"taxonomy":"category","embeddable":true,"href":"https:\/\/www.kommunikationsraum.at\/en\/wp-json\/wp\/v2\/categories?post=758"},{"taxonomy":"post_tag","embeddable":true,"href":"https:\/\/www.kommunikationsraum.at\/en\/wp-json\/wp\/v2\/tags?post=758"}],"curies":[{"name":"wp","href":"https:\/\/api.w.org\/{rel}","templated":true}]}}