{"id":795,"date":"2018-03-07T10:00:54","date_gmt":"2018-03-07T09:00:54","guid":{"rendered":"https:\/\/www.kommunikationsraum.at\/?p=795"},"modified":"2022-04-26T11:40:16","modified_gmt":"2022-04-26T09:40:16","slug":"was-wir-lesen","status":"publish","type":"post","link":"https:\/\/www.kommunikationsraum.at\/en\/blog\/2018\/03\/was-wir-lesen\/","title":{"rendered":"Was wir lesen!"},"content":{"rendered":"\t\t<div data-elementor-type=\"wp-post\" data-elementor-id=\"795\" class=\"elementor elementor-795\">\n\t\t\t\t\t\t<div class=\"elementor-inner\">\n\t\t\t\t<div class=\"elementor-section-wrap\">\n\t\t\t\t\t\t\t\t\t<section class=\"elementor-section elementor-top-section elementor-element elementor-element-8327844 elementor-section-full_width elementor-section-height-default elementor-section-height-default\" data-id=\"8327844\" data-element_type=\"section\">\n\t\t\t\t\t\t<div class=\"elementor-container elementor-column-gap-no\">\n\t\t\t\t\t\t\t<div class=\"elementor-row\">\n\t\t\t\t\t<aside class=\"elementor-column elementor-col-33 elementor-top-column elementor-element elementor-element-a22f8b0\" data-id=\"a22f8b0\" data-element_type=\"column\">\n\t\t\t<div class=\"elementor-column-wrap elementor-element-populated\">\n\t\t\t\t\t\t\t<div class=\"elementor-widget-wrap\">\n\t\t\t\t\t\t<div class=\"elementor-element elementor-element-8ace2f5 elementor-hidden-desktop elementor-hidden-tablet elementor-widget elementor-widget-image\" data-id=\"8ace2f5\" data-element_type=\"widget\" data-widget_type=\"image.default\">\n\t\t\t\t<div class=\"elementor-widget-container\">\n\t\t\t\t\t\t\t\t<div class=\"elementor-image\">\n\t\t\t\t\t\t\t\t\t\t\t\t\t<a href=\"https:\/\/www.kommunikationsraum.at\/blog\/\">\n\t\t\t\t\t\t\t<img loading=\"lazy\" decoding=\"async\" width=\"800\" height=\"600\" src=\"https:\/\/www.kommunikationsraum.at\/wp-content\/uploads\/2021\/03\/journal-800x600-1.png\" class=\"attachment-full size-full wp-image-2843\" alt=\"\" srcset=\"https:\/\/www.kommunikationsraum.at\/wp-content\/uploads\/2021\/03\/journal-800x600-1.png 800w, https:\/\/www.kommunikationsraum.at\/wp-content\/uploads\/2021\/03\/journal-800x600-1-300x225.png 300w, https:\/\/www.kommunikationsraum.at\/wp-content\/uploads\/2021\/03\/journal-800x600-1-768x576.png 768w\" sizes=\"auto, (max-width: 800px) 100vw, 800px\" \/>\t\t\t\t\t\t\t\t<\/a>\n\t\t\t\t\t\t\t\t\t\t\t\t\t\t<\/div>\n\t\t\t\t\t\t<\/div>\n\t\t\t\t<\/div>\n\t\t\t\t<div class=\"elementor-element elementor-element-9f4d4b6 elementor-widget elementor-widget-image\" data-id=\"9f4d4b6\" data-element_type=\"widget\" data-widget_type=\"image.default\">\n\t\t\t\t<div class=\"elementor-widget-container\">\n\t\t\t\t\t\t\t\t<div class=\"elementor-image\">\n\t\t\t\t\t\t\t\t\t\t\t\t<img loading=\"lazy\" decoding=\"async\" width=\"800\" height=\"600\" src=\"https:\/\/www.kommunikationsraum.at\/wp-content\/uploads\/2021\/03\/ideal-world_RESEARCH-800x600-1.jpg\" class=\"attachment-full size-full wp-image-1881\" alt=\"\" srcset=\"https:\/\/www.kommunikationsraum.at\/wp-content\/uploads\/2021\/03\/ideal-world_RESEARCH-800x600-1.jpg 800w, https:\/\/www.kommunikationsraum.at\/wp-content\/uploads\/2021\/03\/ideal-world_RESEARCH-800x600-1-300x225.jpg 300w, https:\/\/www.kommunikationsraum.at\/wp-content\/uploads\/2021\/03\/ideal-world_RESEARCH-800x600-1-768x576.jpg 768w\" sizes=\"auto, (max-width: 800px) 100vw, 800px\" \/>\t\t\t\t\t\t\t\t\t\t\t\t\t\t<\/div>\n\t\t\t\t\t\t<\/div>\n\t\t\t\t<\/div>\n\t\t\t\t\t\t<\/div>\n\t\t\t\t\t<\/div>\n\t\t<\/aside>\n\t\t\t\t<article class=\"elementor-column elementor-col-33 elementor-top-column elementor-element elementor-element-f270bbc\" data-id=\"f270bbc\" data-element_type=\"column\">\n\t\t\t<div class=\"elementor-column-wrap elementor-element-populated\">\n\t\t\t\t\t\t\t<div class=\"elementor-widget-wrap\">\n\t\t\t\t\t\t<div class=\"elementor-element elementor-element-b430bfb subpage elementor-widget elementor-widget-text-editor\" data-id=\"b430bfb\" data-element_type=\"widget\" data-widget_type=\"text-editor.default\">\n\t\t\t\t<div class=\"elementor-widget-container\">\n\t\t\t\t\t\t\t\t<div class=\"elementor-text-editor elementor-clearfix\">\n\t\t\t\t<h3><strong>Was wir lesen!<\/strong><\/h3>\t\t\t\t\t<\/div>\n\t\t\t\t\t\t<\/div>\n\t\t\t\t<\/div>\n\t\t\t\t<div class=\"elementor-element elementor-element-498fc01 elementor-widget elementor-widget-text-editor\" data-id=\"498fc01\" data-element_type=\"widget\" data-widget_type=\"text-editor.default\">\n\t\t\t\t<div class=\"elementor-widget-container\">\n\t\t\t\t\t\t\t\t<div class=\"elementor-text-editor elementor-clearfix\">\n\t\t\t\t<p><a href=\"https:\/\/www.kommunikationsraum.at\/real-world\/team\/\" target=\"_blank\" rel=\"noreferrer noopener\">Bettina Pepek<\/a><\/p>\t\t\t\t\t<\/div>\n\t\t\t\t\t\t<\/div>\n\t\t\t\t<\/div>\n\t\t\t\t<div class=\"elementor-element elementor-element-2f693fa elementor-widget elementor-widget-text-editor\" data-id=\"2f693fa\" data-element_type=\"widget\" data-widget_type=\"text-editor.default\">\n\t\t\t\t<div class=\"elementor-widget-container\">\n\t\t\t\t\t\t\t\t<div class=\"elementor-text-editor elementor-clearfix\">\n\t\t\t\t<p><strong>Unsere aktuellen Buchempfehlungen<\/strong><\/p>\n<p><\/p>\n<p>Manchmal nach B\u00fcroschluss, zieht es mich in Buchhandlungen. Nach vielen digitalen Stunden sehne ich mich nach analogem Ausgleich. Viele Seiten bedrucktes Papier im Hardcover oder als Taschenbuchausgabe in die Hand zu nehmen, rein zu bl\u00e4ttern, daran zu riechen (ja, mache ich wirklich). Kein Online-Portal dieser Welt ersetzt diese Sinneswelten!\u00a0<\/p>\n<p><\/p>\n<p>Ich treffe auf alte Bekannte, lerne neue Titel kennen, bin beeindruckt von besonders sch\u00f6n gestalteten Bildb\u00e4nden (sag blo\u00df nie Coffee Table Books zu ihnen) und kann mich nur schwer entscheiden. Welches Buch kommt mit? Welches auf die \u201eWarteliste\u201c? Und ja nat\u00fcrlich, das sind ja auch noch die anderen B\u00fccher, die mich zuletzt verf\u00fchrt haben und noch nicht ganz gelesen sind. Okay, ich gebe es zu: Ich bin Buch-s\u00fcchtig und das ist gut so!<\/p>\n<p><\/p>\n<p>Wobei ich mir zu Gute halten kann, eine kluge Balance zu halten zwischen Fachb\u00fcchern und Belletristik. Frank Schirrmacher meets Ruth Rendell, Stefan Zweig trifft auf das deutsche Autorenduo Anja F\u00f6rster\/Peter Kreuz und Alain de Botton lernt Reinhard Sprenger kennen. Willkommen in meiner wunderbaren Welt der B\u00fccher!<\/p>\n<p>\u00a0<\/p>\n<p><\/p>\n<p>F\u00fcr alle, die sich nicht dem Lustempfinden vor dem B\u00fccherregal hingeben m\u00f6chten, sondern konkrete Empfehlungen bevorzugen, habe ich hier meine aktuelle \u201eBest of-Liste\u201c zusammengestellt. Ohne Anspruch auf Objektivit\u00e4t, nach ganz und gar eigenem Ermessen und quer durch den Sach-, Fach- und Belletristik-Garten. Und nein, ich verlinke hier nicht zu den elektronischen Buchhandlungen, sondern rege hoffentlich viele an, heute gleich nach B\u00fcroschluss in ein (echtes) Buchgesch\u00e4ft in der N\u00e4he zu besuchen:<\/p>\n<p>\u00a0<\/p>\n<p><strong>Digital Work Design<\/strong><\/p>\n<p><strong> (Welpe, Brosi, Schwarzm\u00fcller)<\/strong><\/p>\n<p>Wer den \u00dcberblick im Digitalisierungsdschungel behalten will, braucht ein solides Fundament. Idealerweise gebaut auf Erfahrungen aus der Praxis und wissenschaftlich fundiert. Genau das bietet dieses im Campus Verlag erschienene und von drei Autorinnen verfasste Buch, das die \u201eBig Five f\u00fcr Arbeit, F\u00fchrung und Organisation im digitalen Zeitalter\u201c nennt.\u00a0<br \/>ENTDECKUNG!<\/p>\n<p>\u00a0<\/p>\n<p><strong>How to be Human Manual<\/strong><\/p>\n<p><strong> (Ruby Wax together with a Neuroscientist &amp; a Monk)<\/strong><\/p>\n<p class=\"has-text-align-left\">Dieses von der britischen Schauspielerin, Comedien und Autorin (und Inhaberin eines Oxford Master Degrees) verfasste Buch widmet sich \u00fcberaus unterhaltsam der Spezies Mensch, ihrem Verstand und wie es uns gelingen kann durch mehr \u201emindfulness\u201c Selbigen zu behalten: \u201eWe\u2019re used to upgrading things like our iPhones: as soon as the new one comes out, we don\u2019t think twice. We dump it. How to be Human is extremely funny, true and the only manual you\u2019ll need to help to upgrade your mind as much as you\u2019ve upgraded your iPhone.\u201c\u00a0<br \/>MUST BUY!<\/p>\n<p>\u00a0<\/p>\n<p><strong>Eine feine Gesellschaft<\/strong><\/p>\n<p><strong> (Martina Winkelhofer)<\/strong><\/p>\n<p>Was lernen wir von der untergehenden europ\u00e4ischen Monarchie kurz vor Ausbruch des ersten Weltkrieges und welche Relevanz hat das f\u00fcr unsere heutige Gesellschaft? Eine ganze Menge!! Ein toller \u00dcberblick \u00fcber den Umgang der damaligen Elite beispielsweise mit dem neu aufkommenden Ph\u00e4nomen der Massenmedien. Hundert Jahre nach Ende des ersten Weltkrieges, dem Beginn der \u00f6sterreichischen Republik und dem in Kraft treten des Frauenwahlrechtes ein spannendes und relevantes Buch, das dazu einl\u00e4dt Vergleiche zu ziehen, Errungenschaften wertzusch\u00e4tzen und aus der Geschichte zu lernen.<br \/>HISTORY TO GO!\u00a0 \u00a0 \u00a0 \u00a0<\/p>\t\t\t\t\t<\/div>\n\t\t\t\t\t\t<\/div>\n\t\t\t\t<\/div>\n\t\t\t\t\t\t<\/div>\n\t\t\t\t\t<\/div>\n\t\t<\/article>\n\t\t\t\t<aside class=\"elementor-column elementor-col-33 elementor-top-column elementor-element elementor-element-7953c23\" data-id=\"7953c23\" data-element_type=\"column\">\n\t\t\t<div class=\"elementor-column-wrap elementor-element-populated\">\n\t\t\t\t\t\t\t<div class=\"elementor-widget-wrap\">\n\t\t\t\t\t\t<div class=\"elementor-element elementor-element-1a1cf89 elementor-hidden-phone elementor-widget elementor-widget-image\" data-id=\"1a1cf89\" data-element_type=\"widget\" data-widget_type=\"image.default\">\n\t\t\t\t<div class=\"elementor-widget-container\">\n\t\t\t\t\t\t\t\t<div class=\"elementor-image\">\n\t\t\t\t\t\t\t\t\t\t\t\t\t<a href=\"https:\/\/www.kommunikationsraum.at\/blog\/\">\n\t\t\t\t\t\t\t<img loading=\"lazy\" decoding=\"async\" width=\"800\" height=\"600\" src=\"https:\/\/www.kommunikationsraum.at\/wp-content\/uploads\/2021\/03\/journal-800x600-1.png\" class=\"attachment-full size-full wp-image-2843\" alt=\"\" srcset=\"https:\/\/www.kommunikationsraum.at\/wp-content\/uploads\/2021\/03\/journal-800x600-1.png 800w, https:\/\/www.kommunikationsraum.at\/wp-content\/uploads\/2021\/03\/journal-800x600-1-300x225.png 300w, https:\/\/www.kommunikationsraum.at\/wp-content\/uploads\/2021\/03\/journal-800x600-1-768x576.png 768w\" sizes=\"auto, (max-width: 800px) 100vw, 800px\" \/>\t\t\t\t\t\t\t\t<\/a>\n\t\t\t\t\t\t\t\t\t\t\t\t\t\t<\/div>\n\t\t\t\t\t\t<\/div>\n\t\t\t\t<\/div>\n\t\t\t\t<div class=\"elementor-element elementor-element-d36e356 elementor-hidden-phone elementor-widget elementor-widget-spacer\" data-id=\"d36e356\" data-element_type=\"widget\" data-widget_type=\"spacer.default\">\n\t\t\t\t<div class=\"elementor-widget-container\">\n\t\t\t\t\t<div class=\"elementor-spacer\">\n\t\t\t<div class=\"elementor-spacer-inner\"><\/div>\n\t\t<\/div>\n\t\t\t\t<\/div>\n\t\t\t\t<\/div>\n\t\t\t\t\t\t<\/div>\n\t\t\t\t\t<\/div>\n\t\t<\/aside>\n\t\t\t\t\t\t\t\t<\/div>\n\t\t\t\t\t<\/div>\n\t\t<\/section>\n\t\t\t\t\t\t\t\t\t<\/div>\n\t\t\t<\/div>\n\t\t\t\t\t<\/div>\n\t\t","protected":false},"excerpt":{"rendered":"<p>Unsere aktuellen Buchempfehlungen. Manchmal nach B\u00fcroschluss, zieht es mich in Buchhandlungen. Nach vielen digitalen Stunden sehne ich mich nach analogem Ausgleich. Viele Seiten bedrucktes Papier im Hardcover oder als Taschenbuchausgabe in die Hand zu nehmen, rein zu bl\u00e4ttern, daran zu riechen (ja, mache ich wirklich). Kein Online-Portal dieser Welt ersetzt diese Sinneswelten! \u2026<\/p>\n","protected":false},"author":2,"featured_media":5179,"comment_status":"open","ping_status":"open","sticky":false,"template":"elementor_header_footer","format":"standard","meta":{"footnotes":""},"categories":[1],"tags":[],"class_list":["post-795","post","type-post","status-publish","format-standard","has-post-thumbnail","hentry","category-allgemein"],"yoast_head":"<!-- This site is optimized with the Yoast SEO plugin v27.2 - https:\/\/yoast.com\/product\/yoast-seo-wordpress\/ -->\n<title>Was wir lesen! - Kommunikationsraum<\/title>\n<meta name=\"robots\" content=\"index, follow, max-snippet:-1, max-image-preview:large, max-video-preview:-1\" \/>\n<link rel=\"canonical\" href=\"https:\/\/www.kommunikationsraum.at\/en\/blog\/2018\/03\/was-wir-lesen\/\" \/>\n<meta property=\"og:locale\" content=\"en_US\" \/>\n<meta property=\"og:type\" content=\"article\" \/>\n<meta property=\"og:title\" content=\"Was wir lesen! - Kommunikationsraum\" \/>\n<meta property=\"og:description\" content=\"Unsere aktuellen Buchempfehlungen. Manchmal nach B\u00fcroschluss, zieht es mich in Buchhandlungen. Nach vielen digitalen Stunden sehne ich mich nach analogem Ausgleich. Viele Seiten bedrucktes Papier im Hardcover oder als Taschenbuchausgabe in die Hand zu nehmen, rein zu bl\u00e4ttern, daran zu riechen (ja, mache ich wirklich). Kein Online-Portal dieser Welt ersetzt diese Sinneswelten! \u2026\" \/>\n<meta property=\"og:url\" content=\"https:\/\/www.kommunikationsraum.at\/en\/blog\/2018\/03\/was-wir-lesen\/\" \/>\n<meta property=\"og:site_name\" content=\"Kommunikationsraum\" \/>\n<meta property=\"article:publisher\" content=\"https:\/\/www.facebook.com\/kommunikationsraumwien\/\" \/>\n<meta property=\"article:published_time\" content=\"2018-03-07T09:00:54+00:00\" \/>\n<meta property=\"article:modified_time\" content=\"2022-04-26T09:40:16+00:00\" \/>\n<meta property=\"og:image\" content=\"https:\/\/www.kommunikationsraum.at\/wp-content\/uploads\/2018\/03\/JOURNAL-was-wir-lesen-800x450-1.jpg\" \/>\n\t<meta property=\"og:image:width\" content=\"800\" \/>\n\t<meta property=\"og:image:height\" content=\"450\" \/>\n\t<meta property=\"og:image:type\" content=\"image\/jpeg\" \/>\n<meta name=\"author\" content=\"Sabine Traxler\" \/>\n<meta name=\"twitter:card\" content=\"summary_large_image\" \/>\n<meta name=\"twitter:creator\" content=\"@kr_hinterland\" \/>\n<meta name=\"twitter:site\" content=\"@kr_hinterland\" \/>\n<script type=\"application\/ld+json\" class=\"yoast-schema-graph\">{\"@context\":\"https:\/\/schema.org\",\"@graph\":[{\"@type\":\"Article\",\"@id\":\"https:\/\/www.kommunikationsraum.at\/en\/blog\/2018\/03\/was-wir-lesen\/#article\",\"isPartOf\":{\"@id\":\"https:\/\/www.kommunikationsraum.at\/en\/blog\/2018\/03\/was-wir-lesen\/\"},\"author\":{\"name\":\"Sabine Traxler\",\"@id\":\"https:\/\/www.kommunikationsraum.at\/en\/#\/schema\/person\/040edcad1adf04fa994f04d86ea2aaaf\"},\"headline\":\"Was wir lesen!\",\"datePublished\":\"2018-03-07T09:00:54+00:00\",\"dateModified\":\"2022-04-26T09:40:16+00:00\",\"mainEntityOfPage\":{\"@id\":\"https:\/\/www.kommunikationsraum.at\/en\/blog\/2018\/03\/was-wir-lesen\/\"},\"wordCount\":527,\"commentCount\":0,\"image\":{\"@id\":\"https:\/\/www.kommunikationsraum.at\/en\/blog\/2018\/03\/was-wir-lesen\/#primaryimage\"},\"thumbnailUrl\":\"https:\/\/www.kommunikationsraum.at\/wp-content\/uploads\/2018\/03\/JOURNAL-was-wir-lesen-800x450-1.jpg\",\"articleSection\":[\"Allgemein\"],\"inLanguage\":\"en-US\",\"potentialAction\":[{\"@type\":\"CommentAction\",\"name\":\"Comment\",\"target\":[\"https:\/\/www.kommunikationsraum.at\/en\/blog\/2018\/03\/was-wir-lesen\/#respond\"]}]},{\"@type\":\"WebPage\",\"@id\":\"https:\/\/www.kommunikationsraum.at\/en\/blog\/2018\/03\/was-wir-lesen\/\",\"url\":\"https:\/\/www.kommunikationsraum.at\/en\/blog\/2018\/03\/was-wir-lesen\/\",\"name\":\"Was wir lesen! - Kommunikationsraum\",\"isPartOf\":{\"@id\":\"https:\/\/www.kommunikationsraum.at\/en\/#website\"},\"primaryImageOfPage\":{\"@id\":\"https:\/\/www.kommunikationsraum.at\/en\/blog\/2018\/03\/was-wir-lesen\/#primaryimage\"},\"image\":{\"@id\":\"https:\/\/www.kommunikationsraum.at\/en\/blog\/2018\/03\/was-wir-lesen\/#primaryimage\"},\"thumbnailUrl\":\"https:\/\/www.kommunikationsraum.at\/wp-content\/uploads\/2018\/03\/JOURNAL-was-wir-lesen-800x450-1.jpg\",\"datePublished\":\"2018-03-07T09:00:54+00:00\",\"dateModified\":\"2022-04-26T09:40:16+00:00\",\"author\":{\"@id\":\"https:\/\/www.kommunikationsraum.at\/en\/#\/schema\/person\/040edcad1adf04fa994f04d86ea2aaaf\"},\"breadcrumb\":{\"@id\":\"https:\/\/www.kommunikationsraum.at\/en\/blog\/2018\/03\/was-wir-lesen\/#breadcrumb\"},\"inLanguage\":\"en-US\",\"potentialAction\":[{\"@type\":\"ReadAction\",\"target\":[\"https:\/\/www.kommunikationsraum.at\/en\/blog\/2018\/03\/was-wir-lesen\/\"]}]},{\"@type\":\"ImageObject\",\"inLanguage\":\"en-US\",\"@id\":\"https:\/\/www.kommunikationsraum.at\/en\/blog\/2018\/03\/was-wir-lesen\/#primaryimage\",\"url\":\"https:\/\/www.kommunikationsraum.at\/wp-content\/uploads\/2018\/03\/JOURNAL-was-wir-lesen-800x450-1.jpg\",\"contentUrl\":\"https:\/\/www.kommunikationsraum.at\/wp-content\/uploads\/2018\/03\/JOURNAL-was-wir-lesen-800x450-1.jpg\",\"width\":800,\"height\":450},{\"@type\":\"BreadcrumbList\",\"@id\":\"https:\/\/www.kommunikationsraum.at\/en\/blog\/2018\/03\/was-wir-lesen\/#breadcrumb\",\"itemListElement\":[{\"@type\":\"ListItem\",\"position\":1,\"name\":\"Start\",\"item\":\"https:\/\/www.kommunikationsraum.at\/en\/\"},{\"@type\":\"ListItem\",\"position\":2,\"name\":\"Was wir lesen!\"}]},{\"@type\":\"WebSite\",\"@id\":\"https:\/\/www.kommunikationsraum.at\/en\/#website\",\"url\":\"https:\/\/www.kommunikationsraum.at\/en\/\",\"name\":\"Kommunikationsraum\",\"description\":\"Kommunikation neu denken\",\"potentialAction\":[{\"@type\":\"SearchAction\",\"target\":{\"@type\":\"EntryPoint\",\"urlTemplate\":\"https:\/\/www.kommunikationsraum.at\/en\/?s={search_term_string}\"},\"query-input\":{\"@type\":\"PropertyValueSpecification\",\"valueRequired\":true,\"valueName\":\"search_term_string\"}}],\"inLanguage\":\"en-US\"},{\"@type\":\"Person\",\"@id\":\"https:\/\/www.kommunikationsraum.at\/en\/#\/schema\/person\/040edcad1adf04fa994f04d86ea2aaaf\",\"name\":\"Sabine Traxler\",\"url\":\"https:\/\/www.kommunikationsraum.at\/en\/blog\/author\/straxler\/\"}]}<\/script>\n<!-- \/ Yoast SEO plugin. -->","yoast_head_json":{"title":"Was wir lesen! - Kommunikationsraum","robots":{"index":"index","follow":"follow","max-snippet":"max-snippet:-1","max-image-preview":"max-image-preview:large","max-video-preview":"max-video-preview:-1"},"canonical":"https:\/\/www.kommunikationsraum.at\/en\/blog\/2018\/03\/was-wir-lesen\/","og_locale":"en_US","og_type":"article","og_title":"Was wir lesen! - Kommunikationsraum","og_description":"Unsere aktuellen Buchempfehlungen. Manchmal nach B\u00fcroschluss, zieht es mich in Buchhandlungen. Nach vielen digitalen Stunden sehne ich mich nach analogem Ausgleich. Viele Seiten bedrucktes Papier im Hardcover oder als Taschenbuchausgabe in die Hand zu nehmen, rein zu bl\u00e4ttern, daran zu riechen (ja, mache ich wirklich). Kein Online-Portal dieser Welt ersetzt diese Sinneswelten! \u2026","og_url":"https:\/\/www.kommunikationsraum.at\/en\/blog\/2018\/03\/was-wir-lesen\/","og_site_name":"Kommunikationsraum","article_publisher":"https:\/\/www.facebook.com\/kommunikationsraumwien\/","article_published_time":"2018-03-07T09:00:54+00:00","article_modified_time":"2022-04-26T09:40:16+00:00","og_image":[{"width":800,"height":450,"url":"https:\/\/www.kommunikationsraum.at\/wp-content\/uploads\/2018\/03\/JOURNAL-was-wir-lesen-800x450-1.jpg","type":"image\/jpeg"}],"author":"Sabine Traxler","twitter_card":"summary_large_image","twitter_creator":"@kr_hinterland","twitter_site":"@kr_hinterland","schema":{"@context":"https:\/\/schema.org","@graph":[{"@type":"Article","@id":"https:\/\/www.kommunikationsraum.at\/en\/blog\/2018\/03\/was-wir-lesen\/#article","isPartOf":{"@id":"https:\/\/www.kommunikationsraum.at\/en\/blog\/2018\/03\/was-wir-lesen\/"},"author":{"name":"Sabine Traxler","@id":"https:\/\/www.kommunikationsraum.at\/en\/#\/schema\/person\/040edcad1adf04fa994f04d86ea2aaaf"},"headline":"Was wir lesen!","datePublished":"2018-03-07T09:00:54+00:00","dateModified":"2022-04-26T09:40:16+00:00","mainEntityOfPage":{"@id":"https:\/\/www.kommunikationsraum.at\/en\/blog\/2018\/03\/was-wir-lesen\/"},"wordCount":527,"commentCount":0,"image":{"@id":"https:\/\/www.kommunikationsraum.at\/en\/blog\/2018\/03\/was-wir-lesen\/#primaryimage"},"thumbnailUrl":"https:\/\/www.kommunikationsraum.at\/wp-content\/uploads\/2018\/03\/JOURNAL-was-wir-lesen-800x450-1.jpg","articleSection":["Allgemein"],"inLanguage":"en-US","potentialAction":[{"@type":"CommentAction","name":"Comment","target":["https:\/\/www.kommunikationsraum.at\/en\/blog\/2018\/03\/was-wir-lesen\/#respond"]}]},{"@type":"WebPage","@id":"https:\/\/www.kommunikationsraum.at\/en\/blog\/2018\/03\/was-wir-lesen\/","url":"https:\/\/www.kommunikationsraum.at\/en\/blog\/2018\/03\/was-wir-lesen\/","name":"Was wir lesen! - Kommunikationsraum","isPartOf":{"@id":"https:\/\/www.kommunikationsraum.at\/en\/#website"},"primaryImageOfPage":{"@id":"https:\/\/www.kommunikationsraum.at\/en\/blog\/2018\/03\/was-wir-lesen\/#primaryimage"},"image":{"@id":"https:\/\/www.kommunikationsraum.at\/en\/blog\/2018\/03\/was-wir-lesen\/#primaryimage"},"thumbnailUrl":"https:\/\/www.kommunikationsraum.at\/wp-content\/uploads\/2018\/03\/JOURNAL-was-wir-lesen-800x450-1.jpg","datePublished":"2018-03-07T09:00:54+00:00","dateModified":"2022-04-26T09:40:16+00:00","author":{"@id":"https:\/\/www.kommunikationsraum.at\/en\/#\/schema\/person\/040edcad1adf04fa994f04d86ea2aaaf"},"breadcrumb":{"@id":"https:\/\/www.kommunikationsraum.at\/en\/blog\/2018\/03\/was-wir-lesen\/#breadcrumb"},"inLanguage":"en-US","potentialAction":[{"@type":"ReadAction","target":["https:\/\/www.kommunikationsraum.at\/en\/blog\/2018\/03\/was-wir-lesen\/"]}]},{"@type":"ImageObject","inLanguage":"en-US","@id":"https:\/\/www.kommunikationsraum.at\/en\/blog\/2018\/03\/was-wir-lesen\/#primaryimage","url":"https:\/\/www.kommunikationsraum.at\/wp-content\/uploads\/2018\/03\/JOURNAL-was-wir-lesen-800x450-1.jpg","contentUrl":"https:\/\/www.kommunikationsraum.at\/wp-content\/uploads\/2018\/03\/JOURNAL-was-wir-lesen-800x450-1.jpg","width":800,"height":450},{"@type":"BreadcrumbList","@id":"https:\/\/www.kommunikationsraum.at\/en\/blog\/2018\/03\/was-wir-lesen\/#breadcrumb","itemListElement":[{"@type":"ListItem","position":1,"name":"Start","item":"https:\/\/www.kommunikationsraum.at\/en\/"},{"@type":"ListItem","position":2,"name":"Was wir lesen!"}]},{"@type":"WebSite","@id":"https:\/\/www.kommunikationsraum.at\/en\/#website","url":"https:\/\/www.kommunikationsraum.at\/en\/","name":"Kommunikationsraum","description":"Kommunikation neu denken","potentialAction":[{"@type":"SearchAction","target":{"@type":"EntryPoint","urlTemplate":"https:\/\/www.kommunikationsraum.at\/en\/?s={search_term_string}"},"query-input":{"@type":"PropertyValueSpecification","valueRequired":true,"valueName":"search_term_string"}}],"inLanguage":"en-US"},{"@type":"Person","@id":"https:\/\/www.kommunikationsraum.at\/en\/#\/schema\/person\/040edcad1adf04fa994f04d86ea2aaaf","name":"Sabine Traxler","url":"https:\/\/www.kommunikationsraum.at\/en\/blog\/author\/straxler\/"}]}},"_links":{"self":[{"href":"https:\/\/www.kommunikationsraum.at\/en\/wp-json\/wp\/v2\/posts\/795","targetHints":{"allow":["GET"]}}],"collection":[{"href":"https:\/\/www.kommunikationsraum.at\/en\/wp-json\/wp\/v2\/posts"}],"about":[{"href":"https:\/\/www.kommunikationsraum.at\/en\/wp-json\/wp\/v2\/types\/post"}],"author":[{"embeddable":true,"href":"https:\/\/www.kommunikationsraum.at\/en\/wp-json\/wp\/v2\/users\/2"}],"replies":[{"embeddable":true,"href":"https:\/\/www.kommunikationsraum.at\/en\/wp-json\/wp\/v2\/comments?post=795"}],"version-history":[{"count":31,"href":"https:\/\/www.kommunikationsraum.at\/en\/wp-json\/wp\/v2\/posts\/795\/revisions"}],"predecessor-version":[{"id":6772,"href":"https:\/\/www.kommunikationsraum.at\/en\/wp-json\/wp\/v2\/posts\/795\/revisions\/6772"}],"wp:featuredmedia":[{"embeddable":true,"href":"https:\/\/www.kommunikationsraum.at\/en\/wp-json\/wp\/v2\/media\/5179"}],"wp:attachment":[{"href":"https:\/\/www.kommunikationsraum.at\/en\/wp-json\/wp\/v2\/media?parent=795"}],"wp:term":[{"taxonomy":"category","embeddable":true,"href":"https:\/\/www.kommunikationsraum.at\/en\/wp-json\/wp\/v2\/categories?post=795"},{"taxonomy":"post_tag","embeddable":true,"href":"https:\/\/www.kommunikationsraum.at\/en\/wp-json\/wp\/v2\/tags?post=795"}],"curies":[{"name":"wp","href":"https:\/\/api.w.org\/{rel}","templated":true}]}}