{"id":813,"date":"2017-03-23T13:00:38","date_gmt":"2017-03-23T12:00:38","guid":{"rendered":"https:\/\/www.kommunikationsraum.at\/?p=813"},"modified":"2022-04-26T11:43:48","modified_gmt":"2022-04-26T09:43:48","slug":"ver-trau-mir-doch","status":"publish","type":"post","link":"https:\/\/www.kommunikationsraum.at\/en\/blog\/2017\/03\/ver-trau-mir-doch\/","title":{"rendered":"(Ver-)Trau. Mir. Doch!"},"content":{"rendered":"\t\t<div data-elementor-type=\"wp-post\" data-elementor-id=\"813\" class=\"elementor elementor-813\">\n\t\t\t\t\t\t<div class=\"elementor-inner\">\n\t\t\t\t<div class=\"elementor-section-wrap\">\n\t\t\t\t\t\t\t\t\t<section class=\"elementor-section elementor-top-section elementor-element elementor-element-7b3d7fe elementor-section-full_width elementor-section-height-default elementor-section-height-default\" data-id=\"7b3d7fe\" data-element_type=\"section\">\n\t\t\t\t\t\t<div class=\"elementor-container elementor-column-gap-no\">\n\t\t\t\t\t\t\t<div class=\"elementor-row\">\n\t\t\t\t\t<aside class=\"elementor-column elementor-col-33 elementor-top-column elementor-element elementor-element-2632228\" data-id=\"2632228\" data-element_type=\"column\">\n\t\t\t<div class=\"elementor-column-wrap elementor-element-populated\">\n\t\t\t\t\t\t\t<div class=\"elementor-widget-wrap\">\n\t\t\t\t\t\t<div class=\"elementor-element elementor-element-829e6fb elementor-hidden-desktop elementor-hidden-tablet elementor-widget elementor-widget-image\" data-id=\"829e6fb\" data-element_type=\"widget\" data-widget_type=\"image.default\">\n\t\t\t\t<div class=\"elementor-widget-container\">\n\t\t\t\t\t\t\t\t<div class=\"elementor-image\">\n\t\t\t\t\t\t\t\t\t\t\t\t\t<a href=\"https:\/\/www.kommunikationsraum.at\/blog\/\">\n\t\t\t\t\t\t\t<img loading=\"lazy\" decoding=\"async\" width=\"800\" height=\"600\" src=\"https:\/\/www.kommunikationsraum.at\/wp-content\/uploads\/2021\/03\/journal-800x600-1.png\" class=\"attachment-full size-full wp-image-2843\" alt=\"\" srcset=\"https:\/\/www.kommunikationsraum.at\/wp-content\/uploads\/2021\/03\/journal-800x600-1.png 800w, https:\/\/www.kommunikationsraum.at\/wp-content\/uploads\/2021\/03\/journal-800x600-1-300x225.png 300w, https:\/\/www.kommunikationsraum.at\/wp-content\/uploads\/2021\/03\/journal-800x600-1-768x576.png 768w\" sizes=\"auto, (max-width: 800px) 100vw, 800px\" \/>\t\t\t\t\t\t\t\t<\/a>\n\t\t\t\t\t\t\t\t\t\t\t\t\t\t<\/div>\n\t\t\t\t\t\t<\/div>\n\t\t\t\t<\/div>\n\t\t\t\t<div class=\"elementor-element elementor-element-8a7e7c5 elementor-widget elementor-widget-image\" data-id=\"8a7e7c5\" data-element_type=\"widget\" data-widget_type=\"image.default\">\n\t\t\t\t<div class=\"elementor-widget-container\">\n\t\t\t\t\t\t\t\t<div class=\"elementor-image\">\n\t\t\t\t\t\t\t\t\t\t\t\t<img loading=\"lazy\" decoding=\"async\" width=\"800\" height=\"600\" src=\"https:\/\/www.kommunikationsraum.at\/wp-content\/uploads\/2017\/03\/JOURNAL-vertrauen-800x600-1.jpg\" class=\"attachment-full size-full wp-image-5445\" alt=\"\" srcset=\"https:\/\/www.kommunikationsraum.at\/wp-content\/uploads\/2017\/03\/JOURNAL-vertrauen-800x600-1.jpg 800w, https:\/\/www.kommunikationsraum.at\/wp-content\/uploads\/2017\/03\/JOURNAL-vertrauen-800x600-1-300x225.jpg 300w, https:\/\/www.kommunikationsraum.at\/wp-content\/uploads\/2017\/03\/JOURNAL-vertrauen-800x600-1-768x576.jpg 768w\" sizes=\"auto, (max-width: 800px) 100vw, 800px\" \/>\t\t\t\t\t\t\t\t\t\t\t\t\t\t<\/div>\n\t\t\t\t\t\t<\/div>\n\t\t\t\t<\/div>\n\t\t\t\t\t\t<\/div>\n\t\t\t\t\t<\/div>\n\t\t<\/aside>\n\t\t\t\t<article class=\"elementor-column elementor-col-33 elementor-top-column elementor-element elementor-element-b331cb7\" data-id=\"b331cb7\" data-element_type=\"column\">\n\t\t\t<div class=\"elementor-column-wrap elementor-element-populated\">\n\t\t\t\t\t\t\t<div class=\"elementor-widget-wrap\">\n\t\t\t\t\t\t<div class=\"elementor-element elementor-element-96bf055 subpage elementor-widget elementor-widget-text-editor\" data-id=\"96bf055\" data-element_type=\"widget\" data-widget_type=\"text-editor.default\">\n\t\t\t\t<div class=\"elementor-widget-container\">\n\t\t\t\t\t\t\t\t<div class=\"elementor-text-editor elementor-clearfix\">\n\t\t\t\t<h3><strong>(Ver-)Trau. Mir. Doch!<\/strong><\/h3>\t\t\t\t\t<\/div>\n\t\t\t\t\t\t<\/div>\n\t\t\t\t<\/div>\n\t\t\t\t<div class=\"elementor-element elementor-element-59fe3cf elementor-widget elementor-widget-text-editor\" data-id=\"59fe3cf\" data-element_type=\"widget\" data-widget_type=\"text-editor.default\">\n\t\t\t\t<div class=\"elementor-widget-container\">\n\t\t\t\t\t\t\t\t<div class=\"elementor-text-editor elementor-clearfix\">\n\t\t\t\t<p><a href=\"https:\/\/www.kommunikationsraum.at\/real-world\/team\/\" target=\"_blank\" rel=\"noreferrer noopener\">Bettina Pepek, Anita Lung<\/a><\/p>\t\t\t\t\t<\/div>\n\t\t\t\t\t\t<\/div>\n\t\t\t\t<\/div>\n\t\t\t\t<div class=\"elementor-element elementor-element-546a933 elementor-widget elementor-widget-text-editor\" data-id=\"546a933\" data-element_type=\"widget\" data-widget_type=\"text-editor.default\">\n\t\t\t\t<div class=\"elementor-widget-container\">\n\t\t\t\t\t\t\t\t<div class=\"elementor-text-editor elementor-clearfix\">\n\t\t\t\t<p><strong>Zehn Empfehlungen aus unserer (Kommunikations-)Praxis.<\/strong><\/p>\n<p><\/p>\n<p>\u201cWir machen ja wirklich alles im Rahmen des M\u00f6glichen\u201d, so neulich der Firmenchef eines nationalen mittelst\u00e4ndischen Unternehmens in einem F\u00fchrungskr\u00e4fte-Workshop. \u201eWir sorgen f\u00fcr attraktive Bezahlung, wir geben Verg\u00fcnstigungen f\u00fcr Pendler, wir bieten Sonderkonditionen f\u00fcr verschiedene Partnerfirmen. Wir erm\u00f6glichen flexible Arbeitsgestaltung. Dennoch werden unsere F\u00fchrungskr\u00e4fte in unserer j\u00e4hrlichen Mitarbeiter*innen-Befragung in den letzten drei Jahren zusehends schlechter bewertet. Die Zufriedenheit insgesamt sinkt. Was sollen wir tun?\u201c\u00a0<\/p>\n<p><\/p>\n<p>Probieren Sie\u2019s mal mit mehr Vertrauen!<\/p>\t\t\t\t\t<\/div>\n\t\t\t\t\t\t<\/div>\n\t\t\t\t<\/div>\n\t\t\t\t<div class=\"elementor-element elementor-element-03f1921 elementor-widget elementor-widget-text-editor\" data-id=\"03f1921\" data-element_type=\"widget\" data-widget_type=\"text-editor.default\">\n\t\t\t\t<div class=\"elementor-widget-container\">\n\t\t\t\t\t\t\t\t<div class=\"elementor-text-editor elementor-clearfix\">\n\t\t\t\t<p><\/p>\n<p><strong>Steigende Bedeutung f\u00fcr F\u00fchrung<\/strong><\/p>\n<p><\/p>\n<p>F\u00fchrung hat die Aufgabe, Rahmenbedingungen zu schaffen, wo Menschen f\u00fcr sich und f\u00fcr die Organisation Verantwortung \u00fcbernehmen k\u00f6nnen und nicht auf Anweisungen warten und wo sie die M\u00f6glichkeit haben, auf \u00dcberraschungen und unerwartete Ereignisse schnell zu reagieren. Das ist in einem Umfeld m\u00f6glich, wo Vertrauen herrscht. Die Aufgabe von F\u00fchrung ist immer mehr, Vertrauen aktiv zu st\u00e4rken, und das hei\u00dft, am zwischenmenschlichen System zu arbeiten.<\/p>\t\t\t\t\t<\/div>\n\t\t\t\t\t\t<\/div>\n\t\t\t\t<\/div>\n\t\t\t\t<div class=\"elementor-element elementor-element-fa8a43c elementor-widget elementor-widget-text-editor\" data-id=\"fa8a43c\" data-element_type=\"widget\" data-widget_type=\"text-editor.default\">\n\t\t\t\t<div class=\"elementor-widget-container\">\n\t\t\t\t\t\t\t\t<div class=\"elementor-text-editor elementor-clearfix\">\n\t\t\t\t<p><\/p>\n<p><strong>Wie kann F\u00fchrung Vertrauen st\u00e4rken?<\/strong><\/p>\n<p><\/p>\n<p>Vertrauen k\u00f6nnen wir in einer Organisation nicht direkt herstellen, wir k\u00f6nnen nur Rahmenbedingungen gestalten. Empirische Untersuchungen zeigen zehn Bereiche auf, in denen F\u00fchrungskr\u00e4fte aktiv die Bedingungen f\u00fcr Vertrauen in der Organisation st\u00e4rken k\u00f6nnen.<\/p>\t\t\t\t\t<\/div>\n\t\t\t\t\t\t<\/div>\n\t\t\t\t<\/div>\n\t\t\t\t<div class=\"elementor-element elementor-element-59d2f5c elementor-widget elementor-widget-text-editor\" data-id=\"59d2f5c\" data-element_type=\"widget\" data-widget_type=\"text-editor.default\">\n\t\t\t\t<div class=\"elementor-widget-container\">\n\t\t\t\t\t\t\t\t<div class=\"elementor-text-editor elementor-clearfix\">\n\t\t\t\t<p>Die gemeinsame Klammer dabei ist: <strong>Kommunikation<\/strong>.\u00a0<\/p>\n<p>Sie zeigen:\u00a0<strong>F\u00fchren hei\u00dft, Kommunikation aktiv zu gestalten:<\/strong><\/p>\t\t\t\t\t<\/div>\n\t\t\t\t\t\t<\/div>\n\t\t\t\t<\/div>\n\t\t\t\t<div class=\"elementor-element elementor-element-f1ca3b8 elementor-widget elementor-widget-text-editor\" data-id=\"f1ca3b8\" data-element_type=\"widget\" data-widget_type=\"text-editor.default\">\n\t\t\t\t<div class=\"elementor-widget-container\">\n\t\t\t\t\t\t\t\t<div class=\"elementor-text-editor elementor-clearfix\">\n\t\t\t\t<p><strong>1. Worte und Taten m\u00fcssen zusammen passen<\/strong><br \/>Wenn F\u00fchrungskr\u00e4fte tun, was sie sagen, werden sie glaubw\u00fcrdig und berechenbar.<\/p>\t\t\t\t\t<\/div>\n\t\t\t\t\t\t<\/div>\n\t\t\t\t<\/div>\n\t\t\t\t<div class=\"elementor-element elementor-element-ee68577 elementor-widget elementor-widget-text-editor\" data-id=\"ee68577\" data-element_type=\"widget\" data-widget_type=\"text-editor.default\">\n\t\t\t\t<div class=\"elementor-widget-container\">\n\t\t\t\t\t\t\t\t<div class=\"elementor-text-editor elementor-clearfix\">\n\t\t\t\t<p><strong>2. Rollenklarheit sichern<\/strong><br \/>Klare Rollen geben Sicherheit, machen berechenbar und sch\u00fctzen somit vor Willk\u00fcr.<\/p>\t\t\t\t\t<\/div>\n\t\t\t\t\t\t<\/div>\n\t\t\t\t<\/div>\n\t\t\t\t<div class=\"elementor-element elementor-element-83d1b8d elementor-widget elementor-widget-text-editor\" data-id=\"83d1b8d\" data-element_type=\"widget\" data-widget_type=\"text-editor.default\">\n\t\t\t\t<div class=\"elementor-widget-container\">\n\t\t\t\t\t\t\t\t<div class=\"elementor-text-editor elementor-clearfix\">\n\t\t\t\t<p><\/p>\n<p><strong>3. Mit Diskretion handeln<\/strong><br \/>Klingt selbstverst\u00e4ndlich, ist es aber in Zeiten von Facebook, Twitter &amp; Co nicht. Wenn wir nicht sicher sein k\u00f6nnen, wie mit unseren Mitteilungen umgegangen wird, werden wir weniger offen agieren.\u00a0<\/p>\t\t\t\t\t<\/div>\n\t\t\t\t\t\t<\/div>\n\t\t\t\t<\/div>\n\t\t\t\t<div class=\"elementor-element elementor-element-14620a1 elementor-widget elementor-widget-text-editor\" data-id=\"14620a1\" data-element_type=\"widget\" data-widget_type=\"text-editor.default\">\n\t\t\t\t<div class=\"elementor-widget-container\">\n\t\t\t\t\t\t\t\t<div class=\"elementor-text-editor elementor-clearfix\">\n\t\t\t\t<p><strong>4. \u00dcbersicht \u00fcber die Wissensbereiche schaffen<\/strong><br \/>Zeigen Sie Transparenz \u00fcber die F\u00e4higkeiten und Fertigkeiten der Mitarbeiter!<\/p>\t\t\t\t\t<\/div>\n\t\t\t\t\t\t<\/div>\n\t\t\t\t<\/div>\n\t\t\t\t<div class=\"elementor-element elementor-element-ca8d73d elementor-widget elementor-widget-text-editor\" data-id=\"ca8d73d\" data-element_type=\"widget\" data-widget_type=\"text-editor.default\">\n\t\t\t\t<div class=\"elementor-widget-container\">\n\t\t\t\t\t\t\t\t<div class=\"elementor-text-editor elementor-clearfix\">\n\t\t\t\t<p><strong>5. Mehr fragen, als sagen<\/strong><br \/>Schon Paul Watzlawick wusste: Achtsames Fragen, ehrliches Interesse am Mitarbeiter als Mensch, ob beruflich oder privat, festigt die Beziehungsebene.<\/p>\t\t\t\t\t<\/div>\n\t\t\t\t\t\t<\/div>\n\t\t\t\t<\/div>\n\t\t\t\t<div class=\"elementor-element elementor-element-4ef6345 elementor-widget elementor-widget-text-editor\" data-id=\"4ef6345\" data-element_type=\"widget\" data-widget_type=\"text-editor.default\">\n\t\t\t\t<div class=\"elementor-widget-container\">\n\t\t\t\t\t\t\t\t<div class=\"elementor-text-editor elementor-clearfix\">\n\t\t\t\t<p><strong>6. Gemeinsame Sprache etablieren<\/strong><br \/>Gemeinsam erarbeitete, klare und explizite Vereinbarungen \u00fcber die Art und Weise der Zusammenarbeit, schaffen Orientierung f\u00fcr den Alltag.<\/p>\t\t\t\t\t<\/div>\n\t\t\t\t\t\t<\/div>\n\t\t\t\t<\/div>\n\t\t\t\t<div class=\"elementor-element elementor-element-47e52cb elementor-widget elementor-widget-text-editor\" data-id=\"47e52cb\" data-element_type=\"widget\" data-widget_type=\"text-editor.default\">\n\t\t\t\t<div class=\"elementor-widget-container\">\n\t\t\t\t\t\t\t\t<div class=\"elementor-text-editor elementor-clearfix\">\n\t\t\t\t<p><strong>7. Kommunikationsforen und Meetingkultur bewusst gestalten<\/strong><br \/>Klare Kommunikationsstrukturen unterst\u00fctzen den laufenden Dialog in der Organisation.<\/p>\t\t\t\t\t<\/div>\n\t\t\t\t\t\t<\/div>\n\t\t\t\t<\/div>\n\t\t\t\t<div class=\"elementor-element elementor-element-1323dfb elementor-widget elementor-widget-text-editor\" data-id=\"1323dfb\" data-element_type=\"widget\" data-widget_type=\"text-editor.default\">\n\t\t\t\t<div class=\"elementor-widget-container\">\n\t\t\t\t\t\t\t\t<div class=\"elementor-text-editor elementor-clearfix\">\n\t\t\t\t<p><\/p>\n<p><strong>8. Informelle Kontakte pflegen<\/strong><br \/>Informelle Beziehungen sind wertvolle Ressource jeder Organisation und der eigentliche Treiber der Entwicklung. Daf\u00fcr Zeit und Raum zu bieten, ist auch F\u00fchrungsaufgabe.<\/p>\t\t\t\t\t<\/div>\n\t\t\t\t\t\t<\/div>\n\t\t\t\t<\/div>\n\t\t\t\t<div class=\"elementor-element elementor-element-11910dd elementor-widget elementor-widget-text-editor\" data-id=\"11910dd\" data-element_type=\"widget\" data-widget_type=\"text-editor.default\">\n\t\t\t\t<div class=\"elementor-widget-container\">\n\t\t\t\t\t\t\t\t<div class=\"elementor-text-editor elementor-clearfix\">\n\t\t\t\t<p><strong>9. Gro\u00dfz\u00fcgig sein<\/strong><br \/>Geben ohne direkte Gegenleistung zu erwarten, dr\u00fcckt Vertrauen aus.<\/p>\t\t\t\t\t<\/div>\n\t\t\t\t\t\t<\/div>\n\t\t\t\t<\/div>\n\t\t\t\t<div class=\"elementor-element elementor-element-569b1a5 elementor-widget elementor-widget-text-editor\" data-id=\"569b1a5\" data-element_type=\"widget\" data-widget_type=\"text-editor.default\">\n\t\t\t\t<div class=\"elementor-widget-container\">\n\t\t\t\t\t\t\t\t<div class=\"elementor-text-editor elementor-clearfix\">\n\t\t\t\t<p><strong>10. Entscheidungen fair und transparent gestalten<\/strong><br \/>Fairness messen die Mitarbeiter daran, ob offizielle Regeln f\u00fcr alle gleicherma\u00dfen gelten. An der Art der Entscheidungsfindung erkennen die Mitarbeiter, wie ernst etwas wirklich gemeint ist. Fairness erw\u00e4chst auch dem Umgang miteinander, aus dem tats\u00e4chlich gelebten Respekt.<\/p>\t\t\t\t\t<\/div>\n\t\t\t\t\t\t<\/div>\n\t\t\t\t<\/div>\n\t\t\t\t\t\t<\/div>\n\t\t\t\t\t<\/div>\n\t\t<\/article>\n\t\t\t\t<aside class=\"elementor-column elementor-col-33 elementor-top-column elementor-element elementor-element-cb37ae6\" data-id=\"cb37ae6\" data-element_type=\"column\">\n\t\t\t<div class=\"elementor-column-wrap elementor-element-populated\">\n\t\t\t\t\t\t\t<div class=\"elementor-widget-wrap\">\n\t\t\t\t\t\t<div class=\"elementor-element elementor-element-40f1693 elementor-hidden-phone elementor-widget elementor-widget-image\" data-id=\"40f1693\" data-element_type=\"widget\" data-widget_type=\"image.default\">\n\t\t\t\t<div class=\"elementor-widget-container\">\n\t\t\t\t\t\t\t\t<div class=\"elementor-image\">\n\t\t\t\t\t\t\t\t\t\t\t\t\t<a href=\"https:\/\/www.kommunikationsraum.at\/blog\/\">\n\t\t\t\t\t\t\t<img loading=\"lazy\" decoding=\"async\" width=\"800\" height=\"600\" src=\"https:\/\/www.kommunikationsraum.at\/wp-content\/uploads\/2021\/03\/journal-800x600-1.png\" class=\"attachment-full size-full wp-image-2843\" alt=\"\" srcset=\"https:\/\/www.kommunikationsraum.at\/wp-content\/uploads\/2021\/03\/journal-800x600-1.png 800w, https:\/\/www.kommunikationsraum.at\/wp-content\/uploads\/2021\/03\/journal-800x600-1-300x225.png 300w, https:\/\/www.kommunikationsraum.at\/wp-content\/uploads\/2021\/03\/journal-800x600-1-768x576.png 768w\" sizes=\"auto, (max-width: 800px) 100vw, 800px\" \/>\t\t\t\t\t\t\t\t<\/a>\n\t\t\t\t\t\t\t\t\t\t\t\t\t\t<\/div>\n\t\t\t\t\t\t<\/div>\n\t\t\t\t<\/div>\n\t\t\t\t<div class=\"elementor-element elementor-element-ef3068c elementor-hidden-phone elementor-widget elementor-widget-spacer\" data-id=\"ef3068c\" data-element_type=\"widget\" data-widget_type=\"spacer.default\">\n\t\t\t\t<div class=\"elementor-widget-container\">\n\t\t\t\t\t<div class=\"elementor-spacer\">\n\t\t\t<div class=\"elementor-spacer-inner\"><\/div>\n\t\t<\/div>\n\t\t\t\t<\/div>\n\t\t\t\t<\/div>\n\t\t\t\t<div class=\"elementor-element elementor-element-256a4b1 elementor-widget elementor-widget-text-editor\" data-id=\"256a4b1\" data-element_type=\"widget\" data-widget_type=\"text-editor.default\">\n\t\t\t\t<div class=\"elementor-widget-container\">\n\t\t\t\t\t\t\t\t<div class=\"elementor-text-editor elementor-clearfix\">\n\t\t\t\t<p><strong>Weiterf\u00fchrende Links:<\/strong><\/p>\n<p>\u00a0<\/p>\n<p><\/p>\n<p><a href=\"https:\/\/www.kommunikationsraum.at\/wp-content\/uploads\/2020\/12\/Fuehren_durch_Vertrauen_kommunikationsraum.pdf\" target=\"_blank\" rel=\"noreferrer noopener\">F\u00fchren durch Vertrauen<\/a>, Anita Lung<\/p>\n<p><\/p>\n<p>\u00a0<\/p>\n<p>Empfehlung:\u00a0<\/p>\n<p><\/p>\n<p><a href=\"https:\/\/www.edelman.com\/trust\" target=\"_blank\" rel=\"noreferrer noopener\">Edelman Trust<\/a><\/p>\t\t\t\t\t<\/div>\n\t\t\t\t\t\t<\/div>\n\t\t\t\t<\/div>\n\t\t\t\t\t\t<\/div>\n\t\t\t\t\t<\/div>\n\t\t<\/aside>\n\t\t\t\t\t\t\t\t<\/div>\n\t\t\t\t\t<\/div>\n\t\t<\/section>\n\t\t\t\t\t\t\t\t\t<\/div>\n\t\t\t<\/div>\n\t\t\t\t\t<\/div>\n\t\t","protected":false},"excerpt":{"rendered":"<p>Zehn Empfehlungen aus unserer (Kommunikations-)Praxis. \u201cWir machen ja wirklich alles im Rahmen des M\u00f6glichen\u201d, so neulich der Firmenchef eines nationalen mittelst\u00e4ndischen Unternehmens in einem F\u00fchrungskr\u00e4fte-Workshop. \u201eWir sorgen f\u00fcr attraktive Bezahlung, wir geben Verg\u00fcnstigungen f\u00fcr Pendler, wir bieten Sonderkonditionen f\u00fcr verschiedene Partnerfirmen. Wir erm\u00f6glichen flexible Arbeitsgestaltung. Dennoch \u2026<\/p>\n","protected":false},"author":2,"featured_media":5440,"comment_status":"open","ping_status":"open","sticky":false,"template":"elementor_header_footer","format":"standard","meta":{"footnotes":""},"categories":[1],"tags":[],"class_list":["post-813","post","type-post","status-publish","format-standard","has-post-thumbnail","hentry","category-allgemein"],"yoast_head":"<!-- This site is optimized with the Yoast SEO plugin v27.2 - https:\/\/yoast.com\/product\/yoast-seo-wordpress\/ -->\n<title>(Ver-)Trau. Mir. Doch! - Kommunikationsraum<\/title>\n<meta name=\"robots\" content=\"index, follow, max-snippet:-1, max-image-preview:large, max-video-preview:-1\" \/>\n<link rel=\"canonical\" href=\"https:\/\/www.kommunikationsraum.at\/en\/blog\/2017\/03\/ver-trau-mir-doch\/\" \/>\n<meta property=\"og:locale\" content=\"en_US\" \/>\n<meta property=\"og:type\" content=\"article\" \/>\n<meta property=\"og:title\" content=\"(Ver-)Trau. Mir. Doch! - Kommunikationsraum\" \/>\n<meta property=\"og:description\" content=\"Zehn Empfehlungen aus unserer (Kommunikations-)Praxis. \u201cWir machen ja wirklich alles im Rahmen des M\u00f6glichen\u201d, so neulich der Firmenchef eines nationalen mittelst\u00e4ndischen Unternehmens in einem F\u00fchrungskr\u00e4fte-Workshop. \u201eWir sorgen f\u00fcr attraktive Bezahlung, wir geben Verg\u00fcnstigungen f\u00fcr Pendler, wir bieten Sonderkonditionen f\u00fcr verschiedene Partnerfirmen. Wir erm\u00f6glichen flexible Arbeitsgestaltung. Dennoch \u2026\" \/>\n<meta property=\"og:url\" content=\"https:\/\/www.kommunikationsraum.at\/en\/blog\/2017\/03\/ver-trau-mir-doch\/\" \/>\n<meta property=\"og:site_name\" content=\"Kommunikationsraum\" \/>\n<meta property=\"article:publisher\" content=\"https:\/\/www.facebook.com\/kommunikationsraumwien\/\" \/>\n<meta property=\"article:published_time\" content=\"2017-03-23T12:00:38+00:00\" \/>\n<meta property=\"article:modified_time\" content=\"2022-04-26T09:43:48+00:00\" \/>\n<meta property=\"og:image\" content=\"https:\/\/www.kommunikationsraum.at\/wp-content\/uploads\/2017\/03\/JOURNAL-vertrauen-800x450-1.jpg\" \/>\n\t<meta property=\"og:image:width\" content=\"800\" \/>\n\t<meta property=\"og:image:height\" content=\"450\" \/>\n\t<meta property=\"og:image:type\" content=\"image\/jpeg\" \/>\n<meta name=\"author\" content=\"Sabine Traxler\" \/>\n<meta name=\"twitter:card\" content=\"summary_large_image\" \/>\n<meta name=\"twitter:creator\" content=\"@kr_hinterland\" \/>\n<meta name=\"twitter:site\" content=\"@kr_hinterland\" \/>\n<script type=\"application\/ld+json\" class=\"yoast-schema-graph\">{\"@context\":\"https:\/\/schema.org\",\"@graph\":[{\"@type\":\"Article\",\"@id\":\"https:\/\/www.kommunikationsraum.at\/en\/blog\/2017\/03\/ver-trau-mir-doch\/#article\",\"isPartOf\":{\"@id\":\"https:\/\/www.kommunikationsraum.at\/en\/blog\/2017\/03\/ver-trau-mir-doch\/\"},\"author\":{\"name\":\"Sabine Traxler\",\"@id\":\"https:\/\/www.kommunikationsraum.at\/en\/#\/schema\/person\/040edcad1adf04fa994f04d86ea2aaaf\"},\"headline\":\"(Ver-)Trau. Mir. Doch!\",\"datePublished\":\"2017-03-23T12:00:38+00:00\",\"dateModified\":\"2022-04-26T09:43:48+00:00\",\"mainEntityOfPage\":{\"@id\":\"https:\/\/www.kommunikationsraum.at\/en\/blog\/2017\/03\/ver-trau-mir-doch\/\"},\"wordCount\":491,\"commentCount\":0,\"image\":{\"@id\":\"https:\/\/www.kommunikationsraum.at\/en\/blog\/2017\/03\/ver-trau-mir-doch\/#primaryimage\"},\"thumbnailUrl\":\"https:\/\/www.kommunikationsraum.at\/wp-content\/uploads\/2017\/03\/JOURNAL-vertrauen-800x450-1.jpg\",\"articleSection\":[\"Allgemein\"],\"inLanguage\":\"en-US\",\"potentialAction\":[{\"@type\":\"CommentAction\",\"name\":\"Comment\",\"target\":[\"https:\/\/www.kommunikationsraum.at\/en\/blog\/2017\/03\/ver-trau-mir-doch\/#respond\"]}]},{\"@type\":\"WebPage\",\"@id\":\"https:\/\/www.kommunikationsraum.at\/en\/blog\/2017\/03\/ver-trau-mir-doch\/\",\"url\":\"https:\/\/www.kommunikationsraum.at\/en\/blog\/2017\/03\/ver-trau-mir-doch\/\",\"name\":\"(Ver-)Trau. Mir. Doch! - Kommunikationsraum\",\"isPartOf\":{\"@id\":\"https:\/\/www.kommunikationsraum.at\/en\/#website\"},\"primaryImageOfPage\":{\"@id\":\"https:\/\/www.kommunikationsraum.at\/en\/blog\/2017\/03\/ver-trau-mir-doch\/#primaryimage\"},\"image\":{\"@id\":\"https:\/\/www.kommunikationsraum.at\/en\/blog\/2017\/03\/ver-trau-mir-doch\/#primaryimage\"},\"thumbnailUrl\":\"https:\/\/www.kommunikationsraum.at\/wp-content\/uploads\/2017\/03\/JOURNAL-vertrauen-800x450-1.jpg\",\"datePublished\":\"2017-03-23T12:00:38+00:00\",\"dateModified\":\"2022-04-26T09:43:48+00:00\",\"author\":{\"@id\":\"https:\/\/www.kommunikationsraum.at\/en\/#\/schema\/person\/040edcad1adf04fa994f04d86ea2aaaf\"},\"breadcrumb\":{\"@id\":\"https:\/\/www.kommunikationsraum.at\/en\/blog\/2017\/03\/ver-trau-mir-doch\/#breadcrumb\"},\"inLanguage\":\"en-US\",\"potentialAction\":[{\"@type\":\"ReadAction\",\"target\":[\"https:\/\/www.kommunikationsraum.at\/en\/blog\/2017\/03\/ver-trau-mir-doch\/\"]}]},{\"@type\":\"ImageObject\",\"inLanguage\":\"en-US\",\"@id\":\"https:\/\/www.kommunikationsraum.at\/en\/blog\/2017\/03\/ver-trau-mir-doch\/#primaryimage\",\"url\":\"https:\/\/www.kommunikationsraum.at\/wp-content\/uploads\/2017\/03\/JOURNAL-vertrauen-800x450-1.jpg\",\"contentUrl\":\"https:\/\/www.kommunikationsraum.at\/wp-content\/uploads\/2017\/03\/JOURNAL-vertrauen-800x450-1.jpg\",\"width\":800,\"height\":450},{\"@type\":\"BreadcrumbList\",\"@id\":\"https:\/\/www.kommunikationsraum.at\/en\/blog\/2017\/03\/ver-trau-mir-doch\/#breadcrumb\",\"itemListElement\":[{\"@type\":\"ListItem\",\"position\":1,\"name\":\"Start\",\"item\":\"https:\/\/www.kommunikationsraum.at\/en\/\"},{\"@type\":\"ListItem\",\"position\":2,\"name\":\"(Ver-)Trau. Mir. Doch!\"}]},{\"@type\":\"WebSite\",\"@id\":\"https:\/\/www.kommunikationsraum.at\/en\/#website\",\"url\":\"https:\/\/www.kommunikationsraum.at\/en\/\",\"name\":\"Kommunikationsraum\",\"description\":\"Kommunikation neu denken\",\"potentialAction\":[{\"@type\":\"SearchAction\",\"target\":{\"@type\":\"EntryPoint\",\"urlTemplate\":\"https:\/\/www.kommunikationsraum.at\/en\/?s={search_term_string}\"},\"query-input\":{\"@type\":\"PropertyValueSpecification\",\"valueRequired\":true,\"valueName\":\"search_term_string\"}}],\"inLanguage\":\"en-US\"},{\"@type\":\"Person\",\"@id\":\"https:\/\/www.kommunikationsraum.at\/en\/#\/schema\/person\/040edcad1adf04fa994f04d86ea2aaaf\",\"name\":\"Sabine Traxler\",\"url\":\"https:\/\/www.kommunikationsraum.at\/en\/blog\/author\/straxler\/\"}]}<\/script>\n<!-- \/ Yoast SEO plugin. -->","yoast_head_json":{"title":"(Ver-)Trau. Mir. Doch! - Kommunikationsraum","robots":{"index":"index","follow":"follow","max-snippet":"max-snippet:-1","max-image-preview":"max-image-preview:large","max-video-preview":"max-video-preview:-1"},"canonical":"https:\/\/www.kommunikationsraum.at\/en\/blog\/2017\/03\/ver-trau-mir-doch\/","og_locale":"en_US","og_type":"article","og_title":"(Ver-)Trau. Mir. Doch! - Kommunikationsraum","og_description":"Zehn Empfehlungen aus unserer (Kommunikations-)Praxis. \u201cWir machen ja wirklich alles im Rahmen des M\u00f6glichen\u201d, so neulich der Firmenchef eines nationalen mittelst\u00e4ndischen Unternehmens in einem F\u00fchrungskr\u00e4fte-Workshop. \u201eWir sorgen f\u00fcr attraktive Bezahlung, wir geben Verg\u00fcnstigungen f\u00fcr Pendler, wir bieten Sonderkonditionen f\u00fcr verschiedene Partnerfirmen. Wir erm\u00f6glichen flexible Arbeitsgestaltung. Dennoch \u2026","og_url":"https:\/\/www.kommunikationsraum.at\/en\/blog\/2017\/03\/ver-trau-mir-doch\/","og_site_name":"Kommunikationsraum","article_publisher":"https:\/\/www.facebook.com\/kommunikationsraumwien\/","article_published_time":"2017-03-23T12:00:38+00:00","article_modified_time":"2022-04-26T09:43:48+00:00","og_image":[{"width":800,"height":450,"url":"https:\/\/www.kommunikationsraum.at\/wp-content\/uploads\/2017\/03\/JOURNAL-vertrauen-800x450-1.jpg","type":"image\/jpeg"}],"author":"Sabine Traxler","twitter_card":"summary_large_image","twitter_creator":"@kr_hinterland","twitter_site":"@kr_hinterland","schema":{"@context":"https:\/\/schema.org","@graph":[{"@type":"Article","@id":"https:\/\/www.kommunikationsraum.at\/en\/blog\/2017\/03\/ver-trau-mir-doch\/#article","isPartOf":{"@id":"https:\/\/www.kommunikationsraum.at\/en\/blog\/2017\/03\/ver-trau-mir-doch\/"},"author":{"name":"Sabine Traxler","@id":"https:\/\/www.kommunikationsraum.at\/en\/#\/schema\/person\/040edcad1adf04fa994f04d86ea2aaaf"},"headline":"(Ver-)Trau. Mir. Doch!","datePublished":"2017-03-23T12:00:38+00:00","dateModified":"2022-04-26T09:43:48+00:00","mainEntityOfPage":{"@id":"https:\/\/www.kommunikationsraum.at\/en\/blog\/2017\/03\/ver-trau-mir-doch\/"},"wordCount":491,"commentCount":0,"image":{"@id":"https:\/\/www.kommunikationsraum.at\/en\/blog\/2017\/03\/ver-trau-mir-doch\/#primaryimage"},"thumbnailUrl":"https:\/\/www.kommunikationsraum.at\/wp-content\/uploads\/2017\/03\/JOURNAL-vertrauen-800x450-1.jpg","articleSection":["Allgemein"],"inLanguage":"en-US","potentialAction":[{"@type":"CommentAction","name":"Comment","target":["https:\/\/www.kommunikationsraum.at\/en\/blog\/2017\/03\/ver-trau-mir-doch\/#respond"]}]},{"@type":"WebPage","@id":"https:\/\/www.kommunikationsraum.at\/en\/blog\/2017\/03\/ver-trau-mir-doch\/","url":"https:\/\/www.kommunikationsraum.at\/en\/blog\/2017\/03\/ver-trau-mir-doch\/","name":"(Ver-)Trau. Mir. Doch! - Kommunikationsraum","isPartOf":{"@id":"https:\/\/www.kommunikationsraum.at\/en\/#website"},"primaryImageOfPage":{"@id":"https:\/\/www.kommunikationsraum.at\/en\/blog\/2017\/03\/ver-trau-mir-doch\/#primaryimage"},"image":{"@id":"https:\/\/www.kommunikationsraum.at\/en\/blog\/2017\/03\/ver-trau-mir-doch\/#primaryimage"},"thumbnailUrl":"https:\/\/www.kommunikationsraum.at\/wp-content\/uploads\/2017\/03\/JOURNAL-vertrauen-800x450-1.jpg","datePublished":"2017-03-23T12:00:38+00:00","dateModified":"2022-04-26T09:43:48+00:00","author":{"@id":"https:\/\/www.kommunikationsraum.at\/en\/#\/schema\/person\/040edcad1adf04fa994f04d86ea2aaaf"},"breadcrumb":{"@id":"https:\/\/www.kommunikationsraum.at\/en\/blog\/2017\/03\/ver-trau-mir-doch\/#breadcrumb"},"inLanguage":"en-US","potentialAction":[{"@type":"ReadAction","target":["https:\/\/www.kommunikationsraum.at\/en\/blog\/2017\/03\/ver-trau-mir-doch\/"]}]},{"@type":"ImageObject","inLanguage":"en-US","@id":"https:\/\/www.kommunikationsraum.at\/en\/blog\/2017\/03\/ver-trau-mir-doch\/#primaryimage","url":"https:\/\/www.kommunikationsraum.at\/wp-content\/uploads\/2017\/03\/JOURNAL-vertrauen-800x450-1.jpg","contentUrl":"https:\/\/www.kommunikationsraum.at\/wp-content\/uploads\/2017\/03\/JOURNAL-vertrauen-800x450-1.jpg","width":800,"height":450},{"@type":"BreadcrumbList","@id":"https:\/\/www.kommunikationsraum.at\/en\/blog\/2017\/03\/ver-trau-mir-doch\/#breadcrumb","itemListElement":[{"@type":"ListItem","position":1,"name":"Start","item":"https:\/\/www.kommunikationsraum.at\/en\/"},{"@type":"ListItem","position":2,"name":"(Ver-)Trau. Mir. Doch!"}]},{"@type":"WebSite","@id":"https:\/\/www.kommunikationsraum.at\/en\/#website","url":"https:\/\/www.kommunikationsraum.at\/en\/","name":"Kommunikationsraum","description":"Kommunikation neu denken","potentialAction":[{"@type":"SearchAction","target":{"@type":"EntryPoint","urlTemplate":"https:\/\/www.kommunikationsraum.at\/en\/?s={search_term_string}"},"query-input":{"@type":"PropertyValueSpecification","valueRequired":true,"valueName":"search_term_string"}}],"inLanguage":"en-US"},{"@type":"Person","@id":"https:\/\/www.kommunikationsraum.at\/en\/#\/schema\/person\/040edcad1adf04fa994f04d86ea2aaaf","name":"Sabine Traxler","url":"https:\/\/www.kommunikationsraum.at\/en\/blog\/author\/straxler\/"}]}},"_links":{"self":[{"href":"https:\/\/www.kommunikationsraum.at\/en\/wp-json\/wp\/v2\/posts\/813","targetHints":{"allow":["GET"]}}],"collection":[{"href":"https:\/\/www.kommunikationsraum.at\/en\/wp-json\/wp\/v2\/posts"}],"about":[{"href":"https:\/\/www.kommunikationsraum.at\/en\/wp-json\/wp\/v2\/types\/post"}],"author":[{"embeddable":true,"href":"https:\/\/www.kommunikationsraum.at\/en\/wp-json\/wp\/v2\/users\/2"}],"replies":[{"embeddable":true,"href":"https:\/\/www.kommunikationsraum.at\/en\/wp-json\/wp\/v2\/comments?post=813"}],"version-history":[{"count":27,"href":"https:\/\/www.kommunikationsraum.at\/en\/wp-json\/wp\/v2\/posts\/813\/revisions"}],"predecessor-version":[{"id":6784,"href":"https:\/\/www.kommunikationsraum.at\/en\/wp-json\/wp\/v2\/posts\/813\/revisions\/6784"}],"wp:featuredmedia":[{"embeddable":true,"href":"https:\/\/www.kommunikationsraum.at\/en\/wp-json\/wp\/v2\/media\/5440"}],"wp:attachment":[{"href":"https:\/\/www.kommunikationsraum.at\/en\/wp-json\/wp\/v2\/media?parent=813"}],"wp:term":[{"taxonomy":"category","embeddable":true,"href":"https:\/\/www.kommunikationsraum.at\/en\/wp-json\/wp\/v2\/categories?post=813"},{"taxonomy":"post_tag","embeddable":true,"href":"https:\/\/www.kommunikationsraum.at\/en\/wp-json\/wp\/v2\/tags?post=813"}],"curies":[{"name":"wp","href":"https:\/\/api.w.org\/{rel}","templated":true}]}}