{"id":8816,"date":"2023-03-30T23:05:34","date_gmt":"2023-03-30T21:05:34","guid":{"rendered":"https:\/\/www.kommunikationsraum.at\/?p=8816"},"modified":"2023-03-31T14:57:45","modified_gmt":"2023-03-31T12:57:45","slug":"gut-festhalten-gut-loslassen","status":"publish","type":"post","link":"https:\/\/www.kommunikationsraum.at\/en\/blog\/2023\/03\/gut-festhalten-gut-loslassen\/","title":{"rendered":"Gut festhalten. Gut loslassen."},"content":{"rendered":"\t\t<div data-elementor-type=\"wp-post\" data-elementor-id=\"8816\" class=\"elementor elementor-8816\">\n\t\t\t\t\t\t<div class=\"elementor-inner\">\n\t\t\t\t<div class=\"elementor-section-wrap\">\n\t\t\t\t\t\t\t\t\t<section class=\"elementor-section elementor-top-section elementor-element elementor-element-3ceae1c elementor-section-full_width elementor-section-height-default elementor-section-height-default\" data-id=\"3ceae1c\" data-element_type=\"section\">\n\t\t\t\t\t\t<div class=\"elementor-container elementor-column-gap-no\">\n\t\t\t\t\t\t\t<div class=\"elementor-row\">\n\t\t\t\t\t<aside class=\"elementor-column elementor-col-33 elementor-top-column elementor-element elementor-element-43cb067\" data-id=\"43cb067\" data-element_type=\"column\">\n\t\t\t<div class=\"elementor-column-wrap elementor-element-populated\">\n\t\t\t\t\t\t\t<div class=\"elementor-widget-wrap\">\n\t\t\t\t\t\t<div class=\"elementor-element elementor-element-72a3c21 elementor-hidden-desktop elementor-hidden-tablet elementor-widget elementor-widget-image\" data-id=\"72a3c21\" data-element_type=\"widget\" data-widget_type=\"image.default\">\n\t\t\t\t<div class=\"elementor-widget-container\">\n\t\t\t\t\t\t\t\t<div class=\"elementor-image\">\n\t\t\t\t\t\t\t\t\t\t\t\t\t<a href=\"https:\/\/www.kommunikationsraum.at\/blog\/\">\n\t\t\t\t\t\t\t<img loading=\"lazy\" decoding=\"async\" width=\"800\" height=\"600\" src=\"https:\/\/www.kommunikationsraum.at\/wp-content\/uploads\/2021\/03\/journal-800x600-1.png\" class=\"attachment-full size-full wp-image-2843\" alt=\"\" srcset=\"https:\/\/www.kommunikationsraum.at\/wp-content\/uploads\/2021\/03\/journal-800x600-1.png 800w, https:\/\/www.kommunikationsraum.at\/wp-content\/uploads\/2021\/03\/journal-800x600-1-300x225.png 300w, https:\/\/www.kommunikationsraum.at\/wp-content\/uploads\/2021\/03\/journal-800x600-1-768x576.png 768w\" sizes=\"auto, (max-width: 800px) 100vw, 800px\" \/>\t\t\t\t\t\t\t\t<\/a>\n\t\t\t\t\t\t\t\t\t\t\t\t\t\t<\/div>\n\t\t\t\t\t\t<\/div>\n\t\t\t\t<\/div>\n\t\t\t\t<div class=\"elementor-element elementor-element-acf63b3 elementor-widget elementor-widget-image\" data-id=\"acf63b3\" data-element_type=\"widget\" data-widget_type=\"image.default\">\n\t\t\t\t<div class=\"elementor-widget-container\">\n\t\t\t\t\t\t\t\t<div class=\"elementor-image\">\n\t\t\t\t\t\t\t\t\t\t\t\t<img loading=\"lazy\" decoding=\"async\" width=\"800\" height=\"600\" src=\"https:\/\/www.kommunikationsraum.at\/wp-content\/uploads\/2023\/03\/2023_03_Gut-festhalten.-Gut-loslassen.-800x600-1.jpg\" class=\"attachment-full size-full wp-image-8821\" alt=\"\" srcset=\"https:\/\/www.kommunikationsraum.at\/wp-content\/uploads\/2023\/03\/2023_03_Gut-festhalten.-Gut-loslassen.-800x600-1.jpg 800w, https:\/\/www.kommunikationsraum.at\/wp-content\/uploads\/2023\/03\/2023_03_Gut-festhalten.-Gut-loslassen.-800x600-1-300x225.jpg 300w, https:\/\/www.kommunikationsraum.at\/wp-content\/uploads\/2023\/03\/2023_03_Gut-festhalten.-Gut-loslassen.-800x600-1-768x576.jpg 768w\" sizes=\"auto, (max-width: 800px) 100vw, 800px\" \/>\t\t\t\t\t\t\t\t\t\t\t\t\t\t<\/div>\n\t\t\t\t\t\t<\/div>\n\t\t\t\t<\/div>\n\t\t\t\t\t\t<\/div>\n\t\t\t\t\t<\/div>\n\t\t<\/aside>\n\t\t\t\t<article class=\"elementor-column elementor-col-33 elementor-top-column elementor-element elementor-element-aa3524e\" data-id=\"aa3524e\" data-element_type=\"column\">\n\t\t\t<div class=\"elementor-column-wrap elementor-element-populated\">\n\t\t\t\t\t\t\t<div class=\"elementor-widget-wrap\">\n\t\t\t\t\t\t<div class=\"elementor-element elementor-element-84368b0 subpage elementor-widget elementor-widget-text-editor\" data-id=\"84368b0\" data-element_type=\"widget\" data-widget_type=\"text-editor.default\">\n\t\t\t\t<div class=\"elementor-widget-container\">\n\t\t\t\t\t\t\t\t<div class=\"elementor-text-editor elementor-clearfix\">\n\t\t\t\t<h3><strong>Gut festhalten. Gut loslassen.<\/strong><\/h3>\t\t\t\t\t<\/div>\n\t\t\t\t\t\t<\/div>\n\t\t\t\t<\/div>\n\t\t\t\t<div class=\"elementor-element elementor-element-7f59b48 subpage elementor-widget elementor-widget-text-editor\" data-id=\"7f59b48\" data-element_type=\"widget\" data-widget_type=\"text-editor.default\">\n\t\t\t\t<div class=\"elementor-widget-container\">\n\t\t\t\t\t\t\t\t<div class=\"elementor-text-editor elementor-clearfix\">\n\t\t\t\t<h4>Faszination Macht<\/h4>\t\t\t\t\t<\/div>\n\t\t\t\t\t\t<\/div>\n\t\t\t\t<\/div>\n\t\t\t\t<div class=\"elementor-element elementor-element-eddc7f8 elementor-widget elementor-widget-text-editor\" data-id=\"eddc7f8\" data-element_type=\"widget\" data-widget_type=\"text-editor.default\">\n\t\t\t\t<div class=\"elementor-widget-container\">\n\t\t\t\t\t\t\t\t<div class=\"elementor-text-editor elementor-clearfix\">\n\t\t\t\t<p><a href=\"https:\/\/www.kommunikationsraum.at\/real-world\/team\/\" target=\"_blank\" rel=\"noreferrer noopener\">Bettina Pepek<\/a><\/p>\t\t\t\t\t<\/div>\n\t\t\t\t\t\t<\/div>\n\t\t\t\t<\/div>\n\t\t\t\t<div class=\"elementor-element elementor-element-e9d1aaa elementor-widget elementor-widget-text-editor\" data-id=\"e9d1aaa\" data-element_type=\"widget\" data-widget_type=\"text-editor.default\">\n\t\t\t\t<div class=\"elementor-widget-container\">\n\t\t\t\t\t\t\t\t<div class=\"elementor-text-editor elementor-clearfix\">\n\t\t\t\t<p><strong>Auf die Pl\u00e4tze. Fertig. Los! Der Startschuss. Der Sprung. Die ersten Tempi. Du nimmst Fahrt auf. Eine Wende. Du findest dein Tempo. Hast die Konkurrent*innen hinter Dir gelassen. Siehst das Ziel vor Dir. Anschlag und Bestzeit.<\/strong><\/p><p>\u00a0<\/p><p>Im Alter zwischen sechs bis dreizehn Jahre war ich Wettkampfschwimmerin, beheimatet im Wiener Schwimmclub Diana, sp\u00e4ter auch Teil des \u00d6sterreichischen Nationalteams. T\u00e4gliches Training, die Ferien im Sportlager, am Wochenende Wettkampf. Das gibt einen starken Fokus auf Leistung.<\/p>\t\t\t\t\t<\/div>\n\t\t\t\t\t\t<\/div>\n\t\t\t\t<\/div>\n\t\t\t\t<div class=\"elementor-element elementor-element-a690e01 elementor-widget elementor-widget-text-editor\" data-id=\"a690e01\" data-element_type=\"widget\" data-widget_type=\"text-editor.default\">\n\t\t\t\t<div class=\"elementor-widget-container\">\n\t\t\t\t\t\t\t\t<div class=\"elementor-text-editor elementor-clearfix\">\n\t\t\t\t<p>Auch im Beruf, in meiner Karriere ging und geht es viel um Leistung. Der Wille zur Leistung ist wichtig. Allerdings geht\u2019s nicht immer ums gewinnen. Es geht auch nicht darum andere hinter sich zu lassen. Es geht vielmehr darum, mit zus\u00e4tzlichen F\u00e4higkeiten Ziele zu erreichen, die eigenen Potentiale zu entfalten und mit Widerst\u00e4nden umzugehen. Wissenschaftler*innen nennen es die sogenannten \u201eMacht-Qualit\u00e4ten\u201c. Endlich: Macht als Quelle des Gestaltens. Der wei\u00dfe Elefant im F\u00fchrungsraum bekommt Kontur.<\/p><p><a href=\"#_ftnref1\" name=\"_ftn1\"><\/a><\/p>\t\t\t\t\t<\/div>\n\t\t\t\t\t\t<\/div>\n\t\t\t\t<\/div>\n\t\t\t\t<div class=\"elementor-element elementor-element-913adb8 elementor-widget elementor-widget-text-editor\" data-id=\"913adb8\" data-element_type=\"widget\" data-widget_type=\"text-editor.default\">\n\t\t\t\t<div class=\"elementor-widget-container\">\n\t\t\t\t\t\t\t\t<div class=\"elementor-text-editor elementor-clearfix\">\n\t\t\t\t<p><strong>Macht gut festhalten.<\/strong><\/p>\t\t\t\t\t<\/div>\n\t\t\t\t\t\t<\/div>\n\t\t\t\t<\/div>\n\t\t\t\t<div class=\"elementor-element elementor-element-6f9b9de elementor-widget elementor-widget-text-editor\" data-id=\"6f9b9de\" data-element_type=\"widget\" data-widget_type=\"text-editor.default\">\n\t\t\t\t<div class=\"elementor-widget-container\">\n\t\t\t\t\t\t\t\t<div class=\"elementor-text-editor elementor-clearfix\">\n\t\t\t\t<p>Macht ist zu Unrecht ein blinder Fleck in Karriereplanungen. Meist ist sie negativ konnotiert und wird oft \u2013 Achtung Mythos \u2013 ausschlie\u00dflich M\u00e4nnern zugeschrieben. Ein Mythos ist auch, dass nur einzelne Menschen Macht haben, andere nicht.<\/p><p>M\u00e4chtig zu sein bedeutet, etwas gestalten, beeinflussen und ver\u00e4ndern zu k\u00f6nnen, aber auch selbstverantwortlich und autonom durchs Leben zu gehen. Es lohnt sich daher aktiv Machtkompetenzen aufzubauen, sie anzuwenden und als F\u00e4higkeit einzusetzen.<\/p>\t\t\t\t\t<\/div>\n\t\t\t\t\t\t<\/div>\n\t\t\t\t<\/div>\n\t\t\t\t<div class=\"elementor-element elementor-element-b3fd92d elementor-widget elementor-widget-text-editor\" data-id=\"b3fd92d\" data-element_type=\"widget\" data-widget_type=\"text-editor.default\">\n\t\t\t\t<div class=\"elementor-widget-container\">\n\t\t\t\t\t\t\t\t<div class=\"elementor-text-editor elementor-clearfix\">\n\t\t\t\t<p><em>\u201eMacht ist, wo Menschen gemeinsam wirken.\u201c<\/em><\/p>\t\t\t\t\t<\/div>\n\t\t\t\t\t\t<\/div>\n\t\t\t\t<\/div>\n\t\t\t\t<div class=\"elementor-element elementor-element-d733a51 elementor-widget elementor-widget-text-editor\" data-id=\"d733a51\" data-element_type=\"widget\" data-widget_type=\"text-editor.default\">\n\t\t\t\t<div class=\"elementor-widget-container\">\n\t\t\t\t\t\t\t\t<div class=\"elementor-text-editor elementor-clearfix\">\n\t\t\t\t<p>Hannah Arendt hat vor \u00fcber einem halben Jahrhundert diese Definition von Macht publiziert. \u00dcbersetzt in den organisationalen Kontext hei\u00dft es, so zu f\u00fchren, dass Beteiligung m\u00f6glich wird, dass zur Vernetzung beigetragen wird. Andere mitzunehmen, sie zu \u201eempowern\u201c, sie zum (eigenverantwortlichen) Handeln zu erm\u00e4chtigen. Macht als eine gemeinsam entwickelte F\u00e4higkeit. Wow! Ein Merksatz f\u00fcr alle F\u00fchrungskr\u00e4fte. Auch und vor allem jene in der Politik.<\/p>\t\t\t\t\t<\/div>\n\t\t\t\t\t\t<\/div>\n\t\t\t\t<\/div>\n\t\t\t\t<div class=\"elementor-element elementor-element-fd2dcd9 elementor-widget elementor-widget-text-editor\" data-id=\"fd2dcd9\" data-element_type=\"widget\" data-widget_type=\"text-editor.default\">\n\t\t\t\t<div class=\"elementor-widget-container\">\n\t\t\t\t\t\t\t\t<div class=\"elementor-text-editor elementor-clearfix\">\n\t\t\t\t<p>Denn: Wir erleben gerade eine Zeitenwende!<\/p><p>Noch ist das etablierte System der Macht intakt: Klassische Vernetzungsfaktoren existieren weiterhin, erleben allerdings eine substanzielle Ver\u00e4nderung. <br \/>Neue Machtmechanismen beginnen sich Raum zu schaffen und zus\u00e4tzlich findet auf allen Ebenen ein Generationenwechsel statt. Vernetzte Ideen und Bewegungen ver\u00e4ndern die alten Machtstrukturen. Das ist Herausforderung und Chance zugleich!<\/p>\t\t\t\t\t<\/div>\n\t\t\t\t\t\t<\/div>\n\t\t\t\t<\/div>\n\t\t\t\t<div class=\"elementor-element elementor-element-bd1c9fe elementor-widget elementor-widget-image\" data-id=\"bd1c9fe\" data-element_type=\"widget\" data-widget_type=\"image.default\">\n\t\t\t\t<div class=\"elementor-widget-container\">\n\t\t\t\t\t\t\t\t<div class=\"elementor-image\">\n\t\t\t\t\t\t\t\t\t\t\t\t<img loading=\"lazy\" decoding=\"async\" width=\"768\" height=\"401\" src=\"https:\/\/www.kommunikationsraum.at\/wp-content\/uploads\/2023\/03\/Old-Power-New-Power-1-768x401.png\" class=\"attachment-medium_large size-medium_large wp-image-8879\" alt=\"\" srcset=\"https:\/\/www.kommunikationsraum.at\/wp-content\/uploads\/2023\/03\/Old-Power-New-Power-1-768x401.png 768w, https:\/\/www.kommunikationsraum.at\/wp-content\/uploads\/2023\/03\/Old-Power-New-Power-1-300x157.png 300w, https:\/\/www.kommunikationsraum.at\/wp-content\/uploads\/2023\/03\/Old-Power-New-Power-1-1024x534.png 1024w, https:\/\/www.kommunikationsraum.at\/wp-content\/uploads\/2023\/03\/Old-Power-New-Power-1.png 1050w\" sizes=\"auto, (max-width: 768px) 100vw, 768px\" \/>\t\t\t\t\t\t\t\t\t\t\t\t\t\t<\/div>\n\t\t\t\t\t\t<\/div>\n\t\t\t\t<\/div>\n\t\t\t\t<div class=\"elementor-element elementor-element-a4bc8dc elementor-widget elementor-widget-text-editor\" data-id=\"a4bc8dc\" data-element_type=\"widget\" data-widget_type=\"text-editor.default\">\n\t\t\t\t<div class=\"elementor-widget-container\">\n\t\t\t\t\t\t\t\t<div class=\"elementor-text-editor elementor-clearfix\">\n\t\t\t\t<p>Quelle: kommunikationsraum nach NEW POWER, Heimann\/Timms, 2022<\/p>\t\t\t\t\t<\/div>\n\t\t\t\t\t\t<\/div>\n\t\t\t\t<\/div>\n\t\t\t\t<div class=\"elementor-element elementor-element-bcff8f8 elementor-widget elementor-widget-text-editor\" data-id=\"bcff8f8\" data-element_type=\"widget\" data-widget_type=\"text-editor.default\">\n\t\t\t\t<div class=\"elementor-widget-container\">\n\t\t\t\t\t\t\t\t<div class=\"elementor-text-editor elementor-clearfix\">\n\t\t\t\t<p><strong>Macht gut loslassen.<\/strong><\/p>\t\t\t\t\t<\/div>\n\t\t\t\t\t\t<\/div>\n\t\t\t\t<\/div>\n\t\t\t\t<div class=\"elementor-element elementor-element-8551acb elementor-widget elementor-widget-text-editor\" data-id=\"8551acb\" data-element_type=\"widget\" data-widget_type=\"text-editor.default\">\n\t\t\t\t<div class=\"elementor-widget-container\">\n\t\t\t\t\t\t\t\t<div class=\"elementor-text-editor elementor-clearfix\">\n\t\t\t\t<p><strong>Alte Macht funktioniert wie eine W\u00e4hrung: Nur wenige haben sie. Wer sie hat, h\u00fctet sie eifers\u00fcchtig. Die M\u00e4chtigen verf\u00fcgen \u00fcber eine betr\u00e4chtliche Menge, die sie nutzen k\u00f6nnen. Die alte Macht ist abgeschottet, unzug\u00e4nglich und wird von oben kontrolliert. Sie erlaubt nur den Verbrauch.<\/strong><\/p>\t\t\t\t\t<\/div>\n\t\t\t\t\t\t<\/div>\n\t\t\t\t<\/div>\n\t\t\t\t<div class=\"elementor-element elementor-element-5ee174a elementor-widget elementor-widget-text-editor\" data-id=\"5ee174a\" data-element_type=\"widget\" data-widget_type=\"text-editor.default\">\n\t\t\t\t<div class=\"elementor-widget-container\">\n\t\t\t\t\t\t\t\t<div class=\"elementor-text-editor elementor-clearfix\">\n\t\t\t\t<p>Die neue Macht funktioniert \u00fcber Instrumente der Partizipation und erzeugt so ein verst\u00e4rktes Gef\u00fchl der Handlungsf\u00e4higkeit: Ideen werden geteilt, Inhalte kreiert, Gemeinschaft aufgebaut. Kurz: <strong>Neue Macht funktioniert anders: wie die Str\u00f6mung eines Flusses: Sie wird von vielen geschaffen. Sie ist offen, bietet M\u00f6glichkeiten der Beteiligung. Sie lebt von den Beitr\u00e4gen vieler und ist verteilt. Wie Wasser ist sie am st\u00e4rksten, wenn sie anschwillt. Das Ziel der neuen Macht ist nicht, sie zu horten, sondern sie zu kanalisieren.<\/strong><\/p>\t\t\t\t\t<\/div>\n\t\t\t\t\t\t<\/div>\n\t\t\t\t<\/div>\n\t\t\t\t<div class=\"elementor-element elementor-element-4ff9673 elementor-widget elementor-widget-text-editor\" data-id=\"4ff9673\" data-element_type=\"widget\" data-widget_type=\"text-editor.default\">\n\t\t\t\t<div class=\"elementor-widget-container\">\n\t\t\t\t\t\t\t\t<div class=\"elementor-text-editor elementor-clearfix\">\n\t\t\t\t<p><strong>Wirksame <a href=\"https:\/\/www.kommunikationsraum.at\/new-world\/sense-making\/\" target=\"_blank\" rel=\"noopener\">Kommunikationsgestaltung<\/a> ist daf\u00fcr eine Voraussetzung!<\/strong><\/p>\t\t\t\t\t<\/div>\n\t\t\t\t\t\t<\/div>\n\t\t\t\t<\/div>\n\t\t\t\t<div class=\"elementor-element elementor-element-ab72b5a elementor-widget elementor-widget-text-editor\" data-id=\"ab72b5a\" data-element_type=\"widget\" data-widget_type=\"text-editor.default\">\n\t\t\t\t<div class=\"elementor-widget-container\">\n\t\t\t\t\t\t\t\t<div class=\"elementor-text-editor elementor-clearfix\">\n\t\t\t\t<p><strong>Gewinnen ist toll! Allerdings w\u00e4chst \u201cda oben am Stockerl\u201d auch der Druck, diese Erfolge zu wiederholen, sie zu \u00fcbertreffen. Schneller weiter h\u00f6her geht \u2013 mit der Macht zum WIR.<\/strong><\/p>\t\t\t\t\t<\/div>\n\t\t\t\t\t\t<\/div>\n\t\t\t\t<\/div>\n\t\t\t\t<div class=\"elementor-element elementor-element-291b4d8 elementor-widget elementor-widget-text-editor\" data-id=\"291b4d8\" data-element_type=\"widget\" data-widget_type=\"text-editor.default\">\n\t\t\t\t<div class=\"elementor-widget-container\">\n\t\t\t\t\t\t\t\t<div class=\"elementor-text-editor elementor-clearfix\">\n\t\t\t\t<p>W\u00e4rmstens empfohlene Autorinnen:<\/p><p><strong>Hannah Arendt<\/strong><\/p><p><strong>Christine Bauer-Jelinek<\/strong><\/p><p><strong>Mary Beard<\/strong><\/p><p><strong>Rebecca Reinhart<\/strong><\/p>\t\t\t\t\t<\/div>\n\t\t\t\t\t\t<\/div>\n\t\t\t\t<\/div>\n\t\t\t\t<div class=\"elementor-element elementor-element-d4efa0d elementor-widget elementor-widget-text-editor\" data-id=\"d4efa0d\" data-element_type=\"widget\" data-widget_type=\"text-editor.default\">\n\t\t\t\t<div class=\"elementor-widget-container\">\n\t\t\t\t\t\t\t\t<div class=\"elementor-text-editor elementor-clearfix\">\n\t\t\t\t<p>Buchtipps:<\/p><p><strong>Jeffrey Pfeffer<\/strong>, POWER \u2013 Why some people have it \u2013 and others don\u2018t<\/p><p><strong>Deborah Gruenfeld<\/strong>, Book (2020) Acting with POWER \u2013 Why we are more powerful than we believe<\/p><p><strong>Robert B. Cialdini<\/strong> (2001) \u2013 Influence \u2013 The Psychologie of Persuasion<\/p><p><strong>Harald Katzmair, Harald Mahrer<\/strong> \u2013 Die Formel der Macht<\/p>\t\t\t\t\t<\/div>\n\t\t\t\t\t\t<\/div>\n\t\t\t\t<\/div>\n\t\t\t\t<div class=\"elementor-element elementor-element-b4e3813 elementor-widget elementor-widget-text-editor\" data-id=\"b4e3813\" data-element_type=\"widget\" data-widget_type=\"text-editor.default\">\n\t\t\t\t<div class=\"elementor-widget-container\">\n\t\t\t\t\t\t\t\t<div class=\"elementor-text-editor elementor-clearfix\">\n\t\t\t\t<p>Bettina Pepek | kommunikationsraum | M\u00e4rz 2023<\/p>\t\t\t\t\t<\/div>\n\t\t\t\t\t\t<\/div>\n\t\t\t\t<\/div>\n\t\t\t\t\t\t<\/div>\n\t\t\t\t\t<\/div>\n\t\t<\/article>\n\t\t\t\t<aside class=\"elementor-column elementor-col-33 elementor-top-column elementor-element elementor-element-726fae6\" data-id=\"726fae6\" data-element_type=\"column\">\n\t\t\t<div class=\"elementor-column-wrap elementor-element-populated\">\n\t\t\t\t\t\t\t<div class=\"elementor-widget-wrap\">\n\t\t\t\t\t\t<div class=\"elementor-element elementor-element-8b2aefd elementor-hidden-phone elementor-widget elementor-widget-image\" data-id=\"8b2aefd\" data-element_type=\"widget\" data-widget_type=\"image.default\">\n\t\t\t\t<div class=\"elementor-widget-container\">\n\t\t\t\t\t\t\t\t<div class=\"elementor-image\">\n\t\t\t\t\t\t\t\t\t\t\t\t\t<a href=\"https:\/\/www.kommunikationsraum.at\/blog\/\">\n\t\t\t\t\t\t\t<img loading=\"lazy\" decoding=\"async\" width=\"800\" height=\"600\" src=\"https:\/\/www.kommunikationsraum.at\/wp-content\/uploads\/2021\/03\/journal-800x600-1.png\" class=\"attachment-full size-full wp-image-2843\" alt=\"\" srcset=\"https:\/\/www.kommunikationsraum.at\/wp-content\/uploads\/2021\/03\/journal-800x600-1.png 800w, https:\/\/www.kommunikationsraum.at\/wp-content\/uploads\/2021\/03\/journal-800x600-1-300x225.png 300w, https:\/\/www.kommunikationsraum.at\/wp-content\/uploads\/2021\/03\/journal-800x600-1-768x576.png 768w\" sizes=\"auto, (max-width: 800px) 100vw, 800px\" \/>\t\t\t\t\t\t\t\t<\/a>\n\t\t\t\t\t\t\t\t\t\t\t\t\t\t<\/div>\n\t\t\t\t\t\t<\/div>\n\t\t\t\t<\/div>\n\t\t\t\t<div class=\"elementor-element elementor-element-44bd265 elementor-hidden-phone elementor-widget elementor-widget-spacer\" data-id=\"44bd265\" data-element_type=\"widget\" data-widget_type=\"spacer.default\">\n\t\t\t\t<div class=\"elementor-widget-container\">\n\t\t\t\t\t<div class=\"elementor-spacer\">\n\t\t\t<div class=\"elementor-spacer-inner\"><\/div>\n\t\t<\/div>\n\t\t\t\t<\/div>\n\t\t\t\t<\/div>\n\t\t\t\t<div class=\"elementor-element elementor-element-55ab200 elementor-widget elementor-widget-text-editor\" data-id=\"55ab200\" data-element_type=\"widget\" data-widget_type=\"text-editor.default\">\n\t\t\t\t<div class=\"elementor-widget-container\">\n\t\t\t\t\t\t\t\t<div class=\"elementor-text-editor elementor-clearfix\">\n\t\t\t\t<p><strong>Weiterf\u00fchrende Links:<\/strong><\/p>\t\t\t\t\t<\/div>\n\t\t\t\t\t\t<\/div>\n\t\t\t\t<\/div>\n\t\t\t\t<div class=\"elementor-element elementor-element-ee6c899 elementor-widget elementor-widget-text-editor\" data-id=\"ee6c899\" data-element_type=\"widget\" data-widget_type=\"text-editor.default\">\n\t\t\t\t<div class=\"elementor-widget-container\">\n\t\t\t\t\t\t\t\t<div class=\"elementor-text-editor elementor-clearfix\">\n\t\t\t\t<p><span style=\"color: var( --e-global-color-text ); font-size: var( --e-global-typography-text-font-size ); font-weight: var( --e-global-typography-text-font-weight );\">JOURNALBEITRAG<\/span><\/p><p><a href=\"https:\/\/www.kommunikationsraum.at\/blog\/2021\/09\/die-sache-mit-den-superhuehnern\/\" target=\"_blank\" rel=\"noopener\">Die Sache mit den Superh\u00fchnern<\/a><\/p>\t\t\t\t\t<\/div>\n\t\t\t\t\t\t<\/div>\n\t\t\t\t<\/div>\n\t\t\t\t<div class=\"elementor-element elementor-element-1165df4 elementor-widget elementor-widget-text-editor\" data-id=\"1165df4\" data-element_type=\"widget\" data-widget_type=\"text-editor.default\">\n\t\t\t\t<div class=\"elementor-widget-container\">\n\t\t\t\t\t\t\t\t<div class=\"elementor-text-editor elementor-clearfix\">\n\t\t\t\t<p><span style=\"color: var( --e-global-color-text ); font-size: var( --e-global-typography-text-font-size ); font-weight: var( --e-global-typography-text-font-weight );\">JOURNALBEITRAG<\/span><\/p><p><a href=\"https:\/\/www.kommunikationsraum.at\/blog\/2021\/10\/erfolgreiche-teams-sind-keine-wissenschaft\/\" target=\"_blank\" rel=\"noopener\">Erfolgreiche Teams sind (k)eine Wissenschaft.<\/a><\/p>\t\t\t\t\t<\/div>\n\t\t\t\t\t\t<\/div>\n\t\t\t\t<\/div>\n\t\t\t\t<div class=\"elementor-element elementor-element-7894e5b elementor-widget elementor-widget-text-editor\" data-id=\"7894e5b\" data-element_type=\"widget\" data-widget_type=\"text-editor.default\">\n\t\t\t\t<div class=\"elementor-widget-container\">\n\t\t\t\t\t\t\t\t<div class=\"elementor-text-editor elementor-clearfix\">\n\t\t\t\t<p>JOURNALBEITRAG<\/p><p><a href=\"https:\/\/www.kommunikationsraum.at\/blog\/2021\/10\/kriseln-sie-noch-oder-veraendern-sie-schon\/\" target=\"_blank\" rel=\"noopener\">Kriseln Sie noch oder ver\u00e4ndern Sie schon?<\/a><\/p>\t\t\t\t\t<\/div>\n\t\t\t\t\t\t<\/div>\n\t\t\t\t<\/div>\n\t\t\t\t\t\t<\/div>\n\t\t\t\t\t<\/div>\n\t\t<\/aside>\n\t\t\t\t\t\t\t\t<\/div>\n\t\t\t\t\t<\/div>\n\t\t<\/section>\n\t\t\t\t\t\t\t\t\t<\/div>\n\t\t\t<\/div>\n\t\t\t\t\t<\/div>\n\t\t","protected":false},"excerpt":{"rendered":"<p>Faszination Macht. Auf die Pl\u00e4tze. Fertig. Los! Der Startschuss. Der Sprung. Die ersten Tempi. Du nimmst Fahrt auf. Eine Wende. Du findest dein Tempo. Hast die Konkurrent*innen hinter Dir gelassen. Siehst das Ziel vor Dir. Anschlag und Bestzeit. Im Alter zwischen sechs bis dreizehn Jahre war ich Wettkampfschwimmerin, beheimatet im Wiener Schwimmclub Diana, sp\u00e4ter auch Teil des \u00d6sterreichischen Nationalteams. T\u00e4gliches Training, die Ferien im Sportlager, am Wochenende Wettkampf. <\/p>\n","protected":false},"author":2,"featured_media":8817,"comment_status":"open","ping_status":"open","sticky":false,"template":"elementor_header_footer","format":"standard","meta":{"footnotes":""},"categories":[1],"tags":[],"class_list":["post-8816","post","type-post","status-publish","format-standard","has-post-thumbnail","hentry","category-allgemein"],"yoast_head":"<!-- This site is optimized with the Yoast SEO plugin v27.2 - https:\/\/yoast.com\/product\/yoast-seo-wordpress\/ -->\n<title>Gut festhalten. Gut loslassen. - Kommunikationsraum<\/title>\n<meta name=\"robots\" content=\"index, follow, max-snippet:-1, max-image-preview:large, max-video-preview:-1\" \/>\n<link rel=\"canonical\" href=\"https:\/\/www.kommunikationsraum.at\/en\/blog\/2023\/03\/gut-festhalten-gut-loslassen\/\" \/>\n<meta property=\"og:locale\" content=\"en_US\" \/>\n<meta property=\"og:type\" content=\"article\" \/>\n<meta property=\"og:title\" content=\"Gut festhalten. Gut loslassen. - Kommunikationsraum\" \/>\n<meta property=\"og:description\" content=\"Faszination Macht. Auf die Pl\u00e4tze. Fertig. Los! Der Startschuss. Der Sprung. Die ersten Tempi. Du nimmst Fahrt auf. Eine Wende. Du findest dein Tempo. Hast die Konkurrent*innen hinter Dir gelassen. Siehst das Ziel vor Dir. Anschlag und Bestzeit. Im Alter zwischen sechs bis dreizehn Jahre war ich Wettkampfschwimmerin, beheimatet im Wiener Schwimmclub Diana, sp\u00e4ter auch Teil des \u00d6sterreichischen Nationalteams. T\u00e4gliches Training, die Ferien im Sportlager, am Wochenende Wettkampf.\" \/>\n<meta property=\"og:url\" content=\"https:\/\/www.kommunikationsraum.at\/en\/blog\/2023\/03\/gut-festhalten-gut-loslassen\/\" \/>\n<meta property=\"og:site_name\" content=\"Kommunikationsraum\" \/>\n<meta property=\"article:publisher\" content=\"https:\/\/www.facebook.com\/kommunikationsraumwien\/\" \/>\n<meta property=\"article:published_time\" content=\"2023-03-30T21:05:34+00:00\" \/>\n<meta property=\"article:modified_time\" content=\"2023-03-31T12:57:45+00:00\" \/>\n<meta property=\"og:image\" content=\"https:\/\/www.kommunikationsraum.at\/wp-content\/uploads\/2023\/03\/2023_03_Gut-festhalten.-Gut-loslassen.-800x450-1.jpg\" \/>\n\t<meta property=\"og:image:width\" content=\"800\" \/>\n\t<meta property=\"og:image:height\" content=\"450\" \/>\n\t<meta property=\"og:image:type\" content=\"image\/jpeg\" \/>\n<meta name=\"author\" content=\"Sabine Traxler\" \/>\n<meta name=\"twitter:card\" content=\"summary_large_image\" \/>\n<meta name=\"twitter:creator\" content=\"@kr_hinterland\" \/>\n<meta name=\"twitter:site\" content=\"@kr_hinterland\" \/>\n<script type=\"application\/ld+json\" class=\"yoast-schema-graph\">{\"@context\":\"https:\/\/schema.org\",\"@graph\":[{\"@type\":\"Article\",\"@id\":\"https:\/\/www.kommunikationsraum.at\/en\/blog\/2023\/03\/gut-festhalten-gut-loslassen\/#article\",\"isPartOf\":{\"@id\":\"https:\/\/www.kommunikationsraum.at\/en\/blog\/2023\/03\/gut-festhalten-gut-loslassen\/\"},\"author\":{\"name\":\"Sabine Traxler\",\"@id\":\"https:\/\/www.kommunikationsraum.at\/en\/#\/schema\/person\/040edcad1adf04fa994f04d86ea2aaaf\"},\"headline\":\"Gut festhalten. Gut loslassen.\",\"datePublished\":\"2023-03-30T21:05:34+00:00\",\"dateModified\":\"2023-03-31T12:57:45+00:00\",\"mainEntityOfPage\":{\"@id\":\"https:\/\/www.kommunikationsraum.at\/en\/blog\/2023\/03\/gut-festhalten-gut-loslassen\/\"},\"wordCount\":647,\"commentCount\":0,\"image\":{\"@id\":\"https:\/\/www.kommunikationsraum.at\/en\/blog\/2023\/03\/gut-festhalten-gut-loslassen\/#primaryimage\"},\"thumbnailUrl\":\"https:\/\/www.kommunikationsraum.at\/wp-content\/uploads\/2023\/03\/2023_03_Gut-festhalten.-Gut-loslassen.-800x450-1.jpg\",\"articleSection\":[\"Allgemein\"],\"inLanguage\":\"en-US\",\"potentialAction\":[{\"@type\":\"CommentAction\",\"name\":\"Comment\",\"target\":[\"https:\/\/www.kommunikationsraum.at\/en\/blog\/2023\/03\/gut-festhalten-gut-loslassen\/#respond\"]}]},{\"@type\":\"WebPage\",\"@id\":\"https:\/\/www.kommunikationsraum.at\/en\/blog\/2023\/03\/gut-festhalten-gut-loslassen\/\",\"url\":\"https:\/\/www.kommunikationsraum.at\/en\/blog\/2023\/03\/gut-festhalten-gut-loslassen\/\",\"name\":\"Gut festhalten. Gut loslassen. - Kommunikationsraum\",\"isPartOf\":{\"@id\":\"https:\/\/www.kommunikationsraum.at\/en\/#website\"},\"primaryImageOfPage\":{\"@id\":\"https:\/\/www.kommunikationsraum.at\/en\/blog\/2023\/03\/gut-festhalten-gut-loslassen\/#primaryimage\"},\"image\":{\"@id\":\"https:\/\/www.kommunikationsraum.at\/en\/blog\/2023\/03\/gut-festhalten-gut-loslassen\/#primaryimage\"},\"thumbnailUrl\":\"https:\/\/www.kommunikationsraum.at\/wp-content\/uploads\/2023\/03\/2023_03_Gut-festhalten.-Gut-loslassen.-800x450-1.jpg\",\"datePublished\":\"2023-03-30T21:05:34+00:00\",\"dateModified\":\"2023-03-31T12:57:45+00:00\",\"author\":{\"@id\":\"https:\/\/www.kommunikationsraum.at\/en\/#\/schema\/person\/040edcad1adf04fa994f04d86ea2aaaf\"},\"breadcrumb\":{\"@id\":\"https:\/\/www.kommunikationsraum.at\/en\/blog\/2023\/03\/gut-festhalten-gut-loslassen\/#breadcrumb\"},\"inLanguage\":\"en-US\",\"potentialAction\":[{\"@type\":\"ReadAction\",\"target\":[\"https:\/\/www.kommunikationsraum.at\/en\/blog\/2023\/03\/gut-festhalten-gut-loslassen\/\"]}]},{\"@type\":\"ImageObject\",\"inLanguage\":\"en-US\",\"@id\":\"https:\/\/www.kommunikationsraum.at\/en\/blog\/2023\/03\/gut-festhalten-gut-loslassen\/#primaryimage\",\"url\":\"https:\/\/www.kommunikationsraum.at\/wp-content\/uploads\/2023\/03\/2023_03_Gut-festhalten.-Gut-loslassen.-800x450-1.jpg\",\"contentUrl\":\"https:\/\/www.kommunikationsraum.at\/wp-content\/uploads\/2023\/03\/2023_03_Gut-festhalten.-Gut-loslassen.-800x450-1.jpg\",\"width\":800,\"height\":450},{\"@type\":\"BreadcrumbList\",\"@id\":\"https:\/\/www.kommunikationsraum.at\/en\/blog\/2023\/03\/gut-festhalten-gut-loslassen\/#breadcrumb\",\"itemListElement\":[{\"@type\":\"ListItem\",\"position\":1,\"name\":\"Start\",\"item\":\"https:\/\/www.kommunikationsraum.at\/en\/\"},{\"@type\":\"ListItem\",\"position\":2,\"name\":\"Gut festhalten. Gut loslassen.\"}]},{\"@type\":\"WebSite\",\"@id\":\"https:\/\/www.kommunikationsraum.at\/en\/#website\",\"url\":\"https:\/\/www.kommunikationsraum.at\/en\/\",\"name\":\"Kommunikationsraum\",\"description\":\"Kommunikation neu denken\",\"potentialAction\":[{\"@type\":\"SearchAction\",\"target\":{\"@type\":\"EntryPoint\",\"urlTemplate\":\"https:\/\/www.kommunikationsraum.at\/en\/?s={search_term_string}\"},\"query-input\":{\"@type\":\"PropertyValueSpecification\",\"valueRequired\":true,\"valueName\":\"search_term_string\"}}],\"inLanguage\":\"en-US\"},{\"@type\":\"Person\",\"@id\":\"https:\/\/www.kommunikationsraum.at\/en\/#\/schema\/person\/040edcad1adf04fa994f04d86ea2aaaf\",\"name\":\"Sabine Traxler\",\"url\":\"https:\/\/www.kommunikationsraum.at\/en\/blog\/author\/straxler\/\"}]}<\/script>\n<!-- \/ Yoast SEO plugin. -->","yoast_head_json":{"title":"Gut festhalten. Gut loslassen. - Kommunikationsraum","robots":{"index":"index","follow":"follow","max-snippet":"max-snippet:-1","max-image-preview":"max-image-preview:large","max-video-preview":"max-video-preview:-1"},"canonical":"https:\/\/www.kommunikationsraum.at\/en\/blog\/2023\/03\/gut-festhalten-gut-loslassen\/","og_locale":"en_US","og_type":"article","og_title":"Gut festhalten. Gut loslassen. - Kommunikationsraum","og_description":"Faszination Macht. Auf die Pl\u00e4tze. Fertig. Los! Der Startschuss. Der Sprung. Die ersten Tempi. Du nimmst Fahrt auf. Eine Wende. Du findest dein Tempo. Hast die Konkurrent*innen hinter Dir gelassen. Siehst das Ziel vor Dir. Anschlag und Bestzeit. Im Alter zwischen sechs bis dreizehn Jahre war ich Wettkampfschwimmerin, beheimatet im Wiener Schwimmclub Diana, sp\u00e4ter auch Teil des \u00d6sterreichischen Nationalteams. T\u00e4gliches Training, die Ferien im Sportlager, am Wochenende Wettkampf.","og_url":"https:\/\/www.kommunikationsraum.at\/en\/blog\/2023\/03\/gut-festhalten-gut-loslassen\/","og_site_name":"Kommunikationsraum","article_publisher":"https:\/\/www.facebook.com\/kommunikationsraumwien\/","article_published_time":"2023-03-30T21:05:34+00:00","article_modified_time":"2023-03-31T12:57:45+00:00","og_image":[{"width":800,"height":450,"url":"https:\/\/www.kommunikationsraum.at\/wp-content\/uploads\/2023\/03\/2023_03_Gut-festhalten.-Gut-loslassen.-800x450-1.jpg","type":"image\/jpeg"}],"author":"Sabine Traxler","twitter_card":"summary_large_image","twitter_creator":"@kr_hinterland","twitter_site":"@kr_hinterland","schema":{"@context":"https:\/\/schema.org","@graph":[{"@type":"Article","@id":"https:\/\/www.kommunikationsraum.at\/en\/blog\/2023\/03\/gut-festhalten-gut-loslassen\/#article","isPartOf":{"@id":"https:\/\/www.kommunikationsraum.at\/en\/blog\/2023\/03\/gut-festhalten-gut-loslassen\/"},"author":{"name":"Sabine Traxler","@id":"https:\/\/www.kommunikationsraum.at\/en\/#\/schema\/person\/040edcad1adf04fa994f04d86ea2aaaf"},"headline":"Gut festhalten. Gut loslassen.","datePublished":"2023-03-30T21:05:34+00:00","dateModified":"2023-03-31T12:57:45+00:00","mainEntityOfPage":{"@id":"https:\/\/www.kommunikationsraum.at\/en\/blog\/2023\/03\/gut-festhalten-gut-loslassen\/"},"wordCount":647,"commentCount":0,"image":{"@id":"https:\/\/www.kommunikationsraum.at\/en\/blog\/2023\/03\/gut-festhalten-gut-loslassen\/#primaryimage"},"thumbnailUrl":"https:\/\/www.kommunikationsraum.at\/wp-content\/uploads\/2023\/03\/2023_03_Gut-festhalten.-Gut-loslassen.-800x450-1.jpg","articleSection":["Allgemein"],"inLanguage":"en-US","potentialAction":[{"@type":"CommentAction","name":"Comment","target":["https:\/\/www.kommunikationsraum.at\/en\/blog\/2023\/03\/gut-festhalten-gut-loslassen\/#respond"]}]},{"@type":"WebPage","@id":"https:\/\/www.kommunikationsraum.at\/en\/blog\/2023\/03\/gut-festhalten-gut-loslassen\/","url":"https:\/\/www.kommunikationsraum.at\/en\/blog\/2023\/03\/gut-festhalten-gut-loslassen\/","name":"Gut festhalten. Gut loslassen. - Kommunikationsraum","isPartOf":{"@id":"https:\/\/www.kommunikationsraum.at\/en\/#website"},"primaryImageOfPage":{"@id":"https:\/\/www.kommunikationsraum.at\/en\/blog\/2023\/03\/gut-festhalten-gut-loslassen\/#primaryimage"},"image":{"@id":"https:\/\/www.kommunikationsraum.at\/en\/blog\/2023\/03\/gut-festhalten-gut-loslassen\/#primaryimage"},"thumbnailUrl":"https:\/\/www.kommunikationsraum.at\/wp-content\/uploads\/2023\/03\/2023_03_Gut-festhalten.-Gut-loslassen.-800x450-1.jpg","datePublished":"2023-03-30T21:05:34+00:00","dateModified":"2023-03-31T12:57:45+00:00","author":{"@id":"https:\/\/www.kommunikationsraum.at\/en\/#\/schema\/person\/040edcad1adf04fa994f04d86ea2aaaf"},"breadcrumb":{"@id":"https:\/\/www.kommunikationsraum.at\/en\/blog\/2023\/03\/gut-festhalten-gut-loslassen\/#breadcrumb"},"inLanguage":"en-US","potentialAction":[{"@type":"ReadAction","target":["https:\/\/www.kommunikationsraum.at\/en\/blog\/2023\/03\/gut-festhalten-gut-loslassen\/"]}]},{"@type":"ImageObject","inLanguage":"en-US","@id":"https:\/\/www.kommunikationsraum.at\/en\/blog\/2023\/03\/gut-festhalten-gut-loslassen\/#primaryimage","url":"https:\/\/www.kommunikationsraum.at\/wp-content\/uploads\/2023\/03\/2023_03_Gut-festhalten.-Gut-loslassen.-800x450-1.jpg","contentUrl":"https:\/\/www.kommunikationsraum.at\/wp-content\/uploads\/2023\/03\/2023_03_Gut-festhalten.-Gut-loslassen.-800x450-1.jpg","width":800,"height":450},{"@type":"BreadcrumbList","@id":"https:\/\/www.kommunikationsraum.at\/en\/blog\/2023\/03\/gut-festhalten-gut-loslassen\/#breadcrumb","itemListElement":[{"@type":"ListItem","position":1,"name":"Start","item":"https:\/\/www.kommunikationsraum.at\/en\/"},{"@type":"ListItem","position":2,"name":"Gut festhalten. Gut loslassen."}]},{"@type":"WebSite","@id":"https:\/\/www.kommunikationsraum.at\/en\/#website","url":"https:\/\/www.kommunikationsraum.at\/en\/","name":"Kommunikationsraum","description":"Kommunikation neu denken","potentialAction":[{"@type":"SearchAction","target":{"@type":"EntryPoint","urlTemplate":"https:\/\/www.kommunikationsraum.at\/en\/?s={search_term_string}"},"query-input":{"@type":"PropertyValueSpecification","valueRequired":true,"valueName":"search_term_string"}}],"inLanguage":"en-US"},{"@type":"Person","@id":"https:\/\/www.kommunikationsraum.at\/en\/#\/schema\/person\/040edcad1adf04fa994f04d86ea2aaaf","name":"Sabine Traxler","url":"https:\/\/www.kommunikationsraum.at\/en\/blog\/author\/straxler\/"}]}},"_links":{"self":[{"href":"https:\/\/www.kommunikationsraum.at\/en\/wp-json\/wp\/v2\/posts\/8816","targetHints":{"allow":["GET"]}}],"collection":[{"href":"https:\/\/www.kommunikationsraum.at\/en\/wp-json\/wp\/v2\/posts"}],"about":[{"href":"https:\/\/www.kommunikationsraum.at\/en\/wp-json\/wp\/v2\/types\/post"}],"author":[{"embeddable":true,"href":"https:\/\/www.kommunikationsraum.at\/en\/wp-json\/wp\/v2\/users\/2"}],"replies":[{"embeddable":true,"href":"https:\/\/www.kommunikationsraum.at\/en\/wp-json\/wp\/v2\/comments?post=8816"}],"version-history":[{"count":83,"href":"https:\/\/www.kommunikationsraum.at\/en\/wp-json\/wp\/v2\/posts\/8816\/revisions"}],"predecessor-version":[{"id":8911,"href":"https:\/\/www.kommunikationsraum.at\/en\/wp-json\/wp\/v2\/posts\/8816\/revisions\/8911"}],"wp:featuredmedia":[{"embeddable":true,"href":"https:\/\/www.kommunikationsraum.at\/en\/wp-json\/wp\/v2\/media\/8817"}],"wp:attachment":[{"href":"https:\/\/www.kommunikationsraum.at\/en\/wp-json\/wp\/v2\/media?parent=8816"}],"wp:term":[{"taxonomy":"category","embeddable":true,"href":"https:\/\/www.kommunikationsraum.at\/en\/wp-json\/wp\/v2\/categories?post=8816"},{"taxonomy":"post_tag","embeddable":true,"href":"https:\/\/www.kommunikationsraum.at\/en\/wp-json\/wp\/v2\/tags?post=8816"}],"curies":[{"name":"wp","href":"https:\/\/api.w.org\/{rel}","templated":true}]}}