{"id":8922,"date":"2023-05-02T20:14:00","date_gmt":"2023-05-02T18:14:00","guid":{"rendered":"https:\/\/www.kommunikationsraum.at\/?p=8922"},"modified":"2023-05-02T22:55:01","modified_gmt":"2023-05-02T20:55:01","slug":"the-kings-speech","status":"publish","type":"post","link":"https:\/\/www.kommunikationsraum.at\/en\/blog\/2023\/05\/the-kings-speech\/","title":{"rendered":"The King\u2019s speech"},"content":{"rendered":"\t\t<div data-elementor-type=\"wp-post\" data-elementor-id=\"8922\" class=\"elementor elementor-8922\">\n\t\t\t\t\t\t<div class=\"elementor-inner\">\n\t\t\t\t<div class=\"elementor-section-wrap\">\n\t\t\t\t\t\t\t\t\t<section class=\"elementor-section elementor-top-section elementor-element elementor-element-3ceae1c elementor-section-full_width elementor-section-height-default elementor-section-height-default\" data-id=\"3ceae1c\" data-element_type=\"section\">\n\t\t\t\t\t\t<div class=\"elementor-container elementor-column-gap-no\">\n\t\t\t\t\t\t\t<div class=\"elementor-row\">\n\t\t\t\t\t<aside class=\"elementor-column elementor-col-33 elementor-top-column elementor-element elementor-element-43cb067\" data-id=\"43cb067\" data-element_type=\"column\">\n\t\t\t<div class=\"elementor-column-wrap elementor-element-populated\">\n\t\t\t\t\t\t\t<div class=\"elementor-widget-wrap\">\n\t\t\t\t\t\t<div class=\"elementor-element elementor-element-72a3c21 elementor-hidden-desktop elementor-hidden-tablet elementor-widget elementor-widget-image\" data-id=\"72a3c21\" data-element_type=\"widget\" data-widget_type=\"image.default\">\n\t\t\t\t<div class=\"elementor-widget-container\">\n\t\t\t\t\t\t\t\t<div class=\"elementor-image\">\n\t\t\t\t\t\t\t\t\t\t\t\t\t<a href=\"https:\/\/www.kommunikationsraum.at\/blog\/\">\n\t\t\t\t\t\t\t<img loading=\"lazy\" decoding=\"async\" width=\"800\" height=\"600\" src=\"https:\/\/www.kommunikationsraum.at\/wp-content\/uploads\/2021\/03\/journal-800x600-1.png\" class=\"attachment-full size-full wp-image-2843\" alt=\"\" srcset=\"https:\/\/www.kommunikationsraum.at\/wp-content\/uploads\/2021\/03\/journal-800x600-1.png 800w, https:\/\/www.kommunikationsraum.at\/wp-content\/uploads\/2021\/03\/journal-800x600-1-300x225.png 300w, https:\/\/www.kommunikationsraum.at\/wp-content\/uploads\/2021\/03\/journal-800x600-1-768x576.png 768w\" sizes=\"auto, (max-width: 800px) 100vw, 800px\" \/>\t\t\t\t\t\t\t\t<\/a>\n\t\t\t\t\t\t\t\t\t\t\t\t\t\t<\/div>\n\t\t\t\t\t\t<\/div>\n\t\t\t\t<\/div>\n\t\t\t\t<div class=\"elementor-element elementor-element-acf63b3 elementor-widget elementor-widget-image\" data-id=\"acf63b3\" data-element_type=\"widget\" data-widget_type=\"image.default\">\n\t\t\t\t<div class=\"elementor-widget-container\">\n\t\t\t\t\t\t\t\t<div class=\"elementor-image\">\n\t\t\t\t\t\t\t\t\t\t\t\t<img loading=\"lazy\" decoding=\"async\" width=\"800\" height=\"600\" src=\"https:\/\/www.kommunikationsraum.at\/wp-content\/uploads\/2023\/05\/23_05_02-journal-800x600-1.jpg\" class=\"attachment-full size-full wp-image-8927\" alt=\"\" srcset=\"https:\/\/www.kommunikationsraum.at\/wp-content\/uploads\/2023\/05\/23_05_02-journal-800x600-1.jpg 800w, https:\/\/www.kommunikationsraum.at\/wp-content\/uploads\/2023\/05\/23_05_02-journal-800x600-1-300x225.jpg 300w, https:\/\/www.kommunikationsraum.at\/wp-content\/uploads\/2023\/05\/23_05_02-journal-800x600-1-768x576.jpg 768w\" sizes=\"auto, (max-width: 800px) 100vw, 800px\" \/>\t\t\t\t\t\t\t\t\t\t\t\t\t\t<\/div>\n\t\t\t\t\t\t<\/div>\n\t\t\t\t<\/div>\n\t\t\t\t\t\t<\/div>\n\t\t\t\t\t<\/div>\n\t\t<\/aside>\n\t\t\t\t<article class=\"elementor-column elementor-col-33 elementor-top-column elementor-element elementor-element-aa3524e\" data-id=\"aa3524e\" data-element_type=\"column\">\n\t\t\t<div class=\"elementor-column-wrap elementor-element-populated\">\n\t\t\t\t\t\t\t<div class=\"elementor-widget-wrap\">\n\t\t\t\t\t\t<div class=\"elementor-element elementor-element-84368b0 subpage elementor-widget elementor-widget-text-editor\" data-id=\"84368b0\" data-element_type=\"widget\" data-widget_type=\"text-editor.default\">\n\t\t\t\t<div class=\"elementor-widget-container\">\n\t\t\t\t\t\t\t\t<div class=\"elementor-text-editor elementor-clearfix\">\n\t\t\t\t<h3><strong>The King\u2019s speech<\/strong><\/h3>\t\t\t\t\t<\/div>\n\t\t\t\t\t\t<\/div>\n\t\t\t\t<\/div>\n\t\t\t\t<div class=\"elementor-element elementor-element-eddc7f8 elementor-widget elementor-widget-text-editor\" data-id=\"eddc7f8\" data-element_type=\"widget\" data-widget_type=\"text-editor.default\">\n\t\t\t\t<div class=\"elementor-widget-container\">\n\t\t\t\t\t\t\t\t<div class=\"elementor-text-editor elementor-clearfix\">\n\t\t\t\t<p><a href=\"https:\/\/www.kommunikationsraum.at\/real-world\/team\/\" target=\"_blank\" rel=\"noreferrer noopener\">Bettina Pepek<\/a><\/p>\t\t\t\t\t<\/div>\n\t\t\t\t\t\t<\/div>\n\t\t\t\t<\/div>\n\t\t\t\t<div class=\"elementor-element elementor-element-e9d1aaa elementor-widget elementor-widget-text-editor\" data-id=\"e9d1aaa\" data-element_type=\"widget\" data-widget_type=\"text-editor.default\">\n\t\t\t\t<div class=\"elementor-widget-container\">\n\t\t\t\t\t\t\t\t<div class=\"elementor-text-editor elementor-clearfix\">\n\t\t\t\t<p><strong>Am 6. Mai 2023 wird K\u00f6nig Charles III in London gekr\u00f6nt werden. Nach 74 Jahren in Warteschleife ist es nun also soweit und er wird Monarch des britischen Empires.<\/strong><\/p>\t\t\t\t\t<\/div>\n\t\t\t\t\t\t<\/div>\n\t\t\t\t<\/div>\n\t\t\t\t<div class=\"elementor-element elementor-element-7ef89f9 elementor-widget elementor-widget-text-editor\" data-id=\"7ef89f9\" data-element_type=\"widget\" data-widget_type=\"text-editor.default\">\n\t\t\t\t<div class=\"elementor-widget-container\">\n\t\t\t\t\t\t\t\t<div class=\"elementor-text-editor elementor-clearfix\">\n\t\t\t\t<p>In vielen \u2013 der Monarchie aus unterschiedlichen Gr\u00fcnden eher wohlgesonnenen Kommentaren \u2013 ist die Rede von einem moderneren K\u00f6nig. Woran das erkennbar sein soll, entzieht sich meiner Wahrnehmung, u.a. wird es wohl auch die mediale Sehnsucht nach royalen Geschichten und G\u2019schichterln sein, nach Prunk und Pomp in einer an Glanz derzeit so armen Welt. Auch das k\u00f6nigliche PR-Team leistet da ganze Arbeit, kein Titel, kein (\u00f6ffentliches) Medium, das an diesem Thema derzeit vorbeigeht.<\/p>\t\t\t\t\t<\/div>\n\t\t\t\t\t\t<\/div>\n\t\t\t\t<\/div>\n\t\t\t\t<div class=\"elementor-element elementor-element-a690e01 elementor-widget elementor-widget-text-editor\" data-id=\"a690e01\" data-element_type=\"widget\" data-widget_type=\"text-editor.default\">\n\t\t\t\t<div class=\"elementor-widget-container\">\n\t\t\t\t\t\t\t\t<div class=\"elementor-text-editor elementor-clearfix\">\n\t\t\t\t<p>Einen Vorgeschmack auf Charles\u2018 Wirken gab er von wenigen Wochen bei seinem Besuch in Deutschland, wo er im deutschen Bundestag sprach. Schon am Abend zuvor gab er eine Festrede auf Schloss Bellevue, als Gast des deutschen Bundespr\u00e4sidenten. Exakt sechs Jahre nach dem Brexit-Votum.<\/p><p>Die Resonanzen auf Charles\u2018 Reden, die er zu einem gro\u00dfen Teil in sehr gutem Deutsch vortrug, waren \u00fcberaus positiv: <em>charming, sensible, smart<\/em> und unsere Nachbar*innen geradezu aus dem H\u00e4uschen.<\/p><p><a href=\"#_ftnref1\" name=\"_ftn1\"><\/a><\/p>\t\t\t\t\t<\/div>\n\t\t\t\t\t\t<\/div>\n\t\t\t\t<\/div>\n\t\t\t\t<div class=\"elementor-element elementor-element-892027d elementor-widget elementor-widget-text-editor\" data-id=\"892027d\" data-element_type=\"widget\" data-widget_type=\"text-editor.default\">\n\t\t\t\t<div class=\"elementor-widget-container\">\n\t\t\t\t\t\t\t\t<div class=\"elementor-text-editor elementor-clearfix\">\n\t\t\t\t<p>Misst man diese j\u00fcngste Rede des britischen Monarchen allerdings an den Ma\u00dfst\u00e4ben guter Rhetorik, bekommt man schon eher einen Eindruck, in welche Richtung Charles III lenken wird: <em>boring, backwards, tame<\/em>.<\/p><p><a href=\"#_ftnref1\" name=\"_ftn1\"><\/a><\/p>\t\t\t\t\t<\/div>\n\t\t\t\t\t\t<\/div>\n\t\t\t\t<\/div>\n\t\t\t\t<div class=\"elementor-element elementor-element-913adb8 elementor-widget elementor-widget-text-editor\" data-id=\"913adb8\" data-element_type=\"widget\" data-widget_type=\"text-editor.default\">\n\t\t\t\t<div class=\"elementor-widget-container\">\n\t\t\t\t\t\t\t\t<div class=\"elementor-text-editor elementor-clearfix\">\n\t\t\t\t<p><strong>Logos, Pathos, Ethos<\/strong><\/p>\t\t\t\t\t<\/div>\n\t\t\t\t\t\t<\/div>\n\t\t\t\t<\/div>\n\t\t\t\t<div class=\"elementor-element elementor-element-6f9b9de elementor-widget elementor-widget-text-editor\" data-id=\"6f9b9de\" data-element_type=\"widget\" data-widget_type=\"text-editor.default\">\n\t\t\t\t<div class=\"elementor-widget-container\">\n\t\t\t\t\t\t\t\t<div class=\"elementor-text-editor elementor-clearfix\">\n\t\t\t\t<p>\u201eWof\u00fcr Sie stehen ist noch wichtiger, als Ihr Wille zur Wirkung!\u201c lautet eine der zentralen S\u00e4tze, wenn ich Menschen auf Auftritte vorbereite. Es muss klar sein, wof\u00fcr der bzw. die Redner*in steht, nur so gelingt es uns nachhaltig andere mitzunehmen, sie zu \u00fcberzeugen.<\/p><p>Eine gute Rede schafft eine Vision zum pers\u00f6nlichen Standort des\/der Redner*in und den daraus resultierenden Standpunkten. Sie schafft Klarheit auf der Sachseite, spricht unsere Emotionen auf der Beziehungsebene an und sie hat eine klare Richtung, einen roten Faden auf der Appellseite.<\/p>\t\t\t\t\t<\/div>\n\t\t\t\t\t\t<\/div>\n\t\t\t\t<\/div>\n\t\t\t\t<div class=\"elementor-element elementor-element-b3fd92d elementor-widget elementor-widget-text-editor\" data-id=\"b3fd92d\" data-element_type=\"widget\" data-widget_type=\"text-editor.default\">\n\t\t\t\t<div class=\"elementor-widget-container\">\n\t\t\t\t\t\t\t\t<div class=\"elementor-text-editor elementor-clearfix\">\n\t\t\t\t<p>Angesichts einer sich abzeichnenden neuen Weltordnung ist die lange Tradition der britischen Monarchie in ihrem Fortbestand wohl gefordert wie nie. Das einstige Empire schrumpft vor unseren Augen, das <a href=\"https:\/\/www.theguardian.com\/uk-news\/2023\/apr\/07\/british-royal-family-wealth-finances-cost-of-the-crown-summary\" target=\"_blank\" rel=\"noopener\">Erbe der Kolonialzeit<\/a> gerade erst in Aufarbeitung, der m\u00e4chtige Commonwealth macht Schlagzeilen mit jenen L\u00e4ndern, die die britische Oberhoheit nicht mehr l\u00e4nger akzeptieren wollen und seit dem Ausstieg aus der Europ\u00e4ischen Union sind die Briten auch in Europa zunehmend isoliert, ohne allerdings eine Insel der Seligen zu sein. Dazu kommen die famili\u00e4ren Turbulenzen im Hause Windsor, die uns vor allem auch unsch\u00f6ne Wahrheiten \u00fcber die britische Medienrealit\u00e4t und deren Frauenbild bescheren.<\/p>\t\t\t\t\t<\/div>\n\t\t\t\t\t\t<\/div>\n\t\t\t\t<\/div>\n\t\t\t\t<div class=\"elementor-element elementor-element-d733a51 elementor-widget elementor-widget-text-editor\" data-id=\"d733a51\" data-element_type=\"widget\" data-widget_type=\"text-editor.default\">\n\t\t\t\t<div class=\"elementor-widget-container\">\n\t\t\t\t\t\t\t\t<div class=\"elementor-text-editor elementor-clearfix\">\n\t\t\t\t<p>All das g\u00e4be nat\u00fcrlich unglaublich viel f\u00fcr ein neues Narrativ des britischen K\u00f6nigshauses her. Entsprechend neugierig war ich auf <a href=\"https:\/\/www.youtube.com\/watch?v=6iE0MLZc8go\" target=\"_blank\" rel=\"noopener\">Charles\u2018 Rede<\/a>. Was folgte war die Anbetung der (m\u00fctterlichen) Asche, ein Bekenntnis zu den guten Beziehungen zwischen Gro\u00dfbritannien und Deutschland \u2013 was angesichts der Historie unbestritten thematisiert werden muss \u2013 allerdings ohne Ausblick auf die Rollen, die diese beiden L\u00e4nder und insbesondere UK in der Gestaltung der (europ\u00e4ischen) Zukunft einnehmen k\u00f6nnten. So sehr strengen sich also auch K\u00f6nige an, gefallen zu wollen und stellen dabei ihre (kurzfristige) Wirkung \u00fcber die Inhalte.<\/p>\t\t\t\t\t<\/div>\n\t\t\t\t\t\t<\/div>\n\t\t\t\t<\/div>\n\t\t\t\t<div class=\"elementor-element elementor-element-539e2b3 elementor-widget elementor-widget-text-editor\" data-id=\"539e2b3\" data-element_type=\"widget\" data-widget_type=\"text-editor.default\">\n\t\t\t\t<div class=\"elementor-widget-container\">\n\t\t\t\t\t\t\t\t<div class=\"elementor-text-editor elementor-clearfix\">\n\t\t\t\t<p>Viele von uns unterliegen der Versuchung der perfekten Reden ber\u00fchmter Vorbilder, die so frei und leicht scheinen. Wir vergessen dabei, dass genau diese Reden es sind, die lange und exzellent vorbereitet werden.<\/p>\t\t\t\t\t<\/div>\n\t\t\t\t\t\t<\/div>\n\t\t\t\t<\/div>\n\t\t\t\t<div class=\"elementor-element elementor-element-fd2dcd9 elementor-widget elementor-widget-text-editor\" data-id=\"fd2dcd9\" data-element_type=\"widget\" data-widget_type=\"text-editor.default\">\n\t\t\t\t<div class=\"elementor-widget-container\">\n\t\t\t\t\t\t\t\t<div class=\"elementor-text-editor elementor-clearfix\">\n\t\t\t\t<p>Das Redenschreiben hat vor allem in der angloamerikanischen politischen Kommunikation einen hohen Stellenwert. Ich denke dabei v.a. auch an die j\u00fcngere Geschichte und Jon Favreaux, dem Mastermind hinter Barack Obamas Reden. US Pr\u00e4sident Obama, ein Meister des Storytellings, verkn\u00fcpfte die Geschichte des Landes mit seiner pers\u00f6nlichen und schaffte es \u2013 zumindest f\u00fcr eine begrenzte Zeit \u2013 gesellschaftliche Str\u00f6mungen in den USA zu einen: <em><a href=\"https:\/\/www.youtube.com\/watch?v=zrp-v2tHaDo\" target=\"_blank\" rel=\"noopener\">We may have different stories but we hold common hopes!<\/a><\/em><\/p>\t\t\t\t\t<\/div>\n\t\t\t\t\t\t<\/div>\n\t\t\t\t<\/div>\n\t\t\t\t<div class=\"elementor-element elementor-element-a4bc8dc elementor-widget elementor-widget-text-editor\" data-id=\"a4bc8dc\" data-element_type=\"widget\" data-widget_type=\"text-editor.default\">\n\t\t\t\t<div class=\"elementor-widget-container\">\n\t\t\t\t\t\t\t\t<div class=\"elementor-text-editor elementor-clearfix\">\n\t\t\t\t<p>Oder Lissa Muscatine, die hinter <a href=\"https:\/\/www.youtube.com\/watch?v=xXM4E23Efvk\" target=\"_blank\" rel=\"noopener\">Hillary Clintons landmark speech<\/a> in Peking 1995 stand mit der bis heute oft zitierten Zeile \u201e<em>human rights are women\u2018s rights and women\u2019s rights are human rights\u201c.<\/em><\/p>\t\t\t\t\t<\/div>\n\t\t\t\t\t\t<\/div>\n\t\t\t\t<\/div>\n\t\t\t\t<div class=\"elementor-element elementor-element-bcff8f8 elementor-widget elementor-widget-text-editor\" data-id=\"bcff8f8\" data-element_type=\"widget\" data-widget_type=\"text-editor.default\">\n\t\t\t\t<div class=\"elementor-widget-container\">\n\t\t\t\t\t\t\t\t<div class=\"elementor-text-editor elementor-clearfix\">\n\t\t\t\t<p><strong>Wirksame Kommunikator*innen sind Meister der Vereinfachung<\/strong><\/p>\t\t\t\t\t<\/div>\n\t\t\t\t\t\t<\/div>\n\t\t\t\t<\/div>\n\t\t\t\t<div class=\"elementor-element elementor-element-8551acb elementor-widget elementor-widget-text-editor\" data-id=\"8551acb\" data-element_type=\"widget\" data-widget_type=\"text-editor.default\">\n\t\t\t\t<div class=\"elementor-widget-container\">\n\t\t\t\t\t\t\t\t<div class=\"elementor-text-editor elementor-clearfix\">\n\t\t\t\t<p>Friedrich Schulz von Thun lehrte uns mit \u201eVerst\u00e4ndlichmachern\u201c zu arbeiten: Dazu z\u00e4hlen eine gute <strong>Gliederung<\/strong>, eine stimmige <strong>Storyline<\/strong> (Verkn\u00fcpfung der Kernbotschaften), wirksame <strong>Stimulans<\/strong> (das k\u00f6nnen Bilder oder Ihre Kleidung sein, dazu z\u00e4hlen aber auch der Ort Ihres Auftrittes bzw. die Inszenierung) und ein <strong>klarer Appell<\/strong>, ein Claim, der f\u00fcr Orientierung sorgt.<\/p>\t\t\t\t\t<\/div>\n\t\t\t\t\t\t<\/div>\n\t\t\t\t<\/div>\n\t\t\t\t<div class=\"elementor-element elementor-element-5ee174a elementor-widget elementor-widget-text-editor\" data-id=\"5ee174a\" data-element_type=\"widget\" data-widget_type=\"text-editor.default\">\n\t\t\t\t<div class=\"elementor-widget-container\">\n\t\t\t\t\t\t\t\t<div class=\"elementor-text-editor elementor-clearfix\">\n\t\t\t\t<p>Wollen Sie dar\u00fcber hinaus langfristig \u00fcberzeugen und Einfluss gewinnen, rate ich dazu sich n\u00e4her mit <a href=\"https:\/\/www.youtube.com\/watch?v=cFdCzN7RYbw\" target=\"_blank\" rel=\"noopener\">Persuasionstechniken<\/a> zu besch\u00e4ftigen. Wir gewinnen Einfluss, indem wir drei Aspekte beachten: Glaubw\u00fcrdigkeit, Anschlussf\u00e4higkeit und die F\u00e4higkeit langfristige Verbindungen und Beziehungen zu schaffen.<\/p>\t\t\t\t\t<\/div>\n\t\t\t\t\t\t<\/div>\n\t\t\t\t<\/div>\n\t\t\t\t<div class=\"elementor-element elementor-element-2e8cd98 elementor-widget elementor-widget-text-editor\" data-id=\"2e8cd98\" data-element_type=\"widget\" data-widget_type=\"text-editor.default\">\n\t\t\t\t<div class=\"elementor-widget-container\">\n\t\t\t\t\t\t\t\t<div class=\"elementor-text-editor elementor-clearfix\">\n\t\t\t\t<p><strong>So gewinnen Sie Einfluss!<\/strong><\/p>\t\t\t\t\t<\/div>\n\t\t\t\t\t\t<\/div>\n\t\t\t\t<\/div>\n\t\t\t\t<div class=\"elementor-element elementor-element-bd1c9fe elementor-widget elementor-widget-image\" data-id=\"bd1c9fe\" data-element_type=\"widget\" data-widget_type=\"image.default\">\n\t\t\t\t<div class=\"elementor-widget-container\">\n\t\t\t\t\t\t\t\t<div class=\"elementor-image\">\n\t\t\t\t\t\t\t\t\t\t\t\t<img loading=\"lazy\" decoding=\"async\" width=\"768\" height=\"344\" src=\"https:\/\/www.kommunikationsraum.at\/wp-content\/uploads\/2023\/05\/2023_05_Grafik-768x344.png\" class=\"attachment-medium_large size-medium_large wp-image-8977\" alt=\"\" srcset=\"https:\/\/www.kommunikationsraum.at\/wp-content\/uploads\/2023\/05\/2023_05_Grafik-768x344.png 768w, https:\/\/www.kommunikationsraum.at\/wp-content\/uploads\/2023\/05\/2023_05_Grafik-300x134.png 300w, https:\/\/www.kommunikationsraum.at\/wp-content\/uploads\/2023\/05\/2023_05_Grafik-1024x459.png 1024w, https:\/\/www.kommunikationsraum.at\/wp-content\/uploads\/2023\/05\/2023_05_Grafik-1536x688.png 1536w, https:\/\/www.kommunikationsraum.at\/wp-content\/uploads\/2023\/05\/2023_05_Grafik-2048x918.png 2048w\" sizes=\"auto, (max-width: 768px) 100vw, 768px\" \/>\t\t\t\t\t\t\t\t\t\t\t\t\t\t<\/div>\n\t\t\t\t\t\t<\/div>\n\t\t\t\t<\/div>\n\t\t\t\t<div class=\"elementor-element elementor-element-1129e51 elementor-widget elementor-widget-text-editor\" data-id=\"1129e51\" data-element_type=\"widget\" data-widget_type=\"text-editor.default\">\n\t\t\t\t<div class=\"elementor-widget-container\">\n\t\t\t\t\t\t\t\t<div class=\"elementor-text-editor elementor-clearfix\">\n\t\t\t\t<p>Quelle: Conger, HBR, The art of persuasion<\/p>\t\t\t\t\t<\/div>\n\t\t\t\t\t\t<\/div>\n\t\t\t\t<\/div>\n\t\t\t\t<div class=\"elementor-element elementor-element-d4efa0d elementor-widget elementor-widget-text-editor\" data-id=\"d4efa0d\" data-element_type=\"widget\" data-widget_type=\"text-editor.default\">\n\t\t\t\t<div class=\"elementor-widget-container\">\n\t\t\t\t\t\t\t\t<div class=\"elementor-text-editor elementor-clearfix\">\n\t\t\t\t<p>Ich gehe jetzt einfach mal davon aus, dass f\u00fcr Charles III der Bundestag nicht der richtige Ort war, um die gro\u00dfen programmatischen Ansagen in seiner neuen Rolle zu machen. Ich warte daher gespannt auf seine erste offizielle Rede als gekr\u00f6nter Monarch und (s)ein zukunftsorientiertes Narrativ. Es k\u00f6nnte eine historische Rede werden!<\/p>\t\t\t\t\t<\/div>\n\t\t\t\t\t\t<\/div>\n\t\t\t\t<\/div>\n\t\t\t\t<div class=\"elementor-element elementor-element-1cd3728 elementor-widget elementor-widget-text-editor\" data-id=\"1cd3728\" data-element_type=\"widget\" data-widget_type=\"text-editor.default\">\n\t\t\t\t<div class=\"elementor-widget-container\">\n\t\t\t\t\t\t\t\t<div class=\"elementor-text-editor elementor-clearfix\">\n\t\t\t\t<p>PS: Wenn Sie jetzt Lust auf Ihre eigene Rede bekommen oder Ihre Wirkung und Ihren n\u00e4chsten Auftritt optimieren wollen: Wir sprechen, schreiben, texten, trainieren und moderieren f\u00fcr Executive-Level!<\/p>\t\t\t\t\t<\/div>\n\t\t\t\t\t\t<\/div>\n\t\t\t\t<\/div>\n\t\t\t\t<div class=\"elementor-element elementor-element-b4e3813 elementor-widget elementor-widget-text-editor\" data-id=\"b4e3813\" data-element_type=\"widget\" data-widget_type=\"text-editor.default\">\n\t\t\t\t<div class=\"elementor-widget-container\">\n\t\t\t\t\t\t\t\t<div class=\"elementor-text-editor elementor-clearfix\">\n\t\t\t\t<p><strong>Bettina Pepek | kommunikationsraum | Mai 2023<\/strong><\/p>\t\t\t\t\t<\/div>\n\t\t\t\t\t\t<\/div>\n\t\t\t\t<\/div>\n\t\t\t\t\t\t<\/div>\n\t\t\t\t\t<\/div>\n\t\t<\/article>\n\t\t\t\t<aside class=\"elementor-column elementor-col-33 elementor-top-column elementor-element elementor-element-726fae6\" data-id=\"726fae6\" data-element_type=\"column\">\n\t\t\t<div class=\"elementor-column-wrap elementor-element-populated\">\n\t\t\t\t\t\t\t<div class=\"elementor-widget-wrap\">\n\t\t\t\t\t\t<div class=\"elementor-element elementor-element-8b2aefd elementor-hidden-phone elementor-widget elementor-widget-image\" data-id=\"8b2aefd\" data-element_type=\"widget\" data-widget_type=\"image.default\">\n\t\t\t\t<div class=\"elementor-widget-container\">\n\t\t\t\t\t\t\t\t<div class=\"elementor-image\">\n\t\t\t\t\t\t\t\t\t\t\t\t\t<a href=\"https:\/\/www.kommunikationsraum.at\/blog\/\">\n\t\t\t\t\t\t\t<img loading=\"lazy\" decoding=\"async\" width=\"800\" height=\"600\" src=\"https:\/\/www.kommunikationsraum.at\/wp-content\/uploads\/2021\/03\/journal-800x600-1.png\" class=\"attachment-full size-full wp-image-2843\" alt=\"\" srcset=\"https:\/\/www.kommunikationsraum.at\/wp-content\/uploads\/2021\/03\/journal-800x600-1.png 800w, https:\/\/www.kommunikationsraum.at\/wp-content\/uploads\/2021\/03\/journal-800x600-1-300x225.png 300w, https:\/\/www.kommunikationsraum.at\/wp-content\/uploads\/2021\/03\/journal-800x600-1-768x576.png 768w\" sizes=\"auto, (max-width: 800px) 100vw, 800px\" \/>\t\t\t\t\t\t\t\t<\/a>\n\t\t\t\t\t\t\t\t\t\t\t\t\t\t<\/div>\n\t\t\t\t\t\t<\/div>\n\t\t\t\t<\/div>\n\t\t\t\t<div class=\"elementor-element elementor-element-44bd265 elementor-hidden-phone elementor-widget elementor-widget-spacer\" data-id=\"44bd265\" data-element_type=\"widget\" data-widget_type=\"spacer.default\">\n\t\t\t\t<div class=\"elementor-widget-container\">\n\t\t\t\t\t<div class=\"elementor-spacer\">\n\t\t\t<div class=\"elementor-spacer-inner\"><\/div>\n\t\t<\/div>\n\t\t\t\t<\/div>\n\t\t\t\t<\/div>\n\t\t\t\t<div class=\"elementor-element elementor-element-55ab200 elementor-widget elementor-widget-text-editor\" data-id=\"55ab200\" data-element_type=\"widget\" data-widget_type=\"text-editor.default\">\n\t\t\t\t<div class=\"elementor-widget-container\">\n\t\t\t\t\t\t\t\t<div class=\"elementor-text-editor elementor-clearfix\">\n\t\t\t\t<p><strong>Weiterf\u00fchrende Links:<\/strong><\/p>\t\t\t\t\t<\/div>\n\t\t\t\t\t\t<\/div>\n\t\t\t\t<\/div>\n\t\t\t\t<div class=\"elementor-element elementor-element-ee6c899 elementor-widget elementor-widget-text-editor\" data-id=\"ee6c899\" data-element_type=\"widget\" data-widget_type=\"text-editor.default\">\n\t\t\t\t<div class=\"elementor-widget-container\">\n\t\t\t\t\t\t\t\t<div class=\"elementor-text-editor elementor-clearfix\">\n\t\t\t\t<p><a href=\"https:\/\/www.amazon.de\/gute-Einfluss-Menschen-gewinnen-authentisch\/dp\/3442393817\/ref=sr_1_2?__mk_de_DE=%C3%85M%C3%85%C5%BD%C3%95%C3%91&amp;crid=1B2YXRU374AOW&amp;keywords=zoe+chance&amp;qid=1682954017&amp;s=books&amp;sprefix=zoe+chance%2Cstripbooks%2C115&amp;sr=1-2\" target=\"_blank\" rel=\"noopener\">Der gute Einfluss<\/a>, Zoe Chance<\/p>\t\t\t\t\t<\/div>\n\t\t\t\t\t\t<\/div>\n\t\t\t\t<\/div>\n\t\t\t\t<div class=\"elementor-element elementor-element-1165df4 elementor-widget elementor-widget-text-editor\" data-id=\"1165df4\" data-element_type=\"widget\" data-widget_type=\"text-editor.default\">\n\t\t\t\t<div class=\"elementor-widget-container\">\n\t\t\t\t\t\t\t\t<div class=\"elementor-text-editor elementor-clearfix\">\n\t\t\t\t<p><a href=\"https:\/\/www.amazon.de\/Impact-Wie-sich-andere-%C3%BCberzeugen\/dp\/B0BNL5ZQVB\/ref=sr_1_1?__mk_de_DE=%C3%85M%C3%85%C5%BD%C3%95%C3%91&amp;crid=3GEAQPCOZB52X&amp;keywords=impact&amp;qid=1682954069&amp;s=books&amp;sprefix=impact%2Cstripbooks%2C123&amp;sr=1-1\" target=\"_blank\" rel=\"noopener\">Impact<\/a>, Frank Asmus<\/p>\t\t\t\t\t<\/div>\n\t\t\t\t\t\t<\/div>\n\t\t\t\t<\/div>\n\t\t\t\t<div class=\"elementor-element elementor-element-87d3404 elementor-widget elementor-widget-text-editor\" data-id=\"87d3404\" data-element_type=\"widget\" data-widget_type=\"text-editor.default\">\n\t\t\t\t<div class=\"elementor-widget-container\">\n\t\t\t\t\t\t\t\t<div class=\"elementor-text-editor elementor-clearfix\">\n\t\t\t\t<p><a href=\"https:\/\/www.kommunikationsraum.at\/ideal-world\/bettinas-best\/\" target=\"_blank\" rel=\"noopener\">The Palace Papers<\/a>, Tina Brown<\/p>\t\t\t\t\t<\/div>\n\t\t\t\t\t\t<\/div>\n\t\t\t\t<\/div>\n\t\t\t\t<div class=\"elementor-element elementor-element-7894e5b elementor-widget elementor-widget-text-editor\" data-id=\"7894e5b\" data-element_type=\"widget\" data-widget_type=\"text-editor.default\">\n\t\t\t\t<div class=\"elementor-widget-container\">\n\t\t\t\t\t\t\t\t<div class=\"elementor-text-editor elementor-clearfix\">\n\t\t\t\t<p><a href=\"https:\/\/www.kommunikationsraum.at\/ideal-world\/\" target=\"_blank\" rel=\"noopener\">Make dust or eat dust<\/a>, Bettina Pepek f\u00fcr PRVA, 2021<\/p>\t\t\t\t\t<\/div>\n\t\t\t\t\t\t<\/div>\n\t\t\t\t<\/div>\n\t\t\t\t\t\t<\/div>\n\t\t\t\t\t<\/div>\n\t\t<\/aside>\n\t\t\t\t\t\t\t\t<\/div>\n\t\t\t\t\t<\/div>\n\t\t<\/section>\n\t\t\t\t\t\t\t\t\t<\/div>\n\t\t\t<\/div>\n\t\t\t\t\t<\/div>\n\t\t","protected":false},"excerpt":{"rendered":"<p>Am 6. Mai 2023 wird K\u00f6nig Charles III in London gekr\u00f6nt werden. Nach 74 Jahren in Warteschleife ist es nun also soweit und er wird Monarch des britischen Empires. In vielen \u2013 der Monarchie aus unterschiedlichen Gr\u00fcnden eher wohlgesonnenen Kommentaren \u2013 ist die Rede von einem moderneren K\u00f6nig. Woran das erkennbar sein soll, entzieht sich meiner Wahrnehmung, u.a. wird es wohl auch die mediale Sehnsucht nach royalen Geschichten und G\u2019schichterln sein, nach &#8230; <\/p>\n","protected":false},"author":2,"featured_media":8923,"comment_status":"open","ping_status":"open","sticky":false,"template":"elementor_header_footer","format":"standard","meta":{"footnotes":""},"categories":[1],"tags":[],"class_list":["post-8922","post","type-post","status-publish","format-standard","has-post-thumbnail","hentry","category-allgemein"],"yoast_head":"<!-- This site is optimized with the Yoast SEO plugin v27.2 - https:\/\/yoast.com\/product\/yoast-seo-wordpress\/ -->\n<title>The King\u2019s speech - Kommunikationsraum<\/title>\n<meta name=\"robots\" content=\"index, follow, max-snippet:-1, max-image-preview:large, max-video-preview:-1\" \/>\n<link rel=\"canonical\" href=\"https:\/\/www.kommunikationsraum.at\/en\/blog\/2023\/05\/the-kings-speech\/\" \/>\n<meta property=\"og:locale\" content=\"en_US\" \/>\n<meta property=\"og:type\" content=\"article\" \/>\n<meta property=\"og:title\" content=\"The King\u2019s speech - Kommunikationsraum\" \/>\n<meta property=\"og:description\" content=\"Am 6. Mai 2023 wird K\u00f6nig Charles III in London gekr\u00f6nt werden. Nach 74 Jahren in Warteschleife ist es nun also soweit und er wird Monarch des britischen Empires. In vielen \u2013 der Monarchie aus unterschiedlichen Gr\u00fcnden eher wohlgesonnenen Kommentaren \u2013 ist die Rede von einem moderneren K\u00f6nig. Woran das erkennbar sein soll, entzieht sich meiner Wahrnehmung, u.a. wird es wohl auch die mediale Sehnsucht nach royalen Geschichten und G\u2019schichterln sein, nach ...\" \/>\n<meta property=\"og:url\" content=\"https:\/\/www.kommunikationsraum.at\/en\/blog\/2023\/05\/the-kings-speech\/\" \/>\n<meta property=\"og:site_name\" content=\"Kommunikationsraum\" \/>\n<meta property=\"article:publisher\" content=\"https:\/\/www.facebook.com\/kommunikationsraumwien\/\" \/>\n<meta property=\"article:published_time\" content=\"2023-05-02T18:14:00+00:00\" \/>\n<meta property=\"article:modified_time\" content=\"2023-05-02T20:55:01+00:00\" \/>\n<meta property=\"og:image\" content=\"https:\/\/www.kommunikationsraum.at\/wp-content\/uploads\/2023\/05\/23_05_02-journal-800x450-1.jpg\" \/>\n\t<meta property=\"og:image:width\" content=\"800\" \/>\n\t<meta property=\"og:image:height\" content=\"450\" \/>\n\t<meta property=\"og:image:type\" content=\"image\/jpeg\" \/>\n<meta name=\"author\" content=\"Sabine Traxler\" \/>\n<meta name=\"twitter:card\" content=\"summary_large_image\" \/>\n<meta name=\"twitter:creator\" content=\"@kr_hinterland\" \/>\n<meta name=\"twitter:site\" content=\"@kr_hinterland\" \/>\n<script type=\"application\/ld+json\" class=\"yoast-schema-graph\">{\"@context\":\"https:\/\/schema.org\",\"@graph\":[{\"@type\":\"Article\",\"@id\":\"https:\/\/www.kommunikationsraum.at\/en\/blog\/2023\/05\/the-kings-speech\/#article\",\"isPartOf\":{\"@id\":\"https:\/\/www.kommunikationsraum.at\/en\/blog\/2023\/05\/the-kings-speech\/\"},\"author\":{\"name\":\"Sabine Traxler\",\"@id\":\"https:\/\/www.kommunikationsraum.at\/en\/#\/schema\/person\/040edcad1adf04fa994f04d86ea2aaaf\"},\"headline\":\"The King\u2019s speech\",\"datePublished\":\"2023-05-02T18:14:00+00:00\",\"dateModified\":\"2023-05-02T20:55:01+00:00\",\"mainEntityOfPage\":{\"@id\":\"https:\/\/www.kommunikationsraum.at\/en\/blog\/2023\/05\/the-kings-speech\/\"},\"wordCount\":898,\"commentCount\":0,\"image\":{\"@id\":\"https:\/\/www.kommunikationsraum.at\/en\/blog\/2023\/05\/the-kings-speech\/#primaryimage\"},\"thumbnailUrl\":\"https:\/\/www.kommunikationsraum.at\/wp-content\/uploads\/2023\/05\/23_05_02-journal-800x450-1.jpg\",\"articleSection\":[\"Allgemein\"],\"inLanguage\":\"en-US\",\"potentialAction\":[{\"@type\":\"CommentAction\",\"name\":\"Comment\",\"target\":[\"https:\/\/www.kommunikationsraum.at\/en\/blog\/2023\/05\/the-kings-speech\/#respond\"]}]},{\"@type\":\"WebPage\",\"@id\":\"https:\/\/www.kommunikationsraum.at\/en\/blog\/2023\/05\/the-kings-speech\/\",\"url\":\"https:\/\/www.kommunikationsraum.at\/en\/blog\/2023\/05\/the-kings-speech\/\",\"name\":\"The King\u2019s speech - Kommunikationsraum\",\"isPartOf\":{\"@id\":\"https:\/\/www.kommunikationsraum.at\/en\/#website\"},\"primaryImageOfPage\":{\"@id\":\"https:\/\/www.kommunikationsraum.at\/en\/blog\/2023\/05\/the-kings-speech\/#primaryimage\"},\"image\":{\"@id\":\"https:\/\/www.kommunikationsraum.at\/en\/blog\/2023\/05\/the-kings-speech\/#primaryimage\"},\"thumbnailUrl\":\"https:\/\/www.kommunikationsraum.at\/wp-content\/uploads\/2023\/05\/23_05_02-journal-800x450-1.jpg\",\"datePublished\":\"2023-05-02T18:14:00+00:00\",\"dateModified\":\"2023-05-02T20:55:01+00:00\",\"author\":{\"@id\":\"https:\/\/www.kommunikationsraum.at\/en\/#\/schema\/person\/040edcad1adf04fa994f04d86ea2aaaf\"},\"breadcrumb\":{\"@id\":\"https:\/\/www.kommunikationsraum.at\/en\/blog\/2023\/05\/the-kings-speech\/#breadcrumb\"},\"inLanguage\":\"en-US\",\"potentialAction\":[{\"@type\":\"ReadAction\",\"target\":[\"https:\/\/www.kommunikationsraum.at\/en\/blog\/2023\/05\/the-kings-speech\/\"]}]},{\"@type\":\"ImageObject\",\"inLanguage\":\"en-US\",\"@id\":\"https:\/\/www.kommunikationsraum.at\/en\/blog\/2023\/05\/the-kings-speech\/#primaryimage\",\"url\":\"https:\/\/www.kommunikationsraum.at\/wp-content\/uploads\/2023\/05\/23_05_02-journal-800x450-1.jpg\",\"contentUrl\":\"https:\/\/www.kommunikationsraum.at\/wp-content\/uploads\/2023\/05\/23_05_02-journal-800x450-1.jpg\",\"width\":800,\"height\":450},{\"@type\":\"BreadcrumbList\",\"@id\":\"https:\/\/www.kommunikationsraum.at\/en\/blog\/2023\/05\/the-kings-speech\/#breadcrumb\",\"itemListElement\":[{\"@type\":\"ListItem\",\"position\":1,\"name\":\"Start\",\"item\":\"https:\/\/www.kommunikationsraum.at\/en\/\"},{\"@type\":\"ListItem\",\"position\":2,\"name\":\"The King\u2019s speech\"}]},{\"@type\":\"WebSite\",\"@id\":\"https:\/\/www.kommunikationsraum.at\/en\/#website\",\"url\":\"https:\/\/www.kommunikationsraum.at\/en\/\",\"name\":\"Kommunikationsraum\",\"description\":\"Kommunikation neu denken\",\"potentialAction\":[{\"@type\":\"SearchAction\",\"target\":{\"@type\":\"EntryPoint\",\"urlTemplate\":\"https:\/\/www.kommunikationsraum.at\/en\/?s={search_term_string}\"},\"query-input\":{\"@type\":\"PropertyValueSpecification\",\"valueRequired\":true,\"valueName\":\"search_term_string\"}}],\"inLanguage\":\"en-US\"},{\"@type\":\"Person\",\"@id\":\"https:\/\/www.kommunikationsraum.at\/en\/#\/schema\/person\/040edcad1adf04fa994f04d86ea2aaaf\",\"name\":\"Sabine Traxler\",\"url\":\"https:\/\/www.kommunikationsraum.at\/en\/blog\/author\/straxler\/\"}]}<\/script>\n<!-- \/ Yoast SEO plugin. -->","yoast_head_json":{"title":"The King\u2019s speech - Kommunikationsraum","robots":{"index":"index","follow":"follow","max-snippet":"max-snippet:-1","max-image-preview":"max-image-preview:large","max-video-preview":"max-video-preview:-1"},"canonical":"https:\/\/www.kommunikationsraum.at\/en\/blog\/2023\/05\/the-kings-speech\/","og_locale":"en_US","og_type":"article","og_title":"The King\u2019s speech - Kommunikationsraum","og_description":"Am 6. Mai 2023 wird K\u00f6nig Charles III in London gekr\u00f6nt werden. Nach 74 Jahren in Warteschleife ist es nun also soweit und er wird Monarch des britischen Empires. In vielen \u2013 der Monarchie aus unterschiedlichen Gr\u00fcnden eher wohlgesonnenen Kommentaren \u2013 ist die Rede von einem moderneren K\u00f6nig. Woran das erkennbar sein soll, entzieht sich meiner Wahrnehmung, u.a. wird es wohl auch die mediale Sehnsucht nach royalen Geschichten und G\u2019schichterln sein, nach ...","og_url":"https:\/\/www.kommunikationsraum.at\/en\/blog\/2023\/05\/the-kings-speech\/","og_site_name":"Kommunikationsraum","article_publisher":"https:\/\/www.facebook.com\/kommunikationsraumwien\/","article_published_time":"2023-05-02T18:14:00+00:00","article_modified_time":"2023-05-02T20:55:01+00:00","og_image":[{"width":800,"height":450,"url":"https:\/\/www.kommunikationsraum.at\/wp-content\/uploads\/2023\/05\/23_05_02-journal-800x450-1.jpg","type":"image\/jpeg"}],"author":"Sabine Traxler","twitter_card":"summary_large_image","twitter_creator":"@kr_hinterland","twitter_site":"@kr_hinterland","schema":{"@context":"https:\/\/schema.org","@graph":[{"@type":"Article","@id":"https:\/\/www.kommunikationsraum.at\/en\/blog\/2023\/05\/the-kings-speech\/#article","isPartOf":{"@id":"https:\/\/www.kommunikationsraum.at\/en\/blog\/2023\/05\/the-kings-speech\/"},"author":{"name":"Sabine Traxler","@id":"https:\/\/www.kommunikationsraum.at\/en\/#\/schema\/person\/040edcad1adf04fa994f04d86ea2aaaf"},"headline":"The King\u2019s speech","datePublished":"2023-05-02T18:14:00+00:00","dateModified":"2023-05-02T20:55:01+00:00","mainEntityOfPage":{"@id":"https:\/\/www.kommunikationsraum.at\/en\/blog\/2023\/05\/the-kings-speech\/"},"wordCount":898,"commentCount":0,"image":{"@id":"https:\/\/www.kommunikationsraum.at\/en\/blog\/2023\/05\/the-kings-speech\/#primaryimage"},"thumbnailUrl":"https:\/\/www.kommunikationsraum.at\/wp-content\/uploads\/2023\/05\/23_05_02-journal-800x450-1.jpg","articleSection":["Allgemein"],"inLanguage":"en-US","potentialAction":[{"@type":"CommentAction","name":"Comment","target":["https:\/\/www.kommunikationsraum.at\/en\/blog\/2023\/05\/the-kings-speech\/#respond"]}]},{"@type":"WebPage","@id":"https:\/\/www.kommunikationsraum.at\/en\/blog\/2023\/05\/the-kings-speech\/","url":"https:\/\/www.kommunikationsraum.at\/en\/blog\/2023\/05\/the-kings-speech\/","name":"The King\u2019s speech - Kommunikationsraum","isPartOf":{"@id":"https:\/\/www.kommunikationsraum.at\/en\/#website"},"primaryImageOfPage":{"@id":"https:\/\/www.kommunikationsraum.at\/en\/blog\/2023\/05\/the-kings-speech\/#primaryimage"},"image":{"@id":"https:\/\/www.kommunikationsraum.at\/en\/blog\/2023\/05\/the-kings-speech\/#primaryimage"},"thumbnailUrl":"https:\/\/www.kommunikationsraum.at\/wp-content\/uploads\/2023\/05\/23_05_02-journal-800x450-1.jpg","datePublished":"2023-05-02T18:14:00+00:00","dateModified":"2023-05-02T20:55:01+00:00","author":{"@id":"https:\/\/www.kommunikationsraum.at\/en\/#\/schema\/person\/040edcad1adf04fa994f04d86ea2aaaf"},"breadcrumb":{"@id":"https:\/\/www.kommunikationsraum.at\/en\/blog\/2023\/05\/the-kings-speech\/#breadcrumb"},"inLanguage":"en-US","potentialAction":[{"@type":"ReadAction","target":["https:\/\/www.kommunikationsraum.at\/en\/blog\/2023\/05\/the-kings-speech\/"]}]},{"@type":"ImageObject","inLanguage":"en-US","@id":"https:\/\/www.kommunikationsraum.at\/en\/blog\/2023\/05\/the-kings-speech\/#primaryimage","url":"https:\/\/www.kommunikationsraum.at\/wp-content\/uploads\/2023\/05\/23_05_02-journal-800x450-1.jpg","contentUrl":"https:\/\/www.kommunikationsraum.at\/wp-content\/uploads\/2023\/05\/23_05_02-journal-800x450-1.jpg","width":800,"height":450},{"@type":"BreadcrumbList","@id":"https:\/\/www.kommunikationsraum.at\/en\/blog\/2023\/05\/the-kings-speech\/#breadcrumb","itemListElement":[{"@type":"ListItem","position":1,"name":"Start","item":"https:\/\/www.kommunikationsraum.at\/en\/"},{"@type":"ListItem","position":2,"name":"The King\u2019s speech"}]},{"@type":"WebSite","@id":"https:\/\/www.kommunikationsraum.at\/en\/#website","url":"https:\/\/www.kommunikationsraum.at\/en\/","name":"Kommunikationsraum","description":"Kommunikation neu denken","potentialAction":[{"@type":"SearchAction","target":{"@type":"EntryPoint","urlTemplate":"https:\/\/www.kommunikationsraum.at\/en\/?s={search_term_string}"},"query-input":{"@type":"PropertyValueSpecification","valueRequired":true,"valueName":"search_term_string"}}],"inLanguage":"en-US"},{"@type":"Person","@id":"https:\/\/www.kommunikationsraum.at\/en\/#\/schema\/person\/040edcad1adf04fa994f04d86ea2aaaf","name":"Sabine Traxler","url":"https:\/\/www.kommunikationsraum.at\/en\/blog\/author\/straxler\/"}]}},"_links":{"self":[{"href":"https:\/\/www.kommunikationsraum.at\/en\/wp-json\/wp\/v2\/posts\/8922","targetHints":{"allow":["GET"]}}],"collection":[{"href":"https:\/\/www.kommunikationsraum.at\/en\/wp-json\/wp\/v2\/posts"}],"about":[{"href":"https:\/\/www.kommunikationsraum.at\/en\/wp-json\/wp\/v2\/types\/post"}],"author":[{"embeddable":true,"href":"https:\/\/www.kommunikationsraum.at\/en\/wp-json\/wp\/v2\/users\/2"}],"replies":[{"embeddable":true,"href":"https:\/\/www.kommunikationsraum.at\/en\/wp-json\/wp\/v2\/comments?post=8922"}],"version-history":[{"count":72,"href":"https:\/\/www.kommunikationsraum.at\/en\/wp-json\/wp\/v2\/posts\/8922\/revisions"}],"predecessor-version":[{"id":9006,"href":"https:\/\/www.kommunikationsraum.at\/en\/wp-json\/wp\/v2\/posts\/8922\/revisions\/9006"}],"wp:featuredmedia":[{"embeddable":true,"href":"https:\/\/www.kommunikationsraum.at\/en\/wp-json\/wp\/v2\/media\/8923"}],"wp:attachment":[{"href":"https:\/\/www.kommunikationsraum.at\/en\/wp-json\/wp\/v2\/media?parent=8922"}],"wp:term":[{"taxonomy":"category","embeddable":true,"href":"https:\/\/www.kommunikationsraum.at\/en\/wp-json\/wp\/v2\/categories?post=8922"},{"taxonomy":"post_tag","embeddable":true,"href":"https:\/\/www.kommunikationsraum.at\/en\/wp-json\/wp\/v2\/tags?post=8922"}],"curies":[{"name":"wp","href":"https:\/\/api.w.org\/{rel}","templated":true}]}}