{"id":9356,"date":"2023-11-22T14:05:24","date_gmt":"2023-11-22T13:05:24","guid":{"rendered":"https:\/\/www.kommunikationsraum.at\/?p=9356"},"modified":"2023-11-22T16:46:46","modified_gmt":"2023-11-22T15:46:46","slug":"welchen-film-stellen-sie-sich-eigentlich-vor","status":"publish","type":"post","link":"https:\/\/www.kommunikationsraum.at\/en\/blog\/2023\/11\/welchen-film-stellen-sie-sich-eigentlich-vor\/","title":{"rendered":"Welchen Film stellen Sie sich eigentlich vor?"},"content":{"rendered":"\t\t<div data-elementor-type=\"wp-post\" data-elementor-id=\"9356\" class=\"elementor elementor-9356\">\n\t\t\t\t\t\t<div class=\"elementor-inner\">\n\t\t\t\t<div class=\"elementor-section-wrap\">\n\t\t\t\t\t\t\t\t\t<section class=\"elementor-section elementor-top-section elementor-element elementor-element-3ceae1c elementor-section-full_width elementor-section-height-default elementor-section-height-default\" data-id=\"3ceae1c\" data-element_type=\"section\">\n\t\t\t\t\t\t<div class=\"elementor-container elementor-column-gap-no\">\n\t\t\t\t\t\t\t<div class=\"elementor-row\">\n\t\t\t\t\t<aside class=\"elementor-column elementor-col-33 elementor-top-column elementor-element elementor-element-43cb067\" data-id=\"43cb067\" data-element_type=\"column\">\n\t\t\t<div class=\"elementor-column-wrap elementor-element-populated\">\n\t\t\t\t\t\t\t<div class=\"elementor-widget-wrap\">\n\t\t\t\t\t\t<div class=\"elementor-element elementor-element-72a3c21 elementor-hidden-desktop elementor-hidden-tablet elementor-widget elementor-widget-image\" data-id=\"72a3c21\" data-element_type=\"widget\" data-widget_type=\"image.default\">\n\t\t\t\t<div class=\"elementor-widget-container\">\n\t\t\t\t\t\t\t\t<div class=\"elementor-image\">\n\t\t\t\t\t\t\t\t\t\t\t\t\t<a href=\"https:\/\/www.kommunikationsraum.at\/blog\/\">\n\t\t\t\t\t\t\t<img loading=\"lazy\" decoding=\"async\" width=\"800\" height=\"600\" src=\"https:\/\/www.kommunikationsraum.at\/wp-content\/uploads\/2021\/03\/journal-800x600-1.png\" class=\"attachment-full size-full wp-image-2843\" alt=\"\" srcset=\"https:\/\/www.kommunikationsraum.at\/wp-content\/uploads\/2021\/03\/journal-800x600-1.png 800w, https:\/\/www.kommunikationsraum.at\/wp-content\/uploads\/2021\/03\/journal-800x600-1-300x225.png 300w, https:\/\/www.kommunikationsraum.at\/wp-content\/uploads\/2021\/03\/journal-800x600-1-768x576.png 768w\" sizes=\"auto, (max-width: 800px) 100vw, 800px\" \/>\t\t\t\t\t\t\t\t<\/a>\n\t\t\t\t\t\t\t\t\t\t\t\t\t\t<\/div>\n\t\t\t\t\t\t<\/div>\n\t\t\t\t<\/div>\n\t\t\t\t<div class=\"elementor-element elementor-element-acf63b3 elementor-widget elementor-widget-image\" data-id=\"acf63b3\" data-element_type=\"widget\" data-widget_type=\"image.default\">\n\t\t\t\t<div class=\"elementor-widget-container\">\n\t\t\t\t\t\t\t\t<div class=\"elementor-image\">\n\t\t\t\t\t\t\t\t\t\t\t\t<img loading=\"lazy\" decoding=\"async\" width=\"800\" height=\"600\" src=\"https:\/\/www.kommunikationsraum.at\/wp-content\/uploads\/2023\/11\/23_11_21-journal-800x600-1.jpg\" class=\"attachment-full size-full wp-image-9364\" alt=\"\" srcset=\"https:\/\/www.kommunikationsraum.at\/wp-content\/uploads\/2023\/11\/23_11_21-journal-800x600-1.jpg 800w, https:\/\/www.kommunikationsraum.at\/wp-content\/uploads\/2023\/11\/23_11_21-journal-800x600-1-300x225.jpg 300w, https:\/\/www.kommunikationsraum.at\/wp-content\/uploads\/2023\/11\/23_11_21-journal-800x600-1-768x576.jpg 768w\" sizes=\"auto, (max-width: 800px) 100vw, 800px\" \/>\t\t\t\t\t\t\t\t\t\t\t\t\t\t<\/div>\n\t\t\t\t\t\t<\/div>\n\t\t\t\t<\/div>\n\t\t\t\t\t\t<\/div>\n\t\t\t\t\t<\/div>\n\t\t<\/aside>\n\t\t\t\t<article class=\"elementor-column elementor-col-33 elementor-top-column elementor-element elementor-element-aa3524e\" data-id=\"aa3524e\" data-element_type=\"column\">\n\t\t\t<div class=\"elementor-column-wrap elementor-element-populated\">\n\t\t\t\t\t\t\t<div class=\"elementor-widget-wrap\">\n\t\t\t\t\t\t<div class=\"elementor-element elementor-element-84368b0 subpage elementor-widget elementor-widget-text-editor\" data-id=\"84368b0\" data-element_type=\"widget\" data-widget_type=\"text-editor.default\">\n\t\t\t\t<div class=\"elementor-widget-container\">\n\t\t\t\t\t\t\t\t<div class=\"elementor-text-editor elementor-clearfix\">\n\t\t\t\t<h3><strong>Welchen Film stellen Sie sich eigentlich vor?<\/strong><\/h3>\t\t\t\t\t<\/div>\n\t\t\t\t\t\t<\/div>\n\t\t\t\t<\/div>\n\t\t\t\t<div class=\"elementor-element elementor-element-7f59b48 subpage elementor-widget elementor-widget-text-editor\" data-id=\"7f59b48\" data-element_type=\"widget\" data-widget_type=\"text-editor.default\">\n\t\t\t\t<div class=\"elementor-widget-container\">\n\t\t\t\t\t\t\t\t<div class=\"elementor-text-editor elementor-clearfix\">\n\t\t\t\t<h4>Lernen von Sir Ridley Scott<\/h4>\t\t\t\t\t<\/div>\n\t\t\t\t\t\t<\/div>\n\t\t\t\t<\/div>\n\t\t\t\t<div class=\"elementor-element elementor-element-eddc7f8 elementor-widget elementor-widget-text-editor\" data-id=\"eddc7f8\" data-element_type=\"widget\" data-widget_type=\"text-editor.default\">\n\t\t\t\t<div class=\"elementor-widget-container\">\n\t\t\t\t\t\t\t\t<div class=\"elementor-text-editor elementor-clearfix\">\n\t\t\t\t<p><a href=\"https:\/\/www.kommunikationsraum.at\/real-world\/team\/\" target=\"_blank\" rel=\"noreferrer noopener\">Bettina Pepek<\/a><\/p>\t\t\t\t\t<\/div>\n\t\t\t\t\t\t<\/div>\n\t\t\t\t<\/div>\n\t\t\t\t<div class=\"elementor-element elementor-element-e9d1aaa elementor-widget elementor-widget-text-editor\" data-id=\"e9d1aaa\" data-element_type=\"widget\" data-widget_type=\"text-editor.default\">\n\t\t\t\t<div class=\"elementor-widget-container\">\n\t\t\t\t\t\t\t\t<div class=\"elementor-text-editor elementor-clearfix\">\n\t\t\t\t<p>Anl\u00e4sslich der Weltpremiere seines neuen Films \u00fcber Napoleon gab Sir Ridley Scott unter anderem auch der S\u00fcddeutschen Zeitung ein Interview. Scott, ein gro\u00dfer Erz\u00e4hler, wagt sich diesmal an ein gewaltiges St\u00fcck Weltgeschichte &#8211; an dem schon Gr\u00f6\u00dfen wie Charlie Chaplin und Stanley Kubrick gescheitert sind &#8211; entsprechend riesig dimensioniert ist die Produktion. Wie geht das eigentlich, ein Set zu f\u00fchren, mit einer Crew von ein paar Hundert Leuten und wo jeder Drehtag Hunderttausende Dollars kostet? Wie geht er mit diesem Druck um?<\/p>\t\t\t\t\t<\/div>\n\t\t\t\t\t\t<\/div>\n\t\t\t\t<\/div>\n\t\t\t\t<div class=\"elementor-element elementor-element-a690e01 elementor-widget elementor-widget-text-editor\" data-id=\"a690e01\" data-element_type=\"widget\" data-widget_type=\"text-editor.default\">\n\t\t\t\t<div class=\"elementor-widget-container\">\n\t\t\t\t\t\t\t\t<div class=\"elementor-text-editor elementor-clearfix\">\n\t\t\t\t<p>\u201eEs wird dann leicht, wenn Sie den Leuten verst\u00e4ndlich machen k\u00f6nnen, was Sie eigentlich wollen. Also welchen Film Sie sich vorstellen. Wenn man das nicht gut erkl\u00e4ren kann, wird es immer Probleme geben, weil beide Seiten nicht kapieren, warum der jeweils andere sich so auff\u00fchrt.\u201c<\/p><p><a href=\"#_ftnref1\" name=\"_ftn1\"><\/a><\/p>\t\t\t\t\t<\/div>\n\t\t\t\t\t\t<\/div>\n\t\t\t\t<\/div>\n\t\t\t\t<div class=\"elementor-element elementor-element-6f9b9de elementor-widget elementor-widget-text-editor\" data-id=\"6f9b9de\" data-element_type=\"widget\" data-widget_type=\"text-editor.default\">\n\t\t\t\t<div class=\"elementor-widget-container\">\n\t\t\t\t\t\t\t\t<div class=\"elementor-text-editor elementor-clearfix\">\n\t\t\t\t<p>Scott, Absolvent einer Kunsthochschule, und ein zutiefst visueller Mensch, arbeitet mit detaillierten Storyboards, die klar machen, wohin die Reise geht und was f\u00fcr jeden zu tun ist, was erwartet wird. \u201eDas\u201c, so Scott, \u201emacht die Sache auch billiger.\u201c Denn Filmemacher \u00fcberziehen immer dann das Budget, wenn sie nicht erkl\u00e4ren k\u00f6nnen, was sie wollen.<\/p>\t\t\t\t\t<\/div>\n\t\t\t\t\t\t<\/div>\n\t\t\t\t<\/div>\n\t\t\t\t<div class=\"elementor-element elementor-element-c0df139 elementor-widget elementor-widget-text-editor\" data-id=\"c0df139\" data-element_type=\"widget\" data-widget_type=\"text-editor.default\">\n\t\t\t\t<div class=\"elementor-widget-container\">\n\t\t\t\t\t\t\t\t<div class=\"elementor-text-editor elementor-clearfix\">\n\t\t\t\t<p>Schnitt und Klappe &#8211; Praxistransfer in Organisationen: Wie schaffen F\u00fchrungskr\u00e4fte es, Mitarbeiter*innen auf die Ver\u00e4nderungsreise mitzunehmen, wie gelingt es Teams Orientierung zu geben und auf ein gemeinsames Ziel hinzusteuern?<\/p>\t\t\t\t\t<\/div>\n\t\t\t\t\t\t<\/div>\n\t\t\t\t<\/div>\n\t\t\t\t<div class=\"elementor-element elementor-element-913adb8 elementor-widget elementor-widget-text-editor\" data-id=\"913adb8\" data-element_type=\"widget\" data-widget_type=\"text-editor.default\">\n\t\t\t\t<div class=\"elementor-widget-container\">\n\t\t\t\t\t\t\t\t<div class=\"elementor-text-editor elementor-clearfix\">\n\t\t\t\t<p><strong>Das wichtigste Steuerungsinstrument, das F\u00fchrung dazu zur Verf\u00fcgung steht ist Kommunikation! <\/strong><\/p>\t\t\t\t\t<\/div>\n\t\t\t\t\t\t<\/div>\n\t\t\t\t<\/div>\n\t\t\t\t<div class=\"elementor-element elementor-element-d733a51 elementor-widget elementor-widget-text-editor\" data-id=\"d733a51\" data-element_type=\"widget\" data-widget_type=\"text-editor.default\">\n\t\t\t\t<div class=\"elementor-widget-container\">\n\t\t\t\t\t\t\t\t<div class=\"elementor-text-editor elementor-clearfix\">\n\t\t\t\t<p>Der Filmregisseur verwendet Storyboards und macht damit schon mal deutlich, dass wir uns neben den Inhalten vor allem auch Gedanken zu Gestaltung von Kommunikation machen m\u00fcssen. Nachhaltige Kommunikation hat viel damit zu tun, sich \u00fcber Settings und R\u00e4ume Gedanken zu machen, die es uns erlauben Erfahrungen und Wissen zu teilen, ins gemeinsame Tun zu kommen und Zukunft zu gestalten. Geht es um die Inhalte, gilt<em> from content to value<\/em>: Menschen ber\u00fchren mit starken Geschichten und Botschaften, die (erw\u00fcnschte) Handlungen erzeugen. Dabei spielt Originalit\u00e4t eine wichtige Rolle, denn Kommunikationsl\u00f6sungen, die nachhaltig erfolgreich wirken, enthalten kreative Substanz oder wie wir es nennen: inventive enhancement.<\/p>\t\t\t\t\t<\/div>\n\t\t\t\t\t\t<\/div>\n\t\t\t\t<\/div>\n\t\t\t\t<div class=\"elementor-element elementor-element-bd1c9fe elementor-widget elementor-widget-image\" data-id=\"bd1c9fe\" data-element_type=\"widget\" data-widget_type=\"image.default\">\n\t\t\t\t<div class=\"elementor-widget-container\">\n\t\t\t\t\t\t\t\t<div class=\"elementor-image\">\n\t\t\t\t\t\t\t\t\t\t\t\t<img loading=\"lazy\" decoding=\"async\" width=\"800\" height=\"450\" src=\"https:\/\/www.kommunikationsraum.at\/wp-content\/uploads\/2023\/11\/23_11_21-grafik-journal-800x450-2.png\" class=\"attachment-full size-full wp-image-9472\" alt=\"\" srcset=\"https:\/\/www.kommunikationsraum.at\/wp-content\/uploads\/2023\/11\/23_11_21-grafik-journal-800x450-2.png 800w, https:\/\/www.kommunikationsraum.at\/wp-content\/uploads\/2023\/11\/23_11_21-grafik-journal-800x450-2-300x169.png 300w, https:\/\/www.kommunikationsraum.at\/wp-content\/uploads\/2023\/11\/23_11_21-grafik-journal-800x450-2-768x432.png 768w\" sizes=\"auto, (max-width: 800px) 100vw, 800px\" \/>\t\t\t\t\t\t\t\t\t\t\t\t\t\t<\/div>\n\t\t\t\t\t\t<\/div>\n\t\t\t\t<\/div>\n\t\t\t\t<div class=\"elementor-element elementor-element-8551acb elementor-widget elementor-widget-text-editor\" data-id=\"8551acb\" data-element_type=\"widget\" data-widget_type=\"text-editor.default\">\n\t\t\t\t<div class=\"elementor-widget-container\">\n\t\t\t\t\t\t\t\t<div class=\"elementor-text-editor elementor-clearfix\">\n\t\t\t\t<p>Diese Form der kreativen Organisationsberatung bzw. -psychologie f\u00fchrt zu einer Aufladung und Amplifikation von Kommunikationsstrategien. Sie werden dadurch nicht nur inspirierend und originell, sondern vor allem nachhaltiger.<\/p>\t\t\t\t\t<\/div>\n\t\t\t\t\t\t<\/div>\n\t\t\t\t<\/div>\n\t\t\t\t<div class=\"elementor-element elementor-element-5ee174a elementor-widget elementor-widget-text-editor\" data-id=\"5ee174a\" data-element_type=\"widget\" data-widget_type=\"text-editor.default\">\n\t\t\t\t<div class=\"elementor-widget-container\">\n\t\t\t\t\t\t\t\t<div class=\"elementor-text-editor elementor-clearfix\">\n\t\t\t\t<p>M\u00fcssen F\u00fchrungskr\u00e4fte jetzt also Storyboards zeichnen, um Mitarbeiter*innen zu \u00fcberzeugen? Wie sagt Sir Ridley Scott in diesem Interview so sch\u00f6n: Leute machen mit, wenn sie gut behandelt werden und Spa\u00df an der Sache haben. Die Gestaltung Ihrer Kommunikation soll und muss sich genau auch daran orientieren!<\/p>\t\t\t\t\t<\/div>\n\t\t\t\t\t\t<\/div>\n\t\t\t\t<\/div>\n\t\t\t\t<div class=\"elementor-element elementor-element-b4e3813 elementor-widget elementor-widget-text-editor\" data-id=\"b4e3813\" data-element_type=\"widget\" data-widget_type=\"text-editor.default\">\n\t\t\t\t<div class=\"elementor-widget-container\">\n\t\t\t\t\t\t\t\t<div class=\"elementor-text-editor elementor-clearfix\">\n\t\t\t\t<p><strong>Bettina Pepek f\u00fcr kommunikationsraum GmbH | November 2023<\/strong><\/p>\t\t\t\t\t<\/div>\n\t\t\t\t\t\t<\/div>\n\t\t\t\t<\/div>\n\t\t\t\t\t\t<\/div>\n\t\t\t\t\t<\/div>\n\t\t<\/article>\n\t\t\t\t<aside class=\"elementor-column elementor-col-33 elementor-top-column elementor-element elementor-element-726fae6\" data-id=\"726fae6\" data-element_type=\"column\">\n\t\t\t<div class=\"elementor-column-wrap elementor-element-populated\">\n\t\t\t\t\t\t\t<div class=\"elementor-widget-wrap\">\n\t\t\t\t\t\t<div class=\"elementor-element elementor-element-8b2aefd elementor-hidden-phone elementor-widget elementor-widget-image\" data-id=\"8b2aefd\" data-element_type=\"widget\" data-widget_type=\"image.default\">\n\t\t\t\t<div class=\"elementor-widget-container\">\n\t\t\t\t\t\t\t\t<div class=\"elementor-image\">\n\t\t\t\t\t\t\t\t\t\t\t\t\t<a href=\"https:\/\/www.kommunikationsraum.at\/blog\/\">\n\t\t\t\t\t\t\t<img loading=\"lazy\" decoding=\"async\" width=\"800\" height=\"600\" src=\"https:\/\/www.kommunikationsraum.at\/wp-content\/uploads\/2021\/03\/journal-800x600-1.png\" class=\"attachment-full size-full wp-image-2843\" alt=\"\" srcset=\"https:\/\/www.kommunikationsraum.at\/wp-content\/uploads\/2021\/03\/journal-800x600-1.png 800w, https:\/\/www.kommunikationsraum.at\/wp-content\/uploads\/2021\/03\/journal-800x600-1-300x225.png 300w, https:\/\/www.kommunikationsraum.at\/wp-content\/uploads\/2021\/03\/journal-800x600-1-768x576.png 768w\" sizes=\"auto, (max-width: 800px) 100vw, 800px\" \/>\t\t\t\t\t\t\t\t<\/a>\n\t\t\t\t\t\t\t\t\t\t\t\t\t\t<\/div>\n\t\t\t\t\t\t<\/div>\n\t\t\t\t<\/div>\n\t\t\t\t<div class=\"elementor-element elementor-element-44bd265 elementor-hidden-phone elementor-widget elementor-widget-spacer\" data-id=\"44bd265\" data-element_type=\"widget\" data-widget_type=\"spacer.default\">\n\t\t\t\t<div class=\"elementor-widget-container\">\n\t\t\t\t\t<div class=\"elementor-spacer\">\n\t\t\t<div class=\"elementor-spacer-inner\"><\/div>\n\t\t<\/div>\n\t\t\t\t<\/div>\n\t\t\t\t<\/div>\n\t\t\t\t<div class=\"elementor-element elementor-element-55ab200 elementor-widget elementor-widget-text-editor\" data-id=\"55ab200\" data-element_type=\"widget\" data-widget_type=\"text-editor.default\">\n\t\t\t\t<div class=\"elementor-widget-container\">\n\t\t\t\t\t\t\t\t<div class=\"elementor-text-editor elementor-clearfix\">\n\t\t\t\t<p><strong>Weiterf\u00fchrende Links:<\/strong><\/p>\t\t\t\t\t<\/div>\n\t\t\t\t\t\t<\/div>\n\t\t\t\t<\/div>\n\t\t\t\t<div class=\"elementor-element elementor-element-ee6c899 elementor-widget elementor-widget-text-editor\" data-id=\"ee6c899\" data-element_type=\"widget\" data-widget_type=\"text-editor.default\">\n\t\t\t\t<div class=\"elementor-widget-container\">\n\t\t\t\t\t\t\t\t<div class=\"elementor-text-editor elementor-clearfix\">\n\t\t\t\t<p><a href=\"https:\/\/boords.com\/blog\/10-best-ridley-scott-storyboards-to-give-you-inspiration\" target=\"_blank\" rel=\"noopener\">10 Best Ridley Scott Storyboards to Give you Inspiration<\/a><\/p>\t\t\t\t\t<\/div>\n\t\t\t\t\t\t<\/div>\n\t\t\t\t<\/div>\n\t\t\t\t<div class=\"elementor-element elementor-element-d3e0bbf elementor-widget elementor-widget-text-editor\" data-id=\"d3e0bbf\" data-element_type=\"widget\" data-widget_type=\"text-editor.default\">\n\t\t\t\t<div class=\"elementor-widget-container\">\n\t\t\t\t\t\t\t\t<div class=\"elementor-text-editor elementor-clearfix\">\n\t\t\t\t<p><a href=\"https:\/\/www.youtube.com\/watch?v=ZJVSpbmXDZg\" target=\"_blank\" rel=\"noopener\">The art of storyboarding with Ridley Scott<\/a>, YouTube<\/p>\t\t\t\t\t<\/div>\n\t\t\t\t\t\t<\/div>\n\t\t\t\t<\/div>\n\t\t\t\t<div class=\"elementor-element elementor-element-1165df4 elementor-widget elementor-widget-text-editor\" data-id=\"1165df4\" data-element_type=\"widget\" data-widget_type=\"text-editor.default\">\n\t\t\t\t<div class=\"elementor-widget-container\">\n\t\t\t\t\t\t\t\t<div class=\"elementor-text-editor elementor-clearfix\">\n\t\t\t\t<p><span style=\"color: var( --e-global-color-text ); font-size: var( --e-global-typography-text-font-size ); font-weight: var( --e-global-typography-text-font-weight );\">JOURNALBEITRAG<\/span><\/p><p><a href=\"https:\/\/www.kommunikationsraum.at\/blog\/2021\/10\/erfolgreiche-teams-sind-keine-wissenschaft\/\" target=\"_blank\" rel=\"noopener\">Erfolgreiche Teams sind (k)eine Wissenschaft.<\/a><\/p>\t\t\t\t\t<\/div>\n\t\t\t\t\t\t<\/div>\n\t\t\t\t<\/div>\n\t\t\t\t<div class=\"elementor-element elementor-element-7894e5b elementor-widget elementor-widget-text-editor\" data-id=\"7894e5b\" data-element_type=\"widget\" data-widget_type=\"text-editor.default\">\n\t\t\t\t<div class=\"elementor-widget-container\">\n\t\t\t\t\t\t\t\t<div class=\"elementor-text-editor elementor-clearfix\">\n\t\t\t\t<p>JOURNALBEITRAG<\/p><p><a href=\"https:\/\/www.kommunikationsraum.at\/blog\/2021\/10\/kriseln-sie-noch-oder-veraendern-sie-schon\/\" target=\"_blank\" rel=\"noopener\">Kriseln Sie noch oder ver\u00e4ndern Sie schon?<\/a><\/p>\t\t\t\t\t<\/div>\n\t\t\t\t\t\t<\/div>\n\t\t\t\t<\/div>\n\t\t\t\t\t\t<\/div>\n\t\t\t\t\t<\/div>\n\t\t<\/aside>\n\t\t\t\t\t\t\t\t<\/div>\n\t\t\t\t\t<\/div>\n\t\t<\/section>\n\t\t\t\t\t\t\t\t\t<\/div>\n\t\t\t<\/div>\n\t\t\t\t\t<\/div>\n\t\t","protected":false},"excerpt":{"rendered":"<p>Lernen von Sir Ridley Scott. Anl\u00e4sslich der Weltpremiere seines neuen Films \u00fcber Napoleon gab Sir Ridley Scott unter anderem auch der S\u00fcddeutschen Zeitung ein Interview. Scott, ein gro\u00dfer Erz\u00e4hler, wagt sich diesmal an ein gewaltiges St\u00fcck Weltgeschichte &#8211; an dem schon Gr\u00f6\u00dfen wie Charlie Chaplin und Stanley Kubrick gescheitert sind &#8211; entsprechend riesig dimensioniert ist die Produktion. Wie geht das eigentlich, ein Set zu f\u00fchren, mit einer Crew von ein paar Hundert Leuten und wo &#8230;<\/p>\n","protected":false},"author":2,"featured_media":9357,"comment_status":"open","ping_status":"open","sticky":false,"template":"elementor_header_footer","format":"standard","meta":{"footnotes":""},"categories":[1],"tags":[],"class_list":["post-9356","post","type-post","status-publish","format-standard","has-post-thumbnail","hentry","category-allgemein"],"yoast_head":"<!-- This site is optimized with the Yoast SEO plugin v27.2 - https:\/\/yoast.com\/product\/yoast-seo-wordpress\/ -->\n<title>Welchen Film stellen Sie sich eigentlich vor? - Kommunikationsraum<\/title>\n<meta name=\"robots\" content=\"index, follow, max-snippet:-1, max-image-preview:large, max-video-preview:-1\" \/>\n<link rel=\"canonical\" href=\"https:\/\/www.kommunikationsraum.at\/en\/blog\/2023\/11\/welchen-film-stellen-sie-sich-eigentlich-vor\/\" \/>\n<meta property=\"og:locale\" content=\"en_US\" \/>\n<meta property=\"og:type\" content=\"article\" \/>\n<meta property=\"og:title\" content=\"Welchen Film stellen Sie sich eigentlich vor? - Kommunikationsraum\" \/>\n<meta property=\"og:description\" content=\"Lernen von Sir Ridley Scott. Anl\u00e4sslich der Weltpremiere seines neuen Films \u00fcber Napoleon gab Sir Ridley Scott unter anderem auch der S\u00fcddeutschen Zeitung ein Interview. Scott, ein gro\u00dfer Erz\u00e4hler, wagt sich diesmal an ein gewaltiges St\u00fcck Weltgeschichte - an dem schon Gr\u00f6\u00dfen wie Charlie Chaplin und Stanley Kubrick gescheitert sind - entsprechend riesig dimensioniert ist die Produktion. Wie geht das eigentlich, ein Set zu f\u00fchren, mit einer Crew von ein paar Hundert Leuten und wo ...\" \/>\n<meta property=\"og:url\" content=\"https:\/\/www.kommunikationsraum.at\/en\/blog\/2023\/11\/welchen-film-stellen-sie-sich-eigentlich-vor\/\" \/>\n<meta property=\"og:site_name\" content=\"Kommunikationsraum\" \/>\n<meta property=\"article:publisher\" content=\"https:\/\/www.facebook.com\/kommunikationsraumwien\/\" \/>\n<meta property=\"article:published_time\" content=\"2023-11-22T13:05:24+00:00\" \/>\n<meta property=\"article:modified_time\" content=\"2023-11-22T15:46:46+00:00\" \/>\n<meta property=\"og:image\" content=\"https:\/\/www.kommunikationsraum.at\/wp-content\/uploads\/2023\/11\/23_11_21-journal-800x450-1.jpg\" \/>\n\t<meta property=\"og:image:width\" content=\"800\" \/>\n\t<meta property=\"og:image:height\" content=\"450\" \/>\n\t<meta property=\"og:image:type\" content=\"image\/jpeg\" \/>\n<meta name=\"author\" content=\"Sabine Traxler\" \/>\n<meta name=\"twitter:card\" content=\"summary_large_image\" \/>\n<meta name=\"twitter:creator\" content=\"@kr_hinterland\" \/>\n<meta name=\"twitter:site\" content=\"@kr_hinterland\" \/>\n<script type=\"application\/ld+json\" class=\"yoast-schema-graph\">{\"@context\":\"https:\/\/schema.org\",\"@graph\":[{\"@type\":\"Article\",\"@id\":\"https:\/\/www.kommunikationsraum.at\/en\/blog\/2023\/11\/welchen-film-stellen-sie-sich-eigentlich-vor\/#article\",\"isPartOf\":{\"@id\":\"https:\/\/www.kommunikationsraum.at\/en\/blog\/2023\/11\/welchen-film-stellen-sie-sich-eigentlich-vor\/\"},\"author\":{\"name\":\"Sabine Traxler\",\"@id\":\"https:\/\/www.kommunikationsraum.at\/en\/#\/schema\/person\/040edcad1adf04fa994f04d86ea2aaaf\"},\"headline\":\"Welchen Film stellen Sie sich eigentlich vor?\",\"datePublished\":\"2023-11-22T13:05:24+00:00\",\"dateModified\":\"2023-11-22T15:46:46+00:00\",\"mainEntityOfPage\":{\"@id\":\"https:\/\/www.kommunikationsraum.at\/en\/blog\/2023\/11\/welchen-film-stellen-sie-sich-eigentlich-vor\/\"},\"wordCount\":490,\"commentCount\":0,\"image\":{\"@id\":\"https:\/\/www.kommunikationsraum.at\/en\/blog\/2023\/11\/welchen-film-stellen-sie-sich-eigentlich-vor\/#primaryimage\"},\"thumbnailUrl\":\"https:\/\/www.kommunikationsraum.at\/wp-content\/uploads\/2023\/11\/23_11_21-journal-800x450-1.jpg\",\"articleSection\":[\"Allgemein\"],\"inLanguage\":\"en-US\",\"potentialAction\":[{\"@type\":\"CommentAction\",\"name\":\"Comment\",\"target\":[\"https:\/\/www.kommunikationsraum.at\/en\/blog\/2023\/11\/welchen-film-stellen-sie-sich-eigentlich-vor\/#respond\"]}]},{\"@type\":\"WebPage\",\"@id\":\"https:\/\/www.kommunikationsraum.at\/en\/blog\/2023\/11\/welchen-film-stellen-sie-sich-eigentlich-vor\/\",\"url\":\"https:\/\/www.kommunikationsraum.at\/en\/blog\/2023\/11\/welchen-film-stellen-sie-sich-eigentlich-vor\/\",\"name\":\"Welchen Film stellen Sie sich eigentlich vor? - Kommunikationsraum\",\"isPartOf\":{\"@id\":\"https:\/\/www.kommunikationsraum.at\/en\/#website\"},\"primaryImageOfPage\":{\"@id\":\"https:\/\/www.kommunikationsraum.at\/en\/blog\/2023\/11\/welchen-film-stellen-sie-sich-eigentlich-vor\/#primaryimage\"},\"image\":{\"@id\":\"https:\/\/www.kommunikationsraum.at\/en\/blog\/2023\/11\/welchen-film-stellen-sie-sich-eigentlich-vor\/#primaryimage\"},\"thumbnailUrl\":\"https:\/\/www.kommunikationsraum.at\/wp-content\/uploads\/2023\/11\/23_11_21-journal-800x450-1.jpg\",\"datePublished\":\"2023-11-22T13:05:24+00:00\",\"dateModified\":\"2023-11-22T15:46:46+00:00\",\"author\":{\"@id\":\"https:\/\/www.kommunikationsraum.at\/en\/#\/schema\/person\/040edcad1adf04fa994f04d86ea2aaaf\"},\"breadcrumb\":{\"@id\":\"https:\/\/www.kommunikationsraum.at\/en\/blog\/2023\/11\/welchen-film-stellen-sie-sich-eigentlich-vor\/#breadcrumb\"},\"inLanguage\":\"en-US\",\"potentialAction\":[{\"@type\":\"ReadAction\",\"target\":[\"https:\/\/www.kommunikationsraum.at\/en\/blog\/2023\/11\/welchen-film-stellen-sie-sich-eigentlich-vor\/\"]}]},{\"@type\":\"ImageObject\",\"inLanguage\":\"en-US\",\"@id\":\"https:\/\/www.kommunikationsraum.at\/en\/blog\/2023\/11\/welchen-film-stellen-sie-sich-eigentlich-vor\/#primaryimage\",\"url\":\"https:\/\/www.kommunikationsraum.at\/wp-content\/uploads\/2023\/11\/23_11_21-journal-800x450-1.jpg\",\"contentUrl\":\"https:\/\/www.kommunikationsraum.at\/wp-content\/uploads\/2023\/11\/23_11_21-journal-800x450-1.jpg\",\"width\":800,\"height\":450},{\"@type\":\"BreadcrumbList\",\"@id\":\"https:\/\/www.kommunikationsraum.at\/en\/blog\/2023\/11\/welchen-film-stellen-sie-sich-eigentlich-vor\/#breadcrumb\",\"itemListElement\":[{\"@type\":\"ListItem\",\"position\":1,\"name\":\"Start\",\"item\":\"https:\/\/www.kommunikationsraum.at\/en\/\"},{\"@type\":\"ListItem\",\"position\":2,\"name\":\"Welchen Film stellen Sie sich eigentlich vor?\"}]},{\"@type\":\"WebSite\",\"@id\":\"https:\/\/www.kommunikationsraum.at\/en\/#website\",\"url\":\"https:\/\/www.kommunikationsraum.at\/en\/\",\"name\":\"Kommunikationsraum\",\"description\":\"Kommunikation neu denken\",\"potentialAction\":[{\"@type\":\"SearchAction\",\"target\":{\"@type\":\"EntryPoint\",\"urlTemplate\":\"https:\/\/www.kommunikationsraum.at\/en\/?s={search_term_string}\"},\"query-input\":{\"@type\":\"PropertyValueSpecification\",\"valueRequired\":true,\"valueName\":\"search_term_string\"}}],\"inLanguage\":\"en-US\"},{\"@type\":\"Person\",\"@id\":\"https:\/\/www.kommunikationsraum.at\/en\/#\/schema\/person\/040edcad1adf04fa994f04d86ea2aaaf\",\"name\":\"Sabine Traxler\",\"url\":\"https:\/\/www.kommunikationsraum.at\/en\/blog\/author\/straxler\/\"}]}<\/script>\n<!-- \/ Yoast SEO plugin. -->","yoast_head_json":{"title":"Welchen Film stellen Sie sich eigentlich vor? - Kommunikationsraum","robots":{"index":"index","follow":"follow","max-snippet":"max-snippet:-1","max-image-preview":"max-image-preview:large","max-video-preview":"max-video-preview:-1"},"canonical":"https:\/\/www.kommunikationsraum.at\/en\/blog\/2023\/11\/welchen-film-stellen-sie-sich-eigentlich-vor\/","og_locale":"en_US","og_type":"article","og_title":"Welchen Film stellen Sie sich eigentlich vor? - Kommunikationsraum","og_description":"Lernen von Sir Ridley Scott. Anl\u00e4sslich der Weltpremiere seines neuen Films \u00fcber Napoleon gab Sir Ridley Scott unter anderem auch der S\u00fcddeutschen Zeitung ein Interview. Scott, ein gro\u00dfer Erz\u00e4hler, wagt sich diesmal an ein gewaltiges St\u00fcck Weltgeschichte - an dem schon Gr\u00f6\u00dfen wie Charlie Chaplin und Stanley Kubrick gescheitert sind - entsprechend riesig dimensioniert ist die Produktion. Wie geht das eigentlich, ein Set zu f\u00fchren, mit einer Crew von ein paar Hundert Leuten und wo ...","og_url":"https:\/\/www.kommunikationsraum.at\/en\/blog\/2023\/11\/welchen-film-stellen-sie-sich-eigentlich-vor\/","og_site_name":"Kommunikationsraum","article_publisher":"https:\/\/www.facebook.com\/kommunikationsraumwien\/","article_published_time":"2023-11-22T13:05:24+00:00","article_modified_time":"2023-11-22T15:46:46+00:00","og_image":[{"width":800,"height":450,"url":"https:\/\/www.kommunikationsraum.at\/wp-content\/uploads\/2023\/11\/23_11_21-journal-800x450-1.jpg","type":"image\/jpeg"}],"author":"Sabine Traxler","twitter_card":"summary_large_image","twitter_creator":"@kr_hinterland","twitter_site":"@kr_hinterland","schema":{"@context":"https:\/\/schema.org","@graph":[{"@type":"Article","@id":"https:\/\/www.kommunikationsraum.at\/en\/blog\/2023\/11\/welchen-film-stellen-sie-sich-eigentlich-vor\/#article","isPartOf":{"@id":"https:\/\/www.kommunikationsraum.at\/en\/blog\/2023\/11\/welchen-film-stellen-sie-sich-eigentlich-vor\/"},"author":{"name":"Sabine Traxler","@id":"https:\/\/www.kommunikationsraum.at\/en\/#\/schema\/person\/040edcad1adf04fa994f04d86ea2aaaf"},"headline":"Welchen Film stellen Sie sich eigentlich vor?","datePublished":"2023-11-22T13:05:24+00:00","dateModified":"2023-11-22T15:46:46+00:00","mainEntityOfPage":{"@id":"https:\/\/www.kommunikationsraum.at\/en\/blog\/2023\/11\/welchen-film-stellen-sie-sich-eigentlich-vor\/"},"wordCount":490,"commentCount":0,"image":{"@id":"https:\/\/www.kommunikationsraum.at\/en\/blog\/2023\/11\/welchen-film-stellen-sie-sich-eigentlich-vor\/#primaryimage"},"thumbnailUrl":"https:\/\/www.kommunikationsraum.at\/wp-content\/uploads\/2023\/11\/23_11_21-journal-800x450-1.jpg","articleSection":["Allgemein"],"inLanguage":"en-US","potentialAction":[{"@type":"CommentAction","name":"Comment","target":["https:\/\/www.kommunikationsraum.at\/en\/blog\/2023\/11\/welchen-film-stellen-sie-sich-eigentlich-vor\/#respond"]}]},{"@type":"WebPage","@id":"https:\/\/www.kommunikationsraum.at\/en\/blog\/2023\/11\/welchen-film-stellen-sie-sich-eigentlich-vor\/","url":"https:\/\/www.kommunikationsraum.at\/en\/blog\/2023\/11\/welchen-film-stellen-sie-sich-eigentlich-vor\/","name":"Welchen Film stellen Sie sich eigentlich vor? - Kommunikationsraum","isPartOf":{"@id":"https:\/\/www.kommunikationsraum.at\/en\/#website"},"primaryImageOfPage":{"@id":"https:\/\/www.kommunikationsraum.at\/en\/blog\/2023\/11\/welchen-film-stellen-sie-sich-eigentlich-vor\/#primaryimage"},"image":{"@id":"https:\/\/www.kommunikationsraum.at\/en\/blog\/2023\/11\/welchen-film-stellen-sie-sich-eigentlich-vor\/#primaryimage"},"thumbnailUrl":"https:\/\/www.kommunikationsraum.at\/wp-content\/uploads\/2023\/11\/23_11_21-journal-800x450-1.jpg","datePublished":"2023-11-22T13:05:24+00:00","dateModified":"2023-11-22T15:46:46+00:00","author":{"@id":"https:\/\/www.kommunikationsraum.at\/en\/#\/schema\/person\/040edcad1adf04fa994f04d86ea2aaaf"},"breadcrumb":{"@id":"https:\/\/www.kommunikationsraum.at\/en\/blog\/2023\/11\/welchen-film-stellen-sie-sich-eigentlich-vor\/#breadcrumb"},"inLanguage":"en-US","potentialAction":[{"@type":"ReadAction","target":["https:\/\/www.kommunikationsraum.at\/en\/blog\/2023\/11\/welchen-film-stellen-sie-sich-eigentlich-vor\/"]}]},{"@type":"ImageObject","inLanguage":"en-US","@id":"https:\/\/www.kommunikationsraum.at\/en\/blog\/2023\/11\/welchen-film-stellen-sie-sich-eigentlich-vor\/#primaryimage","url":"https:\/\/www.kommunikationsraum.at\/wp-content\/uploads\/2023\/11\/23_11_21-journal-800x450-1.jpg","contentUrl":"https:\/\/www.kommunikationsraum.at\/wp-content\/uploads\/2023\/11\/23_11_21-journal-800x450-1.jpg","width":800,"height":450},{"@type":"BreadcrumbList","@id":"https:\/\/www.kommunikationsraum.at\/en\/blog\/2023\/11\/welchen-film-stellen-sie-sich-eigentlich-vor\/#breadcrumb","itemListElement":[{"@type":"ListItem","position":1,"name":"Start","item":"https:\/\/www.kommunikationsraum.at\/en\/"},{"@type":"ListItem","position":2,"name":"Welchen Film stellen Sie sich eigentlich vor?"}]},{"@type":"WebSite","@id":"https:\/\/www.kommunikationsraum.at\/en\/#website","url":"https:\/\/www.kommunikationsraum.at\/en\/","name":"Kommunikationsraum","description":"Kommunikation neu denken","potentialAction":[{"@type":"SearchAction","target":{"@type":"EntryPoint","urlTemplate":"https:\/\/www.kommunikationsraum.at\/en\/?s={search_term_string}"},"query-input":{"@type":"PropertyValueSpecification","valueRequired":true,"valueName":"search_term_string"}}],"inLanguage":"en-US"},{"@type":"Person","@id":"https:\/\/www.kommunikationsraum.at\/en\/#\/schema\/person\/040edcad1adf04fa994f04d86ea2aaaf","name":"Sabine Traxler","url":"https:\/\/www.kommunikationsraum.at\/en\/blog\/author\/straxler\/"}]}},"_links":{"self":[{"href":"https:\/\/www.kommunikationsraum.at\/en\/wp-json\/wp\/v2\/posts\/9356","targetHints":{"allow":["GET"]}}],"collection":[{"href":"https:\/\/www.kommunikationsraum.at\/en\/wp-json\/wp\/v2\/posts"}],"about":[{"href":"https:\/\/www.kommunikationsraum.at\/en\/wp-json\/wp\/v2\/types\/post"}],"author":[{"embeddable":true,"href":"https:\/\/www.kommunikationsraum.at\/en\/wp-json\/wp\/v2\/users\/2"}],"replies":[{"embeddable":true,"href":"https:\/\/www.kommunikationsraum.at\/en\/wp-json\/wp\/v2\/comments?post=9356"}],"version-history":[{"count":32,"href":"https:\/\/www.kommunikationsraum.at\/en\/wp-json\/wp\/v2\/posts\/9356\/revisions"}],"predecessor-version":[{"id":9475,"href":"https:\/\/www.kommunikationsraum.at\/en\/wp-json\/wp\/v2\/posts\/9356\/revisions\/9475"}],"wp:featuredmedia":[{"embeddable":true,"href":"https:\/\/www.kommunikationsraum.at\/en\/wp-json\/wp\/v2\/media\/9357"}],"wp:attachment":[{"href":"https:\/\/www.kommunikationsraum.at\/en\/wp-json\/wp\/v2\/media?parent=9356"}],"wp:term":[{"taxonomy":"category","embeddable":true,"href":"https:\/\/www.kommunikationsraum.at\/en\/wp-json\/wp\/v2\/categories?post=9356"},{"taxonomy":"post_tag","embeddable":true,"href":"https:\/\/www.kommunikationsraum.at\/en\/wp-json\/wp\/v2\/tags?post=9356"}],"curies":[{"name":"wp","href":"https:\/\/api.w.org\/{rel}","templated":true}]}}