{"id":9703,"date":"2024-03-12T08:58:08","date_gmt":"2024-03-12T07:58:08","guid":{"rendered":"https:\/\/www.kommunikationsraum.at\/?p=9703"},"modified":"2024-06-12T11:35:21","modified_gmt":"2024-06-12T09:35:21","slug":"whos-that-girl","status":"publish","type":"post","link":"https:\/\/www.kommunikationsraum.at\/en\/blog\/2024\/03\/whos-that-girl\/","title":{"rendered":"Who\u2019s that girl?"},"content":{"rendered":"\t\t<div data-elementor-type=\"wp-post\" data-elementor-id=\"9703\" class=\"elementor elementor-9703\">\n\t\t\t\t\t\t<div class=\"elementor-inner\">\n\t\t\t\t<div class=\"elementor-section-wrap\">\n\t\t\t\t\t\t\t\t\t<section class=\"elementor-section elementor-top-section elementor-element elementor-element-3ceae1c elementor-section-full_width elementor-section-height-default elementor-section-height-default\" data-id=\"3ceae1c\" data-element_type=\"section\">\n\t\t\t\t\t\t<div class=\"elementor-container elementor-column-gap-no\">\n\t\t\t\t\t\t\t<div class=\"elementor-row\">\n\t\t\t\t\t<aside class=\"elementor-column elementor-col-33 elementor-top-column elementor-element elementor-element-43cb067\" data-id=\"43cb067\" data-element_type=\"column\">\n\t\t\t<div class=\"elementor-column-wrap elementor-element-populated\">\n\t\t\t\t\t\t\t<div class=\"elementor-widget-wrap\">\n\t\t\t\t\t\t<div class=\"elementor-element elementor-element-72a3c21 elementor-hidden-desktop elementor-hidden-tablet elementor-widget elementor-widget-image\" data-id=\"72a3c21\" data-element_type=\"widget\" data-widget_type=\"image.default\">\n\t\t\t\t<div class=\"elementor-widget-container\">\n\t\t\t\t\t\t\t\t<div class=\"elementor-image\">\n\t\t\t\t\t\t\t\t\t\t\t\t\t<a href=\"https:\/\/www.kommunikationsraum.at\/blog\/\">\n\t\t\t\t\t\t\t<img loading=\"lazy\" decoding=\"async\" width=\"800\" height=\"600\" src=\"https:\/\/www.kommunikationsraum.at\/wp-content\/uploads\/2021\/03\/journal-800x600-1.png\" class=\"attachment-full size-full wp-image-2843\" alt=\"\" srcset=\"https:\/\/www.kommunikationsraum.at\/wp-content\/uploads\/2021\/03\/journal-800x600-1.png 800w, https:\/\/www.kommunikationsraum.at\/wp-content\/uploads\/2021\/03\/journal-800x600-1-300x225.png 300w, https:\/\/www.kommunikationsraum.at\/wp-content\/uploads\/2021\/03\/journal-800x600-1-768x576.png 768w\" sizes=\"auto, (max-width: 800px) 100vw, 800px\" \/>\t\t\t\t\t\t\t\t<\/a>\n\t\t\t\t\t\t\t\t\t\t\t\t\t\t<\/div>\n\t\t\t\t\t\t<\/div>\n\t\t\t\t<\/div>\n\t\t\t\t<div class=\"elementor-element elementor-element-acf63b3 elementor-widget elementor-widget-image\" data-id=\"acf63b3\" data-element_type=\"widget\" data-widget_type=\"image.default\">\n\t\t\t\t<div class=\"elementor-widget-container\">\n\t\t\t\t\t\t\t\t<div class=\"elementor-image\">\n\t\t\t\t\t\t\t\t\t\t\t\t<img loading=\"lazy\" decoding=\"async\" width=\"800\" height=\"600\" src=\"https:\/\/www.kommunikationsraum.at\/wp-content\/uploads\/2024\/03\/24_03_11-JOURNAL-800x600-1.jpg\" class=\"attachment-full size-full wp-image-9708\" alt=\"\" srcset=\"https:\/\/www.kommunikationsraum.at\/wp-content\/uploads\/2024\/03\/24_03_11-JOURNAL-800x600-1.jpg 800w, https:\/\/www.kommunikationsraum.at\/wp-content\/uploads\/2024\/03\/24_03_11-JOURNAL-800x600-1-300x225.jpg 300w, https:\/\/www.kommunikationsraum.at\/wp-content\/uploads\/2024\/03\/24_03_11-JOURNAL-800x600-1-768x576.jpg 768w\" sizes=\"auto, (max-width: 800px) 100vw, 800px\" \/>\t\t\t\t\t\t\t\t\t\t\t\t\t\t<\/div>\n\t\t\t\t\t\t<\/div>\n\t\t\t\t<\/div>\n\t\t\t\t\t\t<\/div>\n\t\t\t\t\t<\/div>\n\t\t<\/aside>\n\t\t\t\t<article class=\"elementor-column elementor-col-33 elementor-top-column elementor-element elementor-element-aa3524e\" data-id=\"aa3524e\" data-element_type=\"column\">\n\t\t\t<div class=\"elementor-column-wrap elementor-element-populated\">\n\t\t\t\t\t\t\t<div class=\"elementor-widget-wrap\">\n\t\t\t\t\t\t<div class=\"elementor-element elementor-element-84368b0 subpage elementor-widget elementor-widget-text-editor\" data-id=\"84368b0\" data-element_type=\"widget\" data-widget_type=\"text-editor.default\">\n\t\t\t\t<div class=\"elementor-widget-container\">\n\t\t\t\t\t\t\t\t<div class=\"elementor-text-editor elementor-clearfix\">\n\t\t\t\t<h3><strong>Who\u2019s that girl?<\/strong><\/h3>\t\t\t\t\t<\/div>\n\t\t\t\t\t\t<\/div>\n\t\t\t\t<\/div>\n\t\t\t\t<div class=\"elementor-element elementor-element-5da5599 subpage elementor-widget elementor-widget-text-editor\" data-id=\"5da5599\" data-element_type=\"widget\" data-widget_type=\"text-editor.default\">\n\t\t\t\t<div class=\"elementor-widget-container\">\n\t\t\t\t\t\t\t\t<div class=\"elementor-text-editor elementor-clearfix\">\n\t\t\t\t<h4>Eine Hommage an Frauen, die ihr Leben in die Hand nehmen!<\/h4>\t\t\t\t\t<\/div>\n\t\t\t\t\t\t<\/div>\n\t\t\t\t<\/div>\n\t\t\t\t<div class=\"elementor-element elementor-element-eddc7f8 elementor-widget elementor-widget-text-editor\" data-id=\"eddc7f8\" data-element_type=\"widget\" data-widget_type=\"text-editor.default\">\n\t\t\t\t<div class=\"elementor-widget-container\">\n\t\t\t\t\t\t\t\t<div class=\"elementor-text-editor elementor-clearfix\">\n\t\t\t\t<p><a href=\"https:\/\/www.kommunikationsraum.at\/real-world\/team\/\" target=\"_blank\" rel=\"noreferrer noopener\">Bettina Pepek<\/a><\/p>\t\t\t\t\t<\/div>\n\t\t\t\t\t\t<\/div>\n\t\t\t\t<\/div>\n\t\t\t\t<div class=\"elementor-element elementor-element-e9d1aaa elementor-widget elementor-widget-text-editor\" data-id=\"e9d1aaa\" data-element_type=\"widget\" data-widget_type=\"text-editor.default\">\n\t\t\t\t<div class=\"elementor-widget-container\">\n\t\t\t\t\t\t\t\t<div class=\"elementor-text-editor elementor-clearfix\">\n\t\t\t\t<p><strong>Ein Bild, ein Name: Clementine d\u2019Orleans, 1817-1907<\/strong><\/p>\t\t\t\t\t<\/div>\n\t\t\t\t\t\t<\/div>\n\t\t\t\t<\/div>\n\t\t\t\t<div class=\"elementor-element elementor-element-6f9b9de elementor-widget elementor-widget-text-editor\" data-id=\"6f9b9de\" data-element_type=\"widget\" data-widget_type=\"text-editor.default\">\n\t\t\t\t<div class=\"elementor-widget-container\">\n\t\t\t\t\t\t\t\t<div class=\"elementor-text-editor elementor-clearfix\">\n\t\t\t\t<p>Im Wiener Palais Coburg, dessen erste Bewohnerin und Gestalterin sie war, war ihr zuletzt sogar eine eigene, sehenswerte Ausstellung gewidmet. Sie, deren Beiname u.a. auch die <em>Medici der Coburgs<\/em> und <em>B<\/em><em>ismarcks Schlaflosigkeit <\/em>war, f\u00fchrte fast neunzig Jahre lang ein faszinierendes Leben: als Tochter eines franz\u00f6sischen K\u00f6nigs erlebte sie Revolution und Exil, den rasanten technischen Fortschritt und den Beginn einer neuen Zeit, der Moderne. Eine selbstbewusste Netzwerkerin, die die Bedeutung der neuen Medien (Fotografie, Zeitungen) erkennt und deren M\u00f6glichkeiten klug n\u00fctzt, um Einfluss zu gewinnen. Sie ebnete vor allem auch den Weg f\u00fcr eine neue Medizin, die das Leben aller Frauen ver\u00e4nderte &#8211; die Gyn\u00e4kologie. Und ihr selbst mit \u00fcber vierzig noch ein viertes, gesundes Kind bescherte. Mit fast siebzig Jahren wechselt sie in die erste Reihe der europ\u00e4ischen Politik und gr\u00fcndet ein neues K\u00f6nigshaus f\u00fcr das damals noch junge Bulgarien mit ihrem Sohn an der Spitze.<\/p>\t\t\t\t\t<\/div>\n\t\t\t\t\t\t<\/div>\n\t\t\t\t<\/div>\n\t\t\t\t<div class=\"elementor-element elementor-element-c0df139 elementor-widget elementor-widget-text-editor\" data-id=\"c0df139\" data-element_type=\"widget\" data-widget_type=\"text-editor.default\">\n\t\t\t\t<div class=\"elementor-widget-container\">\n\t\t\t\t\t\t\t\t<div class=\"elementor-text-editor elementor-clearfix\">\n\t\t\t\t<p>Kurzum \u2013 eine Frau, die ihr Schicksal selbst in die Hand nahm. Beg\u00fctert von Geburt und eingebettet in die h\u00f6chste gesellschaftliche Schicht, nimmt sie nichts f\u00fcr selbstverst\u00e4ndlich, stattdessen k\u00e4mpft sie standesbewusst um ihre k\u00f6nigliche Herkunft (sie ringt bspw. dem \u00f6sterreichischen Kaiser \u2013 die Anrede als <em>K\u00f6nigliche Hoheit<\/em> ab, was ihr auch den Beinamen <em>Schreckgespenst des Kaisers<\/em> einbrachte). Sie, das, was wir heute wohl eine weitsichtige, umsetzungsstarke Managerin, Netzwerkerin und Influencerin nennen w\u00fcrden.<\/p>\t\t\t\t\t<\/div>\n\t\t\t\t\t\t<\/div>\n\t\t\t\t<\/div>\n\t\t\t\t<div class=\"elementor-element elementor-element-ac7801e elementor-widget elementor-widget-text-editor\" data-id=\"ac7801e\" data-element_type=\"widget\" data-widget_type=\"text-editor.default\">\n\t\t\t\t<div class=\"elementor-widget-container\">\n\t\t\t\t\t\t\t\t<div class=\"elementor-text-editor elementor-clearfix\">\n\t\t\t\t<p>Womit wir beim Hier und Jetzt sind: Starke Frauen der Gegenwart, die ihr Leben in die Hand nehmen, und Rollenvielfalt gestalten \u2013 als Unternehmerinnen, M\u00fctter, Partnerinnen, Freundinnen (\u2026)! Wie zum Beispiel Anja Schmidt, die mit explorista Pionierin f\u00fcr mehr Sichtbarkeit von Frauen im Sport ist, Maria Pernegger, (feministische) Medienanalytikerin und ganz stark im F\u00f6rdern vom weiblichen Coding-Nachwuchs, Wernetta Eberhart, die mutige Juristin, die neue Wege geht und dabei MA(E)CHTIG Gas gibt und Michaela Klement, die Kommunikatorin und Netzwerkerin aus bzw. in der Wissenschaft.<\/p>\t\t\t\t\t<\/div>\n\t\t\t\t\t\t<\/div>\n\t\t\t\t<\/div>\n\t\t\t\t<div class=\"elementor-element elementor-element-5173e34 elementor-widget elementor-widget-text-editor\" data-id=\"5173e34\" data-element_type=\"widget\" data-widget_type=\"text-editor.default\">\n\t\t\t\t<div class=\"elementor-widget-container\">\n\t\t\t\t\t\t\t\t<div class=\"elementor-text-editor elementor-clearfix\">\n\t\t\t\t<p><strong>Ihr inspiriert mich, ihr macht mein Leben reicher \u2013 happy International Women\u2019s Day 2024!<\/strong><\/p>\t\t\t\t\t<\/div>\n\t\t\t\t\t\t<\/div>\n\t\t\t\t<\/div>\n\t\t\t\t<div class=\"elementor-element elementor-element-b4e3813 elementor-widget elementor-widget-text-editor\" data-id=\"b4e3813\" data-element_type=\"widget\" data-widget_type=\"text-editor.default\">\n\t\t\t\t<div class=\"elementor-widget-container\">\n\t\t\t\t\t\t\t\t<div class=\"elementor-text-editor elementor-clearfix\">\n\t\t\t\t<p>Bettina Pepek f\u00fcr kommunikationsraum | 8. M\u00e4rz 2024<\/p>\t\t\t\t\t<\/div>\n\t\t\t\t\t\t<\/div>\n\t\t\t\t<\/div>\n\t\t\t\t\t\t<\/div>\n\t\t\t\t\t<\/div>\n\t\t<\/article>\n\t\t\t\t<aside class=\"elementor-column elementor-col-33 elementor-top-column elementor-element elementor-element-726fae6\" data-id=\"726fae6\" data-element_type=\"column\">\n\t\t\t<div class=\"elementor-column-wrap elementor-element-populated\">\n\t\t\t\t\t\t\t<div class=\"elementor-widget-wrap\">\n\t\t\t\t\t\t<div class=\"elementor-element elementor-element-8b2aefd elementor-hidden-phone elementor-widget elementor-widget-image\" data-id=\"8b2aefd\" data-element_type=\"widget\" data-widget_type=\"image.default\">\n\t\t\t\t<div class=\"elementor-widget-container\">\n\t\t\t\t\t\t\t\t<div class=\"elementor-image\">\n\t\t\t\t\t\t\t\t\t\t\t\t\t<a href=\"https:\/\/www.kommunikationsraum.at\/blog\/\">\n\t\t\t\t\t\t\t<img loading=\"lazy\" decoding=\"async\" width=\"800\" height=\"600\" src=\"https:\/\/www.kommunikationsraum.at\/wp-content\/uploads\/2021\/03\/journal-800x600-1.png\" class=\"attachment-full size-full wp-image-2843\" alt=\"\" srcset=\"https:\/\/www.kommunikationsraum.at\/wp-content\/uploads\/2021\/03\/journal-800x600-1.png 800w, https:\/\/www.kommunikationsraum.at\/wp-content\/uploads\/2021\/03\/journal-800x600-1-300x225.png 300w, https:\/\/www.kommunikationsraum.at\/wp-content\/uploads\/2021\/03\/journal-800x600-1-768x576.png 768w\" sizes=\"auto, (max-width: 800px) 100vw, 800px\" \/>\t\t\t\t\t\t\t\t<\/a>\n\t\t\t\t\t\t\t\t\t\t\t\t\t\t<\/div>\n\t\t\t\t\t\t<\/div>\n\t\t\t\t<\/div>\n\t\t\t\t<div class=\"elementor-element elementor-element-44bd265 elementor-hidden-phone elementor-widget elementor-widget-spacer\" data-id=\"44bd265\" data-element_type=\"widget\" data-widget_type=\"spacer.default\">\n\t\t\t\t<div class=\"elementor-widget-container\">\n\t\t\t\t\t<div class=\"elementor-spacer\">\n\t\t\t<div class=\"elementor-spacer-inner\"><\/div>\n\t\t<\/div>\n\t\t\t\t<\/div>\n\t\t\t\t<\/div>\n\t\t\t\t\t\t<\/div>\n\t\t\t\t\t<\/div>\n\t\t<\/aside>\n\t\t\t\t\t\t\t\t<\/div>\n\t\t\t\t\t<\/div>\n\t\t<\/section>\n\t\t\t\t\t\t\t\t\t<\/div>\n\t\t\t<\/div>\n\t\t\t\t\t<\/div>\n\t\t","protected":false},"excerpt":{"rendered":"<p>Eine Hommage an Frauen, die ihr Leben in die Hand nehmen! Ein Bild, ein Name: Clementine d\u2019Orleans, 1817-1907. Im Wiener Palais Coburg, dessen erste Bewohnerin und Gestalterin sie war, war ihr zuletzt sogar eine eigene, sehenswerte Ausstellung gewidmet. Sie, deren Beiname u.a. auch die Medici der Coburgs und Bismarcks Schlaflosigkeit war, f\u00fchrte fast neunzig Jahre lang ein faszinierendes Leben: als Tochter eines franz\u00f6sischen K\u00f6nigs erlebte sie Revolution und Exil, &#8230;<\/p>\n","protected":false},"author":2,"featured_media":9704,"comment_status":"open","ping_status":"open","sticky":false,"template":"elementor_header_footer","format":"standard","meta":{"footnotes":""},"categories":[1],"tags":[],"class_list":["post-9703","post","type-post","status-publish","format-standard","has-post-thumbnail","hentry","category-allgemein"],"yoast_head":"<!-- This site is optimized with the Yoast SEO plugin v27.2 - https:\/\/yoast.com\/product\/yoast-seo-wordpress\/ -->\n<title>Who\u2019s that girl? - Kommunikationsraum<\/title>\n<meta name=\"robots\" content=\"index, follow, max-snippet:-1, max-image-preview:large, max-video-preview:-1\" \/>\n<link rel=\"canonical\" href=\"https:\/\/www.kommunikationsraum.at\/en\/blog\/2024\/03\/whos-that-girl\/\" \/>\n<meta property=\"og:locale\" content=\"en_US\" \/>\n<meta property=\"og:type\" content=\"article\" \/>\n<meta property=\"og:title\" content=\"Who\u2019s that girl? - Kommunikationsraum\" \/>\n<meta property=\"og:description\" content=\"Eine Hommage an Frauen, die ihr Leben in die Hand nehmen! Ein Bild, ein Name: Clementine d\u2019Orleans, 1817-1907. Im Wiener Palais Coburg, dessen erste Bewohnerin und Gestalterin sie war, war ihr zuletzt sogar eine eigene, sehenswerte Ausstellung gewidmet. Sie, deren Beiname u.a. auch die Medici der Coburgs und Bismarcks Schlaflosigkeit war, f\u00fchrte fast neunzig Jahre lang ein faszinierendes Leben: als Tochter eines franz\u00f6sischen K\u00f6nigs erlebte sie Revolution und Exil, ...\" \/>\n<meta property=\"og:url\" content=\"https:\/\/www.kommunikationsraum.at\/en\/blog\/2024\/03\/whos-that-girl\/\" \/>\n<meta property=\"og:site_name\" content=\"Kommunikationsraum\" \/>\n<meta property=\"article:publisher\" content=\"https:\/\/www.facebook.com\/kommunikationsraumwien\/\" \/>\n<meta property=\"article:published_time\" content=\"2024-03-12T07:58:08+00:00\" \/>\n<meta property=\"article:modified_time\" content=\"2024-06-12T09:35:21+00:00\" \/>\n<meta property=\"og:image\" content=\"https:\/\/www.kommunikationsraum.at\/wp-content\/uploads\/2024\/03\/24_03_11-JOURNAL-800x450-1.jpg\" \/>\n\t<meta property=\"og:image:width\" content=\"800\" \/>\n\t<meta property=\"og:image:height\" content=\"450\" \/>\n\t<meta property=\"og:image:type\" content=\"image\/jpeg\" \/>\n<meta name=\"author\" content=\"Sabine Traxler\" \/>\n<meta name=\"twitter:card\" content=\"summary_large_image\" \/>\n<meta name=\"twitter:creator\" content=\"@kr_hinterland\" \/>\n<meta name=\"twitter:site\" content=\"@kr_hinterland\" \/>\n<script type=\"application\/ld+json\" class=\"yoast-schema-graph\">{\"@context\":\"https:\/\/schema.org\",\"@graph\":[{\"@type\":\"Article\",\"@id\":\"https:\/\/www.kommunikationsraum.at\/en\/blog\/2024\/03\/whos-that-girl\/#article\",\"isPartOf\":{\"@id\":\"https:\/\/www.kommunikationsraum.at\/en\/blog\/2024\/03\/whos-that-girl\/\"},\"author\":{\"name\":\"Sabine Traxler\",\"@id\":\"https:\/\/www.kommunikationsraum.at\/en\/#\/schema\/person\/040edcad1adf04fa994f04d86ea2aaaf\"},\"headline\":\"Who\u2019s that girl?\",\"datePublished\":\"2024-03-12T07:58:08+00:00\",\"dateModified\":\"2024-06-12T09:35:21+00:00\",\"mainEntityOfPage\":{\"@id\":\"https:\/\/www.kommunikationsraum.at\/en\/blog\/2024\/03\/whos-that-girl\/\"},\"wordCount\":373,\"commentCount\":0,\"image\":{\"@id\":\"https:\/\/www.kommunikationsraum.at\/en\/blog\/2024\/03\/whos-that-girl\/#primaryimage\"},\"thumbnailUrl\":\"https:\/\/www.kommunikationsraum.at\/wp-content\/uploads\/2024\/03\/24_03_11-JOURNAL-800x450-1.jpg\",\"articleSection\":[\"Allgemein\"],\"inLanguage\":\"en-US\",\"potentialAction\":[{\"@type\":\"CommentAction\",\"name\":\"Comment\",\"target\":[\"https:\/\/www.kommunikationsraum.at\/en\/blog\/2024\/03\/whos-that-girl\/#respond\"]}]},{\"@type\":\"WebPage\",\"@id\":\"https:\/\/www.kommunikationsraum.at\/en\/blog\/2024\/03\/whos-that-girl\/\",\"url\":\"https:\/\/www.kommunikationsraum.at\/en\/blog\/2024\/03\/whos-that-girl\/\",\"name\":\"Who\u2019s that girl? - Kommunikationsraum\",\"isPartOf\":{\"@id\":\"https:\/\/www.kommunikationsraum.at\/en\/#website\"},\"primaryImageOfPage\":{\"@id\":\"https:\/\/www.kommunikationsraum.at\/en\/blog\/2024\/03\/whos-that-girl\/#primaryimage\"},\"image\":{\"@id\":\"https:\/\/www.kommunikationsraum.at\/en\/blog\/2024\/03\/whos-that-girl\/#primaryimage\"},\"thumbnailUrl\":\"https:\/\/www.kommunikationsraum.at\/wp-content\/uploads\/2024\/03\/24_03_11-JOURNAL-800x450-1.jpg\",\"datePublished\":\"2024-03-12T07:58:08+00:00\",\"dateModified\":\"2024-06-12T09:35:21+00:00\",\"author\":{\"@id\":\"https:\/\/www.kommunikationsraum.at\/en\/#\/schema\/person\/040edcad1adf04fa994f04d86ea2aaaf\"},\"breadcrumb\":{\"@id\":\"https:\/\/www.kommunikationsraum.at\/en\/blog\/2024\/03\/whos-that-girl\/#breadcrumb\"},\"inLanguage\":\"en-US\",\"potentialAction\":[{\"@type\":\"ReadAction\",\"target\":[\"https:\/\/www.kommunikationsraum.at\/en\/blog\/2024\/03\/whos-that-girl\/\"]}]},{\"@type\":\"ImageObject\",\"inLanguage\":\"en-US\",\"@id\":\"https:\/\/www.kommunikationsraum.at\/en\/blog\/2024\/03\/whos-that-girl\/#primaryimage\",\"url\":\"https:\/\/www.kommunikationsraum.at\/wp-content\/uploads\/2024\/03\/24_03_11-JOURNAL-800x450-1.jpg\",\"contentUrl\":\"https:\/\/www.kommunikationsraum.at\/wp-content\/uploads\/2024\/03\/24_03_11-JOURNAL-800x450-1.jpg\",\"width\":800,\"height\":450},{\"@type\":\"BreadcrumbList\",\"@id\":\"https:\/\/www.kommunikationsraum.at\/en\/blog\/2024\/03\/whos-that-girl\/#breadcrumb\",\"itemListElement\":[{\"@type\":\"ListItem\",\"position\":1,\"name\":\"Start\",\"item\":\"https:\/\/www.kommunikationsraum.at\/en\/\"},{\"@type\":\"ListItem\",\"position\":2,\"name\":\"Who\u2019s that girl?\"}]},{\"@type\":\"WebSite\",\"@id\":\"https:\/\/www.kommunikationsraum.at\/en\/#website\",\"url\":\"https:\/\/www.kommunikationsraum.at\/en\/\",\"name\":\"Kommunikationsraum\",\"description\":\"Kommunikation neu denken\",\"potentialAction\":[{\"@type\":\"SearchAction\",\"target\":{\"@type\":\"EntryPoint\",\"urlTemplate\":\"https:\/\/www.kommunikationsraum.at\/en\/?s={search_term_string}\"},\"query-input\":{\"@type\":\"PropertyValueSpecification\",\"valueRequired\":true,\"valueName\":\"search_term_string\"}}],\"inLanguage\":\"en-US\"},{\"@type\":\"Person\",\"@id\":\"https:\/\/www.kommunikationsraum.at\/en\/#\/schema\/person\/040edcad1adf04fa994f04d86ea2aaaf\",\"name\":\"Sabine Traxler\",\"url\":\"https:\/\/www.kommunikationsraum.at\/en\/blog\/author\/straxler\/\"}]}<\/script>\n<!-- \/ Yoast SEO plugin. -->","yoast_head_json":{"title":"Who\u2019s that girl? - Kommunikationsraum","robots":{"index":"index","follow":"follow","max-snippet":"max-snippet:-1","max-image-preview":"max-image-preview:large","max-video-preview":"max-video-preview:-1"},"canonical":"https:\/\/www.kommunikationsraum.at\/en\/blog\/2024\/03\/whos-that-girl\/","og_locale":"en_US","og_type":"article","og_title":"Who\u2019s that girl? - Kommunikationsraum","og_description":"Eine Hommage an Frauen, die ihr Leben in die Hand nehmen! Ein Bild, ein Name: Clementine d\u2019Orleans, 1817-1907. Im Wiener Palais Coburg, dessen erste Bewohnerin und Gestalterin sie war, war ihr zuletzt sogar eine eigene, sehenswerte Ausstellung gewidmet. Sie, deren Beiname u.a. auch die Medici der Coburgs und Bismarcks Schlaflosigkeit war, f\u00fchrte fast neunzig Jahre lang ein faszinierendes Leben: als Tochter eines franz\u00f6sischen K\u00f6nigs erlebte sie Revolution und Exil, ...","og_url":"https:\/\/www.kommunikationsraum.at\/en\/blog\/2024\/03\/whos-that-girl\/","og_site_name":"Kommunikationsraum","article_publisher":"https:\/\/www.facebook.com\/kommunikationsraumwien\/","article_published_time":"2024-03-12T07:58:08+00:00","article_modified_time":"2024-06-12T09:35:21+00:00","og_image":[{"width":800,"height":450,"url":"https:\/\/www.kommunikationsraum.at\/wp-content\/uploads\/2024\/03\/24_03_11-JOURNAL-800x450-1.jpg","type":"image\/jpeg"}],"author":"Sabine Traxler","twitter_card":"summary_large_image","twitter_creator":"@kr_hinterland","twitter_site":"@kr_hinterland","schema":{"@context":"https:\/\/schema.org","@graph":[{"@type":"Article","@id":"https:\/\/www.kommunikationsraum.at\/en\/blog\/2024\/03\/whos-that-girl\/#article","isPartOf":{"@id":"https:\/\/www.kommunikationsraum.at\/en\/blog\/2024\/03\/whos-that-girl\/"},"author":{"name":"Sabine Traxler","@id":"https:\/\/www.kommunikationsraum.at\/en\/#\/schema\/person\/040edcad1adf04fa994f04d86ea2aaaf"},"headline":"Who\u2019s that girl?","datePublished":"2024-03-12T07:58:08+00:00","dateModified":"2024-06-12T09:35:21+00:00","mainEntityOfPage":{"@id":"https:\/\/www.kommunikationsraum.at\/en\/blog\/2024\/03\/whos-that-girl\/"},"wordCount":373,"commentCount":0,"image":{"@id":"https:\/\/www.kommunikationsraum.at\/en\/blog\/2024\/03\/whos-that-girl\/#primaryimage"},"thumbnailUrl":"https:\/\/www.kommunikationsraum.at\/wp-content\/uploads\/2024\/03\/24_03_11-JOURNAL-800x450-1.jpg","articleSection":["Allgemein"],"inLanguage":"en-US","potentialAction":[{"@type":"CommentAction","name":"Comment","target":["https:\/\/www.kommunikationsraum.at\/en\/blog\/2024\/03\/whos-that-girl\/#respond"]}]},{"@type":"WebPage","@id":"https:\/\/www.kommunikationsraum.at\/en\/blog\/2024\/03\/whos-that-girl\/","url":"https:\/\/www.kommunikationsraum.at\/en\/blog\/2024\/03\/whos-that-girl\/","name":"Who\u2019s that girl? - Kommunikationsraum","isPartOf":{"@id":"https:\/\/www.kommunikationsraum.at\/en\/#website"},"primaryImageOfPage":{"@id":"https:\/\/www.kommunikationsraum.at\/en\/blog\/2024\/03\/whos-that-girl\/#primaryimage"},"image":{"@id":"https:\/\/www.kommunikationsraum.at\/en\/blog\/2024\/03\/whos-that-girl\/#primaryimage"},"thumbnailUrl":"https:\/\/www.kommunikationsraum.at\/wp-content\/uploads\/2024\/03\/24_03_11-JOURNAL-800x450-1.jpg","datePublished":"2024-03-12T07:58:08+00:00","dateModified":"2024-06-12T09:35:21+00:00","author":{"@id":"https:\/\/www.kommunikationsraum.at\/en\/#\/schema\/person\/040edcad1adf04fa994f04d86ea2aaaf"},"breadcrumb":{"@id":"https:\/\/www.kommunikationsraum.at\/en\/blog\/2024\/03\/whos-that-girl\/#breadcrumb"},"inLanguage":"en-US","potentialAction":[{"@type":"ReadAction","target":["https:\/\/www.kommunikationsraum.at\/en\/blog\/2024\/03\/whos-that-girl\/"]}]},{"@type":"ImageObject","inLanguage":"en-US","@id":"https:\/\/www.kommunikationsraum.at\/en\/blog\/2024\/03\/whos-that-girl\/#primaryimage","url":"https:\/\/www.kommunikationsraum.at\/wp-content\/uploads\/2024\/03\/24_03_11-JOURNAL-800x450-1.jpg","contentUrl":"https:\/\/www.kommunikationsraum.at\/wp-content\/uploads\/2024\/03\/24_03_11-JOURNAL-800x450-1.jpg","width":800,"height":450},{"@type":"BreadcrumbList","@id":"https:\/\/www.kommunikationsraum.at\/en\/blog\/2024\/03\/whos-that-girl\/#breadcrumb","itemListElement":[{"@type":"ListItem","position":1,"name":"Start","item":"https:\/\/www.kommunikationsraum.at\/en\/"},{"@type":"ListItem","position":2,"name":"Who\u2019s that girl?"}]},{"@type":"WebSite","@id":"https:\/\/www.kommunikationsraum.at\/en\/#website","url":"https:\/\/www.kommunikationsraum.at\/en\/","name":"Kommunikationsraum","description":"Kommunikation neu denken","potentialAction":[{"@type":"SearchAction","target":{"@type":"EntryPoint","urlTemplate":"https:\/\/www.kommunikationsraum.at\/en\/?s={search_term_string}"},"query-input":{"@type":"PropertyValueSpecification","valueRequired":true,"valueName":"search_term_string"}}],"inLanguage":"en-US"},{"@type":"Person","@id":"https:\/\/www.kommunikationsraum.at\/en\/#\/schema\/person\/040edcad1adf04fa994f04d86ea2aaaf","name":"Sabine Traxler","url":"https:\/\/www.kommunikationsraum.at\/en\/blog\/author\/straxler\/"}]}},"_links":{"self":[{"href":"https:\/\/www.kommunikationsraum.at\/en\/wp-json\/wp\/v2\/posts\/9703","targetHints":{"allow":["GET"]}}],"collection":[{"href":"https:\/\/www.kommunikationsraum.at\/en\/wp-json\/wp\/v2\/posts"}],"about":[{"href":"https:\/\/www.kommunikationsraum.at\/en\/wp-json\/wp\/v2\/types\/post"}],"author":[{"embeddable":true,"href":"https:\/\/www.kommunikationsraum.at\/en\/wp-json\/wp\/v2\/users\/2"}],"replies":[{"embeddable":true,"href":"https:\/\/www.kommunikationsraum.at\/en\/wp-json\/wp\/v2\/comments?post=9703"}],"version-history":[{"count":29,"href":"https:\/\/www.kommunikationsraum.at\/en\/wp-json\/wp\/v2\/posts\/9703\/revisions"}],"predecessor-version":[{"id":10015,"href":"https:\/\/www.kommunikationsraum.at\/en\/wp-json\/wp\/v2\/posts\/9703\/revisions\/10015"}],"wp:featuredmedia":[{"embeddable":true,"href":"https:\/\/www.kommunikationsraum.at\/en\/wp-json\/wp\/v2\/media\/9704"}],"wp:attachment":[{"href":"https:\/\/www.kommunikationsraum.at\/en\/wp-json\/wp\/v2\/media?parent=9703"}],"wp:term":[{"taxonomy":"category","embeddable":true,"href":"https:\/\/www.kommunikationsraum.at\/en\/wp-json\/wp\/v2\/categories?post=9703"},{"taxonomy":"post_tag","embeddable":true,"href":"https:\/\/www.kommunikationsraum.at\/en\/wp-json\/wp\/v2\/tags?post=9703"}],"curies":[{"name":"wp","href":"https:\/\/api.w.org\/{rel}","templated":true}]}}