{"id":9738,"date":"2024-03-24T19:59:18","date_gmt":"2024-03-24T18:59:18","guid":{"rendered":"https:\/\/www.kommunikationsraum.at\/?p=9738"},"modified":"2024-06-12T11:34:49","modified_gmt":"2024-06-12T09:34:49","slug":"entrepreneurial-esg-reporting-follows-action-und-nicht-umgekehrt","status":"publish","type":"post","link":"https:\/\/www.kommunikationsraum.at\/en\/blog\/2024\/03\/entrepreneurial-esg-reporting-follows-action-und-nicht-umgekehrt\/","title":{"rendered":"Entrepreneurial ESG"},"content":{"rendered":"\t\t<div data-elementor-type=\"wp-post\" data-elementor-id=\"9738\" class=\"elementor elementor-9738\">\n\t\t\t\t\t\t<div class=\"elementor-inner\">\n\t\t\t\t<div class=\"elementor-section-wrap\">\n\t\t\t\t\t\t\t\t\t<section class=\"elementor-section elementor-top-section elementor-element elementor-element-3ceae1c elementor-section-full_width elementor-section-height-default elementor-section-height-default\" data-id=\"3ceae1c\" data-element_type=\"section\">\n\t\t\t\t\t\t<div class=\"elementor-container elementor-column-gap-no\">\n\t\t\t\t\t\t\t<div class=\"elementor-row\">\n\t\t\t\t\t<aside class=\"elementor-column elementor-col-33 elementor-top-column elementor-element elementor-element-43cb067\" data-id=\"43cb067\" data-element_type=\"column\">\n\t\t\t<div class=\"elementor-column-wrap elementor-element-populated\">\n\t\t\t\t\t\t\t<div class=\"elementor-widget-wrap\">\n\t\t\t\t\t\t<div class=\"elementor-element elementor-element-72a3c21 elementor-hidden-desktop elementor-hidden-tablet elementor-widget elementor-widget-image\" data-id=\"72a3c21\" data-element_type=\"widget\" data-widget_type=\"image.default\">\n\t\t\t\t<div class=\"elementor-widget-container\">\n\t\t\t\t\t\t\t\t<div class=\"elementor-image\">\n\t\t\t\t\t\t\t\t\t\t\t\t\t<a href=\"https:\/\/www.kommunikationsraum.at\/blog\/\">\n\t\t\t\t\t\t\t<img loading=\"lazy\" decoding=\"async\" width=\"800\" height=\"600\" src=\"https:\/\/www.kommunikationsraum.at\/wp-content\/uploads\/2021\/03\/journal-800x600-1.png\" class=\"attachment-full size-full wp-image-2843\" alt=\"\" srcset=\"https:\/\/www.kommunikationsraum.at\/wp-content\/uploads\/2021\/03\/journal-800x600-1.png 800w, https:\/\/www.kommunikationsraum.at\/wp-content\/uploads\/2021\/03\/journal-800x600-1-300x225.png 300w, https:\/\/www.kommunikationsraum.at\/wp-content\/uploads\/2021\/03\/journal-800x600-1-768x576.png 768w\" sizes=\"auto, (max-width: 800px) 100vw, 800px\" \/>\t\t\t\t\t\t\t\t<\/a>\n\t\t\t\t\t\t\t\t\t\t\t\t\t\t<\/div>\n\t\t\t\t\t\t<\/div>\n\t\t\t\t<\/div>\n\t\t\t\t<div class=\"elementor-element elementor-element-acf63b3 elementor-widget elementor-widget-image\" data-id=\"acf63b3\" data-element_type=\"widget\" data-widget_type=\"image.default\">\n\t\t\t\t<div class=\"elementor-widget-container\">\n\t\t\t\t\t\t\t\t<div class=\"elementor-image\">\n\t\t\t\t\t\t\t\t\t\t\t\t<img loading=\"lazy\" decoding=\"async\" width=\"800\" height=\"600\" src=\"https:\/\/www.kommunikationsraum.at\/wp-content\/uploads\/2021\/03\/new-world-800x600-1.png\" class=\"attachment-full size-full wp-image-1914\" alt=\"\" srcset=\"https:\/\/www.kommunikationsraum.at\/wp-content\/uploads\/2021\/03\/new-world-800x600-1.png 800w, https:\/\/www.kommunikationsraum.at\/wp-content\/uploads\/2021\/03\/new-world-800x600-1-300x225.png 300w, https:\/\/www.kommunikationsraum.at\/wp-content\/uploads\/2021\/03\/new-world-800x600-1-768x576.png 768w\" sizes=\"auto, (max-width: 800px) 100vw, 800px\" \/>\t\t\t\t\t\t\t\t\t\t\t\t\t\t<\/div>\n\t\t\t\t\t\t<\/div>\n\t\t\t\t<\/div>\n\t\t\t\t\t\t<\/div>\n\t\t\t\t\t<\/div>\n\t\t<\/aside>\n\t\t\t\t<article class=\"elementor-column elementor-col-33 elementor-top-column elementor-element elementor-element-aa3524e\" data-id=\"aa3524e\" data-element_type=\"column\">\n\t\t\t<div class=\"elementor-column-wrap elementor-element-populated\">\n\t\t\t\t\t\t\t<div class=\"elementor-widget-wrap\">\n\t\t\t\t\t\t<div class=\"elementor-element elementor-element-84368b0 subpage elementor-widget elementor-widget-text-editor\" data-id=\"84368b0\" data-element_type=\"widget\" data-widget_type=\"text-editor.default\">\n\t\t\t\t<div class=\"elementor-widget-container\">\n\t\t\t\t\t\t\t\t<div class=\"elementor-text-editor elementor-clearfix\">\n\t\t\t\t<h3><strong>Entrepreneurial ESG<\/strong><\/h3>\t\t\t\t\t<\/div>\n\t\t\t\t\t\t<\/div>\n\t\t\t\t<\/div>\n\t\t\t\t<div class=\"elementor-element elementor-element-5da5599 subpage elementor-widget elementor-widget-text-editor\" data-id=\"5da5599\" data-element_type=\"widget\" data-widget_type=\"text-editor.default\">\n\t\t\t\t<div class=\"elementor-widget-container\">\n\t\t\t\t\t\t\t\t<div class=\"elementor-text-editor elementor-clearfix\">\n\t\t\t\t<h4>Reporting follows action. Und nicht umgekehrt!<\/h4>\t\t\t\t\t<\/div>\n\t\t\t\t\t\t<\/div>\n\t\t\t\t<\/div>\n\t\t\t\t<div class=\"elementor-element elementor-element-eddc7f8 elementor-widget elementor-widget-text-editor\" data-id=\"eddc7f8\" data-element_type=\"widget\" data-widget_type=\"text-editor.default\">\n\t\t\t\t<div class=\"elementor-widget-container\">\n\t\t\t\t\t\t\t\t<div class=\"elementor-text-editor elementor-clearfix\">\n\t\t\t\t<p><a href=\"https:\/\/www.kommunikationsraum.at\/real-world\/team\/\" target=\"_blank\" rel=\"noreferrer noopener\">Bettina Pepek<\/a><\/p>\t\t\t\t\t<\/div>\n\t\t\t\t\t\t<\/div>\n\t\t\t\t<\/div>\n\t\t\t\t<div class=\"elementor-element elementor-element-6f9b9de elementor-widget elementor-widget-text-editor\" data-id=\"6f9b9de\" data-element_type=\"widget\" data-widget_type=\"text-editor.default\">\n\t\t\t\t<div class=\"elementor-widget-container\">\n\t\t\t\t\t\t\t\t<div class=\"elementor-text-editor elementor-clearfix\">\n\t\t\t\t<p><strong>Zukunftsf\u00e4hige Organisationen begreifen Regularien als Chance f\u00fcr langfristigen unternehmerischen Erfolg statt sich ausschlie\u00dflich im Reporting zu verzetteln. Sie entwickeln kraftvolle, kluge Narrative anstelle von ideologischem Botschaften-Aktivismus UND sie sind so gebaut, dass ihre Strukturen notwendiges neues Verhalten unterst\u00fctzen und navigieren erm\u00f6glichen.<\/strong><\/p>\t\t\t\t\t<\/div>\n\t\t\t\t\t\t<\/div>\n\t\t\t\t<\/div>\n\t\t\t\t<div class=\"elementor-element elementor-element-1acf065 elementor-widget elementor-widget-text-editor\" data-id=\"1acf065\" data-element_type=\"widget\" data-widget_type=\"text-editor.default\">\n\t\t\t\t<div class=\"elementor-widget-container\">\n\t\t\t\t\t\t\t\t<div class=\"elementor-text-editor elementor-clearfix\">\n\t\t\t\t<p>\u201eWir stehen vor der gr\u00f6\u00dften Transformation der Wirtschaft in der Geschichte. Nicht alle haben die Lage begriffen\u201c, formulierte es j\u00fcngst Stefan Schaible vom Beratungsunternehmen Roland Berger in einem <a href=\"https:\/\/www.n-tv.de\/wirtschaft\/Roland-Berger-Chef-sieht-bisher-groessten-Wirtschaftsumbruch-article24788710.html\" target=\"_blank\" rel=\"noopener\">Interview<\/a>.<\/p>\t\t\t\t\t<\/div>\n\t\t\t\t\t\t<\/div>\n\t\t\t\t<\/div>\n\t\t\t\t<div class=\"elementor-element elementor-element-15051ff elementor-widget elementor-widget-text-editor\" data-id=\"15051ff\" data-element_type=\"widget\" data-widget_type=\"text-editor.default\">\n\t\t\t\t<div class=\"elementor-widget-container\">\n\t\t\t\t\t\t\t\t<div class=\"elementor-text-editor elementor-clearfix\">\n\t\t\t\t<p>Die Politik gibt mit dem Green Deal den Rahmen f\u00fcr eine Wirtschaft und Gesellschaft vor, die People, Planet und Prosperity in den Mittelpunkt stellt. Die Idee dahinter ist Nachhaltigkeit als Werttreiber f\u00fcr Stake- und Shareholder zu verstehen und nicht als Erf\u00fcllung von Berichterstattungspflichten.<\/p>\t\t\t\t\t<\/div>\n\t\t\t\t\t\t<\/div>\n\t\t\t\t<\/div>\n\t\t\t\t<div class=\"elementor-element elementor-element-c0df139 elementor-widget elementor-widget-text-editor\" data-id=\"c0df139\" data-element_type=\"widget\" data-widget_type=\"text-editor.default\">\n\t\t\t\t<div class=\"elementor-widget-container\">\n\t\t\t\t\t\t\t\t<div class=\"elementor-text-editor elementor-clearfix\">\n\t\t\t\t<p>Gemeinsam mit Cordula Meckenstock, ESG- und Compliance-Expertin, werfen wir daher im Rahmen unseres <a href=\"https:\/\/www.kommunikationsraum.at\/real-world\/brightearly\/\" target=\"_blank\" rel=\"noopener\">Bright&amp;Early-Fr\u00fchst\u00fcckformats<\/a> einen Blick auf Perspektiven, den Rechtsrahmen und die Herausforderung f\u00fcr Kommunikation und Organisationsentwicklung. Eine Dringlichkeit ist insofern geboten, als 2025 die ersten Berichte nach der CSRD (Corporate Sustainability Reporting Directive) vorliegen m\u00fcssen bzw. f\u00fcr Unternehmen, die bisher noch nicht berichten mussten, ab 2026.<\/p>\t\t\t\t\t<\/div>\n\t\t\t\t\t\t<\/div>\n\t\t\t\t<\/div>\n\t\t\t\t<div class=\"elementor-element elementor-element-ac7801e elementor-widget elementor-widget-text-editor\" data-id=\"ac7801e\" data-element_type=\"widget\" data-widget_type=\"text-editor.default\">\n\t\t\t\t<div class=\"elementor-widget-container\">\n\t\t\t\t\t\t\t\t<div class=\"elementor-text-editor elementor-clearfix\">\n\t\t\t\t<p>Wichtigste Elemente eines Wert-schaffenden ESG-Programmes sind eine saubere strategische Positionierung, ein Narrativ zu den wesentlichen ESG-Handlungsfeldern und eine begleitende Organisationsentwicklung, die die Adaptivit\u00e4t der Unternehmensstrukturen sicherstellt.<\/p>\t\t\t\t\t<\/div>\n\t\t\t\t\t\t<\/div>\n\t\t\t\t<\/div>\n\t\t\t\t<div class=\"elementor-element elementor-element-5173e34 elementor-widget elementor-widget-text-editor\" data-id=\"5173e34\" data-element_type=\"widget\" data-widget_type=\"text-editor.default\">\n\t\t\t\t<div class=\"elementor-widget-container\">\n\t\t\t\t\t\t\t\t<div class=\"elementor-text-editor elementor-clearfix\">\n\t\t\t\t<p><strong>Saubere Positionierung<\/strong><\/p>\t\t\t\t\t<\/div>\n\t\t\t\t\t\t<\/div>\n\t\t\t\t<\/div>\n\t\t\t\t<div class=\"elementor-element elementor-element-43c11f6 elementor-widget elementor-widget-text-editor\" data-id=\"43c11f6\" data-element_type=\"widget\" data-widget_type=\"text-editor.default\">\n\t\t\t\t<div class=\"elementor-widget-container\">\n\t\t\t\t\t\t\t\t<div class=\"elementor-text-editor elementor-clearfix\">\n\t\t\t\t<p>Die ESG-Strategie ist Teil der Unternehmensstrategie. Endg\u00fcltig vorbei jene Zeiten, in welchen CSR-Abteilungen ein vom Unternehmenszweck entkoppeltes Dasein f\u00fchren, das f\u00fcr Preiseinreichungen und einzelne Publikationen zust\u00e4ndig ist. Klar definierte Handlungsfelder, abgeleitet aus der <a href=\"https:\/\/media-publications.bcg.com\/New-Double-Materiality-Assessment-final-21.02.23.pdf\" target=\"_blank\" rel=\"noopener\">Wesentlichkeitsanalyse<\/a>, stellen sicher, dass Unternehmen einen strategischen Kurs festlegen, der die Perspektive der Stakeholder erfasst und Priorit\u00e4ten f\u00fcr (k\u00fcnftige) Investitionen und Ressourcen aufzeigt. Anstatt sich also im Reporting zu verlieren, geht es darum unternehmerisch zu denken und zu handeln. Was folgt ist die Berichterstattung. In dieser Reihenfolge.<\/p>\t\t\t\t\t<\/div>\n\t\t\t\t\t\t<\/div>\n\t\t\t\t<\/div>\n\t\t\t\t<div class=\"elementor-element elementor-element-5eca506 elementor-widget elementor-widget-text-editor\" data-id=\"5eca506\" data-element_type=\"widget\" data-widget_type=\"text-editor.default\">\n\t\t\t\t<div class=\"elementor-widget-container\">\n\t\t\t\t\t\t\t\t<div class=\"elementor-text-editor elementor-clearfix\">\n\t\t\t\t<p><strong>Kluge Kommunikation<\/strong><\/p>\t\t\t\t\t<\/div>\n\t\t\t\t\t\t<\/div>\n\t\t\t\t<\/div>\n\t\t\t\t<div class=\"elementor-element elementor-element-634b594 elementor-widget elementor-widget-text-editor\" data-id=\"634b594\" data-element_type=\"widget\" data-widget_type=\"text-editor.default\">\n\t\t\t\t<div class=\"elementor-widget-container\">\n\t\t\t\t\t\t\t\t<div class=\"elementor-text-editor elementor-clearfix\">\n\t\t\t\t<p>Es geht schon l\u00e4nger nicht mehr nur darum, in der Unternehmenskommunikation dar\u00fcber zu berichten, WAS ein Unternehmen macht, stattdessen wird mehr und mehr das WIE nachgefragt: Gesellschaftliche Akzeptanz und Legitimation, Vertrauen der Gesch\u00e4ftspartner Loyalit\u00e4t der Mitarbeiterinnen, Glaubw\u00fcrdigkeit bei Investoren und die Bereitschaft von Konsumentinnen (mehr) zu bezahlen h\u00e4ngen vom Unternehmensverhalten und dem Business Modell ab.<\/p>\t\t\t\t\t<\/div>\n\t\t\t\t\t\t<\/div>\n\t\t\t\t<\/div>\n\t\t\t\t<div class=\"elementor-element elementor-element-d543ed6 elementor-widget elementor-widget-text-editor\" data-id=\"d543ed6\" data-element_type=\"widget\" data-widget_type=\"text-editor.default\">\n\t\t\t\t<div class=\"elementor-widget-container\">\n\t\t\t\t\t\t\t\t<div class=\"elementor-text-editor elementor-clearfix\">\n\t\t\t\t<p>Dahingehend wirksame Kommunikation findet Zug\u00e4nge, die im Idealfall die Aufnahme von Kommunikationsinhalten maximieren, indem sie Aufmerksamkeit f\u00f6rdern, Orientierung gibt und zu mehr Klarheit beitr\u00e4gt. Drei Bausteine sind daf\u00fcr unerl\u00e4sslich: Ein Frame, der Orientierung gibt, ein Narrativ, das kontextualisiert, und Botschaften, die wirken. Und dazu investieren wir im kommunikationsraum weniger in Technologien als vielmehr in <strong>Kreativit\u00e4t<\/strong>! Kommunikationsl\u00f6sungen, die nachhaltig erfolgreich wirken, enthalten kreative Substanz \u2013 <a href=\"https:\/\/www.kommunikationsraum.at\/real-world\/about\/\" target=\"_blank\" rel=\"noopener\">creative enhancement<\/a>.<\/p>\t\t\t\t\t<\/div>\n\t\t\t\t\t\t<\/div>\n\t\t\t\t<\/div>\n\t\t\t\t<div class=\"elementor-element elementor-element-1522263 elementor-widget elementor-widget-text-editor\" data-id=\"1522263\" data-element_type=\"widget\" data-widget_type=\"text-editor.default\">\n\t\t\t\t<div class=\"elementor-widget-container\">\n\t\t\t\t\t\t\t\t<div class=\"elementor-text-editor elementor-clearfix\">\n\t\t\t\t<p><strong>Adaptive Organisationsstrukturen<\/strong><\/p>\t\t\t\t\t<\/div>\n\t\t\t\t\t\t<\/div>\n\t\t\t\t<\/div>\n\t\t\t\t<div class=\"elementor-element elementor-element-1fec82a elementor-widget elementor-widget-text-editor\" data-id=\"1fec82a\" data-element_type=\"widget\" data-widget_type=\"text-editor.default\">\n\t\t\t\t<div class=\"elementor-widget-container\">\n\t\t\t\t\t\t\t\t<div class=\"elementor-text-editor elementor-clearfix\">\n\t\t\t\t<p>Im aktuellen Bericht des Zukunftsinstituts zur <a href=\"https:\/\/shop.zukunftsinstitut.de\/13-Trends-fur-die-Zukunft-der-Arbeit-p594529080\" target=\"_blank\" rel=\"noopener\">Zukunft der Arbeit<\/a> beansprucht \u201eDealing with Regulations\u201c ein eigenes Kapitel: \u201eEs geht darum, regulatorische Anforderungen als Chance zu begreifen, um Vertrauen zu schaffen, Innovationen voranzutreiben und langfristig erfolgreich zu sein. Zukunftsf\u00e4hige Organisationen verstehen regulatorische Vorgaben und navigieren geschickt durch sie hindurch.\u201c<\/p>\t\t\t\t\t<\/div>\n\t\t\t\t\t\t<\/div>\n\t\t\t\t<\/div>\n\t\t\t\t<div class=\"elementor-element elementor-element-6764c9c elementor-widget elementor-widget-text-editor\" data-id=\"6764c9c\" data-element_type=\"widget\" data-widget_type=\"text-editor.default\">\n\t\t\t\t<div class=\"elementor-widget-container\">\n\t\t\t\t\t\t\t\t<div class=\"elementor-text-editor elementor-clearfix\">\n\t\t\t\t<p>Was macht eine zukunftsf\u00e4hige Organisation daher (auch) aus? Sie muss so gebaut sein, dass sie in der Lage ist, Navigation m\u00f6glich zu machen. Ein <a href=\"https:\/\/www.kommunikationsraum.at\/new-world\/\" target=\"_blank\" rel=\"noopener\">Organisationsdesign<\/a>, das Strukturen, Prozesse und Systeme schafft, die als handlungsleitende Pr\u00e4missen den Aktivit\u00e4ten in der Organisation Form und Richtung geben.<\/p>\t\t\t\t\t<\/div>\n\t\t\t\t\t\t<\/div>\n\t\t\t\t<\/div>\n\t\t\t\t<div class=\"elementor-element elementor-element-b5647e0 elementor-widget elementor-widget-text-editor\" data-id=\"b5647e0\" data-element_type=\"widget\" data-widget_type=\"text-editor.default\">\n\t\t\t\t<div class=\"elementor-widget-container\">\n\t\t\t\t\t\t\t\t<div class=\"elementor-text-editor elementor-clearfix\">\n\t\t\t\t<p>Daraus folgen klare Rollen und Verantwortlichkeiten von Gesch\u00e4ftsf\u00fchrung und Aufsichtsgremien in z.B. einer \u201cESG\/Sustainability Charter\u201d:<\/p>\t\t\t\t\t<\/div>\n\t\t\t\t\t\t<\/div>\n\t\t\t\t<\/div>\n\t\t\t\t<div class=\"elementor-element elementor-element-9f15e5d elementor-widget elementor-widget-text-editor\" data-id=\"9f15e5d\" data-element_type=\"widget\" data-widget_type=\"text-editor.default\">\n\t\t\t\t<div class=\"elementor-widget-container\">\n\t\t\t\t\t\t\t\t<div class=\"elementor-text-editor elementor-clearfix\">\n\t\t\t\t<p>Gesch\u00e4ftsf\u00fchrung und Aufsichtsgremien fungieren als Ankergremien, zus\u00e4tzlich wird ein cross-funktionales <strong>ESG\/Sustainability Board <\/strong>etabliert mit <strong>folgenden Eigenschaften<\/strong>:<\/p><ul><li>Senior Executives mit operativer Verantwortung<\/li><li>B\u00fcndelung der unternehmensinternen Top-F\u00fchrungskr\u00e4fte f\u00fcr alle strategischen ESG-Themen<\/li><li>Mandat f\u00fcr das Erarbeiten von strategischen, operativen und Budget-relevanten Vorschl\u00e4gen f\u00fcr Letztentscheidung von Aufsichtsgremien und Gesch\u00e4ftsf\u00fchrung<\/li><li>Ausbildung von breiter ESG-Expertise auf Topmanagement-Niveau<\/li><\/ul>\t\t\t\t\t<\/div>\n\t\t\t\t\t\t<\/div>\n\t\t\t\t<\/div>\n\t\t\t\t<div class=\"elementor-element elementor-element-9959e67 elementor-widget elementor-widget-text-editor\" data-id=\"9959e67\" data-element_type=\"widget\" data-widget_type=\"text-editor.default\">\n\t\t\t\t<div class=\"elementor-widget-container\">\n\t\t\t\t\t\t\t\t<div class=\"elementor-text-editor elementor-clearfix\">\n\t\t\t\t<p>Der Nutzen einer klaren und breit kommunizierten ESG-Strategie liegt auf der Hand:<\/p><ul><li>Klare Positionierung gegen\u00fcber Kunden, Zulieferern, Mitarbeitern, dem Kapitalmarkt und der lokalen Gemeinschaft<\/li><li>Das Thema \u201cESG\u201d strategisch angehen; nicht von Regulierung \u201cgetrieben\u201d sein<\/li><li>Erarbeiten einer \u201cFrontrunner\u201d-Stellung, die zur Differenzierung im Markt dient<\/li><li>Strategische Integration tr\u00e4gt zu Innovation, Transformation und Wertsch\u00f6pfung bei<\/li><li>Erwartungshaltung von Stakeholdern wird aktiv gemanagt<\/li><li>Unternehmerisch sinnvoller Ressourceneinsatz durch mittelfristige strategische Planung<\/li><li>Vermeidung von kurzfristigen \u201dSchnellsch\u00fcssen\u201d und teurem Beratereinsatz<\/li><\/ul>\t\t\t\t\t<\/div>\n\t\t\t\t\t\t<\/div>\n\t\t\t\t<\/div>\n\t\t\t\t<div class=\"elementor-element elementor-element-b4e3813 elementor-widget elementor-widget-text-editor\" data-id=\"b4e3813\" data-element_type=\"widget\" data-widget_type=\"text-editor.default\">\n\t\t\t\t<div class=\"elementor-widget-container\">\n\t\t\t\t\t\t\t\t<div class=\"elementor-text-editor elementor-clearfix\">\n\t\t\t\t<p><strong>Bettina Pepek f\u00fcr kommunikationsraum GmbH | M\u00e4rz 2024<\/strong><\/p>\t\t\t\t\t<\/div>\n\t\t\t\t\t\t<\/div>\n\t\t\t\t<\/div>\n\t\t\t\t\t\t<\/div>\n\t\t\t\t\t<\/div>\n\t\t<\/article>\n\t\t\t\t<aside class=\"elementor-column elementor-col-33 elementor-top-column elementor-element elementor-element-726fae6\" data-id=\"726fae6\" data-element_type=\"column\">\n\t\t\t<div class=\"elementor-column-wrap elementor-element-populated\">\n\t\t\t\t\t\t\t<div class=\"elementor-widget-wrap\">\n\t\t\t\t\t\t<div class=\"elementor-element elementor-element-8b2aefd elementor-hidden-phone elementor-widget elementor-widget-image\" data-id=\"8b2aefd\" data-element_type=\"widget\" data-widget_type=\"image.default\">\n\t\t\t\t<div class=\"elementor-widget-container\">\n\t\t\t\t\t\t\t\t<div class=\"elementor-image\">\n\t\t\t\t\t\t\t\t\t\t\t\t\t<a href=\"https:\/\/www.kommunikationsraum.at\/blog\/\">\n\t\t\t\t\t\t\t<img loading=\"lazy\" decoding=\"async\" width=\"800\" height=\"600\" src=\"https:\/\/www.kommunikationsraum.at\/wp-content\/uploads\/2021\/03\/journal-800x600-1.png\" class=\"attachment-full size-full wp-image-2843\" alt=\"\" srcset=\"https:\/\/www.kommunikationsraum.at\/wp-content\/uploads\/2021\/03\/journal-800x600-1.png 800w, https:\/\/www.kommunikationsraum.at\/wp-content\/uploads\/2021\/03\/journal-800x600-1-300x225.png 300w, https:\/\/www.kommunikationsraum.at\/wp-content\/uploads\/2021\/03\/journal-800x600-1-768x576.png 768w\" sizes=\"auto, (max-width: 800px) 100vw, 800px\" \/>\t\t\t\t\t\t\t\t<\/a>\n\t\t\t\t\t\t\t\t\t\t\t\t\t\t<\/div>\n\t\t\t\t\t\t<\/div>\n\t\t\t\t<\/div>\n\t\t\t\t<div class=\"elementor-element elementor-element-44bd265 elementor-hidden-phone elementor-widget elementor-widget-spacer\" data-id=\"44bd265\" data-element_type=\"widget\" data-widget_type=\"spacer.default\">\n\t\t\t\t<div class=\"elementor-widget-container\">\n\t\t\t\t\t<div class=\"elementor-spacer\">\n\t\t\t<div class=\"elementor-spacer-inner\"><\/div>\n\t\t<\/div>\n\t\t\t\t<\/div>\n\t\t\t\t<\/div>\n\t\t\t\t\t\t<\/div>\n\t\t\t\t\t<\/div>\n\t\t<\/aside>\n\t\t\t\t\t\t\t\t<\/div>\n\t\t\t\t\t<\/div>\n\t\t<\/section>\n\t\t\t\t\t\t\t\t\t<\/div>\n\t\t\t<\/div>\n\t\t\t\t\t<\/div>\n\t\t","protected":false},"excerpt":{"rendered":"<p>Reporting follows action. Und nicht umgekehrt! Zukunftsf\u00e4hige Organisationen begreifen Regularien als Chance f\u00fcr langfristigen unternehmerischen Erfolg statt sich ausschlie\u00dflich im Reporting zu verzetteln. Sie entwickeln kraftvolle, kluge Narrative anstelle von ideologischem Botschaften-Aktivismus UND sie sind so gebaut, dass ihre Strukturen notwendiges neues Verhalten unterst\u00fctzen und navigieren erm\u00f6glichen.<\/p>\n","protected":false},"author":2,"featured_media":9764,"comment_status":"open","ping_status":"open","sticky":false,"template":"elementor_header_footer","format":"standard","meta":{"footnotes":""},"categories":[1],"tags":[],"class_list":["post-9738","post","type-post","status-publish","format-standard","has-post-thumbnail","hentry","category-allgemein"],"yoast_head":"<!-- This site is optimized with the Yoast SEO plugin v27.2 - https:\/\/yoast.com\/product\/yoast-seo-wordpress\/ -->\n<title>Entrepreneurial ESG - Kommunikationsraum<\/title>\n<meta name=\"robots\" content=\"index, follow, max-snippet:-1, max-image-preview:large, max-video-preview:-1\" \/>\n<link rel=\"canonical\" href=\"https:\/\/www.kommunikationsraum.at\/en\/blog\/2024\/03\/entrepreneurial-esg-reporting-follows-action-und-nicht-umgekehrt\/\" \/>\n<meta property=\"og:locale\" content=\"en_US\" \/>\n<meta property=\"og:type\" content=\"article\" \/>\n<meta property=\"og:title\" content=\"Entrepreneurial ESG - Kommunikationsraum\" \/>\n<meta property=\"og:description\" content=\"Reporting follows action. Und nicht umgekehrt! Zukunftsf\u00e4hige Organisationen begreifen Regularien als Chance f\u00fcr langfristigen unternehmerischen Erfolg statt sich ausschlie\u00dflich im Reporting zu verzetteln. Sie entwickeln kraftvolle, kluge Narrative anstelle von ideologischem Botschaften-Aktivismus UND sie sind so gebaut, dass ihre Strukturen notwendiges neues Verhalten unterst\u00fctzen und navigieren erm\u00f6glichen.\" \/>\n<meta property=\"og:url\" content=\"https:\/\/www.kommunikationsraum.at\/en\/blog\/2024\/03\/entrepreneurial-esg-reporting-follows-action-und-nicht-umgekehrt\/\" \/>\n<meta property=\"og:site_name\" content=\"Kommunikationsraum\" \/>\n<meta property=\"article:publisher\" content=\"https:\/\/www.facebook.com\/kommunikationsraumwien\/\" \/>\n<meta property=\"article:published_time\" content=\"2024-03-24T18:59:18+00:00\" \/>\n<meta property=\"article:modified_time\" content=\"2024-06-12T09:34:49+00:00\" \/>\n<meta property=\"og:image\" content=\"https:\/\/www.kommunikationsraum.at\/wp-content\/uploads\/2024\/03\/2024_03_new-world-800x450-1.png\" \/>\n\t<meta property=\"og:image:width\" content=\"800\" \/>\n\t<meta property=\"og:image:height\" content=\"450\" \/>\n\t<meta property=\"og:image:type\" content=\"image\/png\" \/>\n<meta name=\"author\" content=\"Sabine Traxler\" \/>\n<meta name=\"twitter:card\" content=\"summary_large_image\" \/>\n<meta name=\"twitter:creator\" content=\"@kr_hinterland\" \/>\n<meta name=\"twitter:site\" content=\"@kr_hinterland\" \/>\n<script type=\"application\/ld+json\" class=\"yoast-schema-graph\">{\"@context\":\"https:\/\/schema.org\",\"@graph\":[{\"@type\":\"Article\",\"@id\":\"https:\/\/www.kommunikationsraum.at\/en\/blog\/2024\/03\/entrepreneurial-esg-reporting-follows-action-und-nicht-umgekehrt\/#article\",\"isPartOf\":{\"@id\":\"https:\/\/www.kommunikationsraum.at\/en\/blog\/2024\/03\/entrepreneurial-esg-reporting-follows-action-und-nicht-umgekehrt\/\"},\"author\":{\"name\":\"Sabine Traxler\",\"@id\":\"https:\/\/www.kommunikationsraum.at\/en\/#\/schema\/person\/040edcad1adf04fa994f04d86ea2aaaf\"},\"headline\":\"Entrepreneurial ESG\",\"datePublished\":\"2024-03-24T18:59:18+00:00\",\"dateModified\":\"2024-06-12T09:34:49+00:00\",\"mainEntityOfPage\":{\"@id\":\"https:\/\/www.kommunikationsraum.at\/en\/blog\/2024\/03\/entrepreneurial-esg-reporting-follows-action-und-nicht-umgekehrt\/\"},\"wordCount\":714,\"commentCount\":0,\"image\":{\"@id\":\"https:\/\/www.kommunikationsraum.at\/en\/blog\/2024\/03\/entrepreneurial-esg-reporting-follows-action-und-nicht-umgekehrt\/#primaryimage\"},\"thumbnailUrl\":\"https:\/\/www.kommunikationsraum.at\/wp-content\/uploads\/2024\/03\/2024_03_new-world-800x450-1.png\",\"articleSection\":[\"Allgemein\"],\"inLanguage\":\"en-US\",\"potentialAction\":[{\"@type\":\"CommentAction\",\"name\":\"Comment\",\"target\":[\"https:\/\/www.kommunikationsraum.at\/en\/blog\/2024\/03\/entrepreneurial-esg-reporting-follows-action-und-nicht-umgekehrt\/#respond\"]}]},{\"@type\":\"WebPage\",\"@id\":\"https:\/\/www.kommunikationsraum.at\/en\/blog\/2024\/03\/entrepreneurial-esg-reporting-follows-action-und-nicht-umgekehrt\/\",\"url\":\"https:\/\/www.kommunikationsraum.at\/en\/blog\/2024\/03\/entrepreneurial-esg-reporting-follows-action-und-nicht-umgekehrt\/\",\"name\":\"Entrepreneurial ESG - Kommunikationsraum\",\"isPartOf\":{\"@id\":\"https:\/\/www.kommunikationsraum.at\/en\/#website\"},\"primaryImageOfPage\":{\"@id\":\"https:\/\/www.kommunikationsraum.at\/en\/blog\/2024\/03\/entrepreneurial-esg-reporting-follows-action-und-nicht-umgekehrt\/#primaryimage\"},\"image\":{\"@id\":\"https:\/\/www.kommunikationsraum.at\/en\/blog\/2024\/03\/entrepreneurial-esg-reporting-follows-action-und-nicht-umgekehrt\/#primaryimage\"},\"thumbnailUrl\":\"https:\/\/www.kommunikationsraum.at\/wp-content\/uploads\/2024\/03\/2024_03_new-world-800x450-1.png\",\"datePublished\":\"2024-03-24T18:59:18+00:00\",\"dateModified\":\"2024-06-12T09:34:49+00:00\",\"author\":{\"@id\":\"https:\/\/www.kommunikationsraum.at\/en\/#\/schema\/person\/040edcad1adf04fa994f04d86ea2aaaf\"},\"breadcrumb\":{\"@id\":\"https:\/\/www.kommunikationsraum.at\/en\/blog\/2024\/03\/entrepreneurial-esg-reporting-follows-action-und-nicht-umgekehrt\/#breadcrumb\"},\"inLanguage\":\"en-US\",\"potentialAction\":[{\"@type\":\"ReadAction\",\"target\":[\"https:\/\/www.kommunikationsraum.at\/en\/blog\/2024\/03\/entrepreneurial-esg-reporting-follows-action-und-nicht-umgekehrt\/\"]}]},{\"@type\":\"ImageObject\",\"inLanguage\":\"en-US\",\"@id\":\"https:\/\/www.kommunikationsraum.at\/en\/blog\/2024\/03\/entrepreneurial-esg-reporting-follows-action-und-nicht-umgekehrt\/#primaryimage\",\"url\":\"https:\/\/www.kommunikationsraum.at\/wp-content\/uploads\/2024\/03\/2024_03_new-world-800x450-1.png\",\"contentUrl\":\"https:\/\/www.kommunikationsraum.at\/wp-content\/uploads\/2024\/03\/2024_03_new-world-800x450-1.png\",\"width\":800,\"height\":450},{\"@type\":\"BreadcrumbList\",\"@id\":\"https:\/\/www.kommunikationsraum.at\/en\/blog\/2024\/03\/entrepreneurial-esg-reporting-follows-action-und-nicht-umgekehrt\/#breadcrumb\",\"itemListElement\":[{\"@type\":\"ListItem\",\"position\":1,\"name\":\"Start\",\"item\":\"https:\/\/www.kommunikationsraum.at\/en\/\"},{\"@type\":\"ListItem\",\"position\":2,\"name\":\"Entrepreneurial ESG\"}]},{\"@type\":\"WebSite\",\"@id\":\"https:\/\/www.kommunikationsraum.at\/en\/#website\",\"url\":\"https:\/\/www.kommunikationsraum.at\/en\/\",\"name\":\"Kommunikationsraum\",\"description\":\"Kommunikation neu denken\",\"potentialAction\":[{\"@type\":\"SearchAction\",\"target\":{\"@type\":\"EntryPoint\",\"urlTemplate\":\"https:\/\/www.kommunikationsraum.at\/en\/?s={search_term_string}\"},\"query-input\":{\"@type\":\"PropertyValueSpecification\",\"valueRequired\":true,\"valueName\":\"search_term_string\"}}],\"inLanguage\":\"en-US\"},{\"@type\":\"Person\",\"@id\":\"https:\/\/www.kommunikationsraum.at\/en\/#\/schema\/person\/040edcad1adf04fa994f04d86ea2aaaf\",\"name\":\"Sabine Traxler\",\"url\":\"https:\/\/www.kommunikationsraum.at\/en\/blog\/author\/straxler\/\"}]}<\/script>\n<!-- \/ Yoast SEO plugin. -->","yoast_head_json":{"title":"Entrepreneurial ESG - Kommunikationsraum","robots":{"index":"index","follow":"follow","max-snippet":"max-snippet:-1","max-image-preview":"max-image-preview:large","max-video-preview":"max-video-preview:-1"},"canonical":"https:\/\/www.kommunikationsraum.at\/en\/blog\/2024\/03\/entrepreneurial-esg-reporting-follows-action-und-nicht-umgekehrt\/","og_locale":"en_US","og_type":"article","og_title":"Entrepreneurial ESG - Kommunikationsraum","og_description":"Reporting follows action. Und nicht umgekehrt! Zukunftsf\u00e4hige Organisationen begreifen Regularien als Chance f\u00fcr langfristigen unternehmerischen Erfolg statt sich ausschlie\u00dflich im Reporting zu verzetteln. Sie entwickeln kraftvolle, kluge Narrative anstelle von ideologischem Botschaften-Aktivismus UND sie sind so gebaut, dass ihre Strukturen notwendiges neues Verhalten unterst\u00fctzen und navigieren erm\u00f6glichen.","og_url":"https:\/\/www.kommunikationsraum.at\/en\/blog\/2024\/03\/entrepreneurial-esg-reporting-follows-action-und-nicht-umgekehrt\/","og_site_name":"Kommunikationsraum","article_publisher":"https:\/\/www.facebook.com\/kommunikationsraumwien\/","article_published_time":"2024-03-24T18:59:18+00:00","article_modified_time":"2024-06-12T09:34:49+00:00","og_image":[{"width":800,"height":450,"url":"https:\/\/www.kommunikationsraum.at\/wp-content\/uploads\/2024\/03\/2024_03_new-world-800x450-1.png","type":"image\/png"}],"author":"Sabine Traxler","twitter_card":"summary_large_image","twitter_creator":"@kr_hinterland","twitter_site":"@kr_hinterland","schema":{"@context":"https:\/\/schema.org","@graph":[{"@type":"Article","@id":"https:\/\/www.kommunikationsraum.at\/en\/blog\/2024\/03\/entrepreneurial-esg-reporting-follows-action-und-nicht-umgekehrt\/#article","isPartOf":{"@id":"https:\/\/www.kommunikationsraum.at\/en\/blog\/2024\/03\/entrepreneurial-esg-reporting-follows-action-und-nicht-umgekehrt\/"},"author":{"name":"Sabine Traxler","@id":"https:\/\/www.kommunikationsraum.at\/en\/#\/schema\/person\/040edcad1adf04fa994f04d86ea2aaaf"},"headline":"Entrepreneurial ESG","datePublished":"2024-03-24T18:59:18+00:00","dateModified":"2024-06-12T09:34:49+00:00","mainEntityOfPage":{"@id":"https:\/\/www.kommunikationsraum.at\/en\/blog\/2024\/03\/entrepreneurial-esg-reporting-follows-action-und-nicht-umgekehrt\/"},"wordCount":714,"commentCount":0,"image":{"@id":"https:\/\/www.kommunikationsraum.at\/en\/blog\/2024\/03\/entrepreneurial-esg-reporting-follows-action-und-nicht-umgekehrt\/#primaryimage"},"thumbnailUrl":"https:\/\/www.kommunikationsraum.at\/wp-content\/uploads\/2024\/03\/2024_03_new-world-800x450-1.png","articleSection":["Allgemein"],"inLanguage":"en-US","potentialAction":[{"@type":"CommentAction","name":"Comment","target":["https:\/\/www.kommunikationsraum.at\/en\/blog\/2024\/03\/entrepreneurial-esg-reporting-follows-action-und-nicht-umgekehrt\/#respond"]}]},{"@type":"WebPage","@id":"https:\/\/www.kommunikationsraum.at\/en\/blog\/2024\/03\/entrepreneurial-esg-reporting-follows-action-und-nicht-umgekehrt\/","url":"https:\/\/www.kommunikationsraum.at\/en\/blog\/2024\/03\/entrepreneurial-esg-reporting-follows-action-und-nicht-umgekehrt\/","name":"Entrepreneurial ESG - Kommunikationsraum","isPartOf":{"@id":"https:\/\/www.kommunikationsraum.at\/en\/#website"},"primaryImageOfPage":{"@id":"https:\/\/www.kommunikationsraum.at\/en\/blog\/2024\/03\/entrepreneurial-esg-reporting-follows-action-und-nicht-umgekehrt\/#primaryimage"},"image":{"@id":"https:\/\/www.kommunikationsraum.at\/en\/blog\/2024\/03\/entrepreneurial-esg-reporting-follows-action-und-nicht-umgekehrt\/#primaryimage"},"thumbnailUrl":"https:\/\/www.kommunikationsraum.at\/wp-content\/uploads\/2024\/03\/2024_03_new-world-800x450-1.png","datePublished":"2024-03-24T18:59:18+00:00","dateModified":"2024-06-12T09:34:49+00:00","author":{"@id":"https:\/\/www.kommunikationsraum.at\/en\/#\/schema\/person\/040edcad1adf04fa994f04d86ea2aaaf"},"breadcrumb":{"@id":"https:\/\/www.kommunikationsraum.at\/en\/blog\/2024\/03\/entrepreneurial-esg-reporting-follows-action-und-nicht-umgekehrt\/#breadcrumb"},"inLanguage":"en-US","potentialAction":[{"@type":"ReadAction","target":["https:\/\/www.kommunikationsraum.at\/en\/blog\/2024\/03\/entrepreneurial-esg-reporting-follows-action-und-nicht-umgekehrt\/"]}]},{"@type":"ImageObject","inLanguage":"en-US","@id":"https:\/\/www.kommunikationsraum.at\/en\/blog\/2024\/03\/entrepreneurial-esg-reporting-follows-action-und-nicht-umgekehrt\/#primaryimage","url":"https:\/\/www.kommunikationsraum.at\/wp-content\/uploads\/2024\/03\/2024_03_new-world-800x450-1.png","contentUrl":"https:\/\/www.kommunikationsraum.at\/wp-content\/uploads\/2024\/03\/2024_03_new-world-800x450-1.png","width":800,"height":450},{"@type":"BreadcrumbList","@id":"https:\/\/www.kommunikationsraum.at\/en\/blog\/2024\/03\/entrepreneurial-esg-reporting-follows-action-und-nicht-umgekehrt\/#breadcrumb","itemListElement":[{"@type":"ListItem","position":1,"name":"Start","item":"https:\/\/www.kommunikationsraum.at\/en\/"},{"@type":"ListItem","position":2,"name":"Entrepreneurial ESG"}]},{"@type":"WebSite","@id":"https:\/\/www.kommunikationsraum.at\/en\/#website","url":"https:\/\/www.kommunikationsraum.at\/en\/","name":"Kommunikationsraum","description":"Kommunikation neu denken","potentialAction":[{"@type":"SearchAction","target":{"@type":"EntryPoint","urlTemplate":"https:\/\/www.kommunikationsraum.at\/en\/?s={search_term_string}"},"query-input":{"@type":"PropertyValueSpecification","valueRequired":true,"valueName":"search_term_string"}}],"inLanguage":"en-US"},{"@type":"Person","@id":"https:\/\/www.kommunikationsraum.at\/en\/#\/schema\/person\/040edcad1adf04fa994f04d86ea2aaaf","name":"Sabine Traxler","url":"https:\/\/www.kommunikationsraum.at\/en\/blog\/author\/straxler\/"}]}},"_links":{"self":[{"href":"https:\/\/www.kommunikationsraum.at\/en\/wp-json\/wp\/v2\/posts\/9738","targetHints":{"allow":["GET"]}}],"collection":[{"href":"https:\/\/www.kommunikationsraum.at\/en\/wp-json\/wp\/v2\/posts"}],"about":[{"href":"https:\/\/www.kommunikationsraum.at\/en\/wp-json\/wp\/v2\/types\/post"}],"author":[{"embeddable":true,"href":"https:\/\/www.kommunikationsraum.at\/en\/wp-json\/wp\/v2\/users\/2"}],"replies":[{"embeddable":true,"href":"https:\/\/www.kommunikationsraum.at\/en\/wp-json\/wp\/v2\/comments?post=9738"}],"version-history":[{"count":30,"href":"https:\/\/www.kommunikationsraum.at\/en\/wp-json\/wp\/v2\/posts\/9738\/revisions"}],"predecessor-version":[{"id":10012,"href":"https:\/\/www.kommunikationsraum.at\/en\/wp-json\/wp\/v2\/posts\/9738\/revisions\/10012"}],"wp:featuredmedia":[{"embeddable":true,"href":"https:\/\/www.kommunikationsraum.at\/en\/wp-json\/wp\/v2\/media\/9764"}],"wp:attachment":[{"href":"https:\/\/www.kommunikationsraum.at\/en\/wp-json\/wp\/v2\/media?parent=9738"}],"wp:term":[{"taxonomy":"category","embeddable":true,"href":"https:\/\/www.kommunikationsraum.at\/en\/wp-json\/wp\/v2\/categories?post=9738"},{"taxonomy":"post_tag","embeddable":true,"href":"https:\/\/www.kommunikationsraum.at\/en\/wp-json\/wp\/v2\/tags?post=9738"}],"curies":[{"name":"wp","href":"https:\/\/api.w.org\/{rel}","templated":true}]}}